{"id":57074,"date":"2022-10-08T10:14:39","date_gmt":"2022-10-08T16:14:39","guid":{"rendered":"https:\/\/redsemlac.com\/semmexico\/?p=57074"},"modified":"2023-07-21T19:18:28","modified_gmt":"2023-07-22T00:18:28","slug":"opinion-cladem-manual-de-actuacion-en-materia-de-desaparicion-de-personas","status":"publish","type":"post","link":"https:\/\/redsemlac.com\/semmexico\/opinion-cladem-manual-de-actuacion-en-materia-de-desaparicion-de-personas\/","title":{"rendered":"Opini\u00f3n CLADEM| Manual de actuaci\u00f3n en materia de desaparici\u00f3n de personas"},"content":{"rendered":"\n<p class=\"wp-block-paragraph\"><strong>Alejandra Maritza Cartagena L\u00f3pez<\/strong><\/p>\n\n\n\n<p class=\"wp-block-paragraph\">SemM\u00e9xico, Guadalajara, Jalisco, 8 de octubre del 2022.- Hace un par de d\u00edas la Suprema Corte de Justicia de la Naci\u00f3n present\u00f3 el <em>Manual de Actuaci\u00f3n sobre Desaparici\u00f3n de Personas<\/em>, el cual resulta de gran relevancia frente a la problem\u00e1tica de desaparici\u00f3n de personas en el pa\u00eds. De acuerdo con datos del Registro Nacional de Personas Desaparecidas y No Localizadas, en M\u00e9xico existen 106,042 personas desaparecidas lo que evidencia la urgente necesidad de implementar de manera inmediata medidas para garantizar el derecho a no ser v\u00edctima de desaparici\u00f3n, el derecho de la persona desaparecida a ser buscada y el derecho de las familias a conocer la verdad cuya obligaci\u00f3n del Estado es la de adoptar todas las medidas necesarias para esclarecer los sucedido, as\u00ed como para localizar e identificar a las v\u00edctimas. La Comisi\u00f3n Interamericana ha tomado en cuenta que el esclarecimiento del paradero final de la v\u00edctima desaparecida permite a las y los familiares aliviar la angustia y sufrimiento causados por la incertidumbre respecto del destino de su familiar desaparecido\/a.<\/p>\n\n\n\n<p class=\"wp-block-paragraph\">El ministro presidente Arturo Zald\u00edvar se\u00f1ala que el Manual se ha desarrollado como una herramienta que otorga un enfoque especializado, diferenciado e integral sobre el fen\u00f3meno de la desaparici\u00f3n de personas, , con el que las personas juzgadoras podr\u00e1n adquirir los conocimientos necesarios para la resoluci\u00f3n de casos de desaparici\u00f3n, reconociendo de los derechos de las v\u00edctimas directas y de sus familiares, priorizando la b\u00fasqueda del derecho a la verdad, a la justicia, memoria y la reparaci\u00f3n integral.<\/p>\n\n\n\n<p class=\"wp-block-paragraph\">A trav\u00e9s de los diez cap\u00edtulos que componen el Manual de actuaci\u00f3n de desaparici\u00f3n de personas, se exponen los criterios m\u00ednimos, est\u00e1ndares internacionales y elementos que las personas juzgadoras deber\u00e1n tomar en cuenta en aquellos casos que involucren la desaparici\u00f3n de personas, teniendo como principio rector la protecci\u00f3n de los derechos de las v\u00edctimas, as\u00ed como los diversos procesos de b\u00fasqueda impulsados por familiares de personas.<\/p>\n\n\n\n<p class=\"wp-block-paragraph\">Finalmente, el Manual se suma a otros esfuerzos de la Suprema Corte de Justicia de la Naci\u00f3n, pero sobre todo de sociedad civil que ha sido esenciales para evidenciar las fallas y omisiones de las personas juzgadoras en su labor jurisdiccional en materia de desaparici\u00f3n de personas frente a la evidencia arrolladora de falta de justicia con tan solo 36 sentencias por desaparici\u00f3n en el pa\u00eds frente a n\u00famero de personas en el pa\u00eds.<\/p>\n","protected":false},"excerpt":{"rendered":"<p>Hace un par de d\u00edas la Suprema Corte de Justicia de la Naci\u00f3n present\u00f3 el Manual de Actuaci\u00f3n sobre Desaparici\u00f3n de Personas, el cual resulta de gran relevancia frente a la problem\u00e1tica de desaparici\u00f3n de personas en el pa\u00eds. <\/p>\n","protected":false},"author":3,"featured_media":57075,"comment_status":"open","ping_status":"open","sticky":false,"template":"","format":"standard","meta":{"_monsterinsights_skip_tracking":false,"footnotes":""},"categories":[693,619],"tags":[459],"class_list":["post-57074","post","type-post","status-publish","format-standard","has-post-thumbnail","category-693","category-opinion-desde-cladem","tag-opinion"],"_links":{"self":[{"href":"https:\/\/redsemlac.com\/semmexico\/wp-json\/wp\/v2\/posts\/57074","targetHints":{"allow":["GET"]}}],"collection":[{"href":"https:\/\/redsemlac.com\/semmexico\/wp-json\/wp\/v2\/posts"}],"about":[{"href":"https:\/\/redsemlac.com\/semmexico\/wp-json\/wp\/v2\/types\/post"}],"author":[{"embeddable":true,"href":"https:\/\/redsemlac.com\/semmexico\/wp-json\/wp\/v2\/users\/3"}],"replies":[{"embeddable":true,"href":"https:\/\/redsemlac.com\/semmexico\/wp-json\/wp\/v2\/comments?post=57074"}],"version-history":[{"count":0,"href":"https:\/\/redsemlac.com\/semmexico\/wp-json\/wp\/v2\/posts\/57074\/revisions"}],"wp:featuredmedia":[{"embeddable":true,"href":"https:\/\/redsemlac.com\/semmexico\/wp-json\/wp\/v2\/media\/57075"}],"wp:attachment":[{"href":"https:\/\/redsemlac.com\/semmexico\/wp-json\/wp\/v2\/media?parent=57074"}],"wp:term":[{"taxonomy":"category","embeddable":true,"href":"https:\/\/redsemlac.com\/semmexico\/wp-json\/wp\/v2\/categories?post=57074"},{"taxonomy":"post_tag","embeddable":true,"href":"https:\/\/redsemlac.com\/semmexico\/wp-json\/wp\/v2\/tags?post=57074"}],"curies":[{"name":"wp","href":"https:\/\/api.w.org\/{rel}","templated":true}]}}