{"id":57072,"date":"2022-10-08T09:53:22","date_gmt":"2022-10-08T15:53:22","guid":{"rendered":"https:\/\/redsemlac.com\/semmexico\/?p=57072"},"modified":"2023-07-21T19:18:28","modified_gmt":"2023-07-22T00:18:28","slug":"miradas-de-reportero-como-observar-desde-la-izquierda-al-periodismo-a-las-y-los-periodistas-mexicanos","status":"publish","type":"post","link":"https:\/\/redsemlac.com\/semmexico\/miradas-de-reportero-como-observar-desde-la-izquierda-al-periodismo-a-las-y-los-periodistas-mexicanos\/","title":{"rendered":"Miradas de Reportero| C\u00f3mo observar desde la izquierda al periodismo a las y los periodistas mexicanos"},"content":{"rendered":"\n<p class=\"wp-block-paragraph\"><strong>Rogelio Hern\u00e1ndez L\u00f3pez<\/strong><\/p>\n\n\n\n<p class=\"wp-block-paragraph\">SemM\u00e9xico, Ciudad de M\u00e9xico, 8 de octubre del 2022.-  Cuando Daniel Carlos, uno de los directores de la revista-libro semanal <em>Tribuna Comunista<\/em> me invit\u00f3, por segunda a\u00f1o consecutivo, para ser expositor en este Festival, me entusiasm\u00e9 por el honor que significa; pero eso mismo me trab\u00f3 y atorment\u00f3 varios d\u00edas. \u00bfC\u00f3mo hacer para qu\u00e9 una exposici\u00f3n sobre la situaci\u00f3n de las y los periodistas mexicanos sea convincente, con un \u00e1ngulo interesante y \u00fatil para las personas no familiarizadas con esta corriente de mexicanos?<\/p>\n\n\n\n<p class=\"wp-block-paragraph\">Y esa agon\u00eda de la primera p\u00e1gina en blanco, que padecemos los periodistas, pude librarla con la respuesta muy sencilla: <strong>informar;&nbsp; <\/strong>y adem\u00e1s hacerlo con sinceridad, en el marco de esa \u00e9tica que procura el mayor bienestar social, con datos investigados y con el auxilio del m\u00e9todo de an\u00e1lisis, como lo hace la gente de la izquierda-izquierda, de la que forman parte los comunistas bien desarrollados.<\/p>\n\n\n\n<p class=\"wp-block-paragraph\">Pues bien, este tema es complejo y a veces agobiante por doloroso. No se cansen antes de tiempo, por favor.<\/p>\n\n\n\n<h2 class=\"wp-block-heading\"><strong>Comunicaci\u00f3n social elitizada<\/strong><\/h2>\n\n\n\n<p class=\"wp-block-paragraph\">El periodismo y los periodistas, como todos sabemos, son el componente esencial de las actividades de la llamada comunicaci\u00f3n social. Los medios convencionales son: impresos, la radio, la televisi\u00f3n, la industria del cine (productoras y salas), las agencias de noticias, los anuncios f\u00edsicos, etc\u00e9tera. Y m\u00e1s recientemente se desarrollaron poderosamente las plataformas digitales en internet, que conocemos como las redes sociales.<\/p>\n\n\n\n<p class=\"wp-block-paragraph\">Sobre la esencia de los medios de comunicaci\u00f3n, la mayor\u00eda de estudiosos aceptan que son la mejor herramienta de la superestructura ideol\u00f3gica del sistema socioecon\u00f3mico imperante. En buena parte del mundo impera el sistema capitalista (el capital globalizado) con la ideolog\u00eda liberal re-estimulada (neoliberalismo);&nbsp; ideolog\u00eda que auspicia y protege a la libertad de empresa, el mercantilismo, las ganancias y la acumulaci\u00f3n por encima del bienestar social.<\/p>\n\n\n\n<p class=\"wp-block-paragraph\">M\u00e9xico est\u00e1 dome\u00f1ado por ese sistema mundial. Y como ya poca gente duda, las elites econ\u00f3micas y pol\u00edticas &#8211;que se formaron dentro de ese sistema en los \u00faltimos 50 a\u00f1os&#8211; se beneficiaron, lo reprodujeron y lo siguen defendiendo. Aqu\u00ed, gran parte de las empresas de medios suponen que el gobierno de L\u00f3pez Obrador est\u00e1 afectando ese sistema sin entender que su agenda es contra los excesos de acumulaci\u00f3n, de apropiaci\u00f3n de lo p\u00fablico y de corrupci\u00f3n que las elites prohijaron.<\/p>\n\n\n\n<p class=\"wp-block-paragraph\">Es as\u00ed porque el sistema de comunicaci\u00f3n social de M\u00e9xico se define por una poderosa industria de periodismo mercantil, que se desarroll\u00f3 bajo un modelo pol\u00edtico de mutuas conveniencias entre las grandes empresas con los gobiernos del PRI.<\/p>\n\n\n\n<p class=\"wp-block-paragraph\">Ese modelo permiti\u00f3 la formaci\u00f3n de una elite de grandes empresas, la mayor\u00eda en corporativos, que atrajeron las tajadas m\u00e1s grandes del mercado de la publicidad con ganancias desproporcionadas, en comparaci\u00f3n con otras industrias y tambi\u00e9n foment\u00f3 una capa privilegiada de periodistas; esa ha sido su fuerza hasta para imponer la agenda nacional por d\u00e9cadas.<\/p>\n\n\n\n<p class=\"wp-block-paragraph\">Pero, la contradicci\u00f3n mayor que gener\u00f3 este modelo de comunicaci\u00f3n fue asumir, en los hechos, que la ciudadan\u00eda son clientelas para <strong>venderles<\/strong> informaci\u00f3n y mensajes dosificados a sus conveniencia. Las noticias, las opiniones y los an\u00e1lisis period\u00edsticos, en general se convirtieron en mercanc\u00edas vendedoras y en mensajes favorables para los gobernantes y la consolidaci\u00f3n de un r\u00e9gimen pol\u00edtico \u201crepresentativo\u201d (elitista) para la toma de decisiones pol\u00edticas entre unos pocos.<\/p>\n\n\n\n<p class=\"wp-block-paragraph\">Pr\u00e1ctica y t\u00e9cnicamente ese tipo de mercado incaut\u00f3 y control\u00f3 gran parte de la informaci\u00f3n period\u00edstica de inter\u00e9s directo de los ciudadanos; esa informaci\u00f3n que debe estimular la participaci\u00f3n pol\u00edtica activa. Consciente o inconscientemente los grandes medios mexicanos rebajaron la esencia del periodismo: priorizar el servicio social de informar amplia y oportunamente.<\/p>\n\n\n\n<p class=\"wp-block-paragraph\">En contraparte, a pesar de los grandes medios y de las empresas de prensa beneficiadas con el modelo, fueron creciendo en cantidad e intenciones democr\u00e1ticas los movimientos sociales. Las pruebas de ellos est\u00e1n en los movimientos de los a\u00f1os sesenta, los setenta, las elecciones federales de 1988 al 2000 y la gran insurrecci\u00f3n c\u00edvica del 2018.<\/p>\n\n\n\n<p class=\"wp-block-paragraph\">Pero, con tristeza aceptemos que hoy, ese modelo de comunicaci\u00f3n social elitista sigue predominando en lo esencial. No obstante, quienes dirigen algunos de los medios privados m\u00e1s grandes creen err\u00f3neamente que se quiere cambiar todo el modelo que los favoreci\u00f3 y hacen todo para revertir algunas pol\u00edticas gubernamentales que les restaron privilegios. En contraste otros m\u00e1s sagaces se adaptaron al nuevo gobierno porque s\u00ed entienden que no les afecta demasiado a su libertad de empresa porque el sistema capitalista no est\u00e1 siendo amenazado, sino que solo se quieren eliminar algunos de sus excesos.<\/p>\n\n\n\n<h2 class=\"wp-block-heading\"><strong>Vulnerabiliz\u00f3 a periodistas<\/strong><\/h2>\n\n\n\n<p class=\"wp-block-paragraph\">Ese modelo de comunicaci\u00f3n social engendr\u00f3 otras contradicciones: dome\u00f1\u00f3 las l\u00edneas editoriales de muchas peque\u00f1as y medianas empresas de prensa e inhibi\u00f3 su derecho al desarrollo; desconoci\u00f3 y violent\u00f3 varios derechos profesionales de miles de personas periodistas al regatearles salarios y prestaciones de nivel profesional. Con esas pr\u00e1cticas precariz\u00f3 y vulnerabiliz\u00f3 esta profesi\u00f3n, hasta lo indecible.<\/p>\n\n\n\n<p class=\"wp-block-paragraph\">En la izquierda entendemos bien que las y los periodistas profesionales observan y capturan la informaci\u00f3n para convertirla en la materia prima del mercado de la informaci\u00f3n con los g\u00e9neros de noticias, opiniones y muchos datos parta el an\u00e1lisis de otros. Pero, esa materia prima del periodismo es convertida en mercanc\u00eda por las empresas privadas de prensa para que en el mercado obtenga un alto valor monetario y social.<\/p>\n\n\n\n<p class=\"wp-block-paragraph\">En M\u00e9xico, ese producto final tambi\u00e9n se les los incaut\u00f3 a los trabajadores de la informaci\u00f3n para ajustarla a los intereses de las de empresas de prensa, pero a sus creadores no se les retribuye equitativamente el valor que crean.<\/p>\n\n\n\n<p class=\"wp-block-paragraph\">Frente a todo esto el Estado mexicano, embargado por el neoliberalismo, se fue haciendo c\u00f3mplice para proteger al modelo que privilegia la libertad de empresas de prensa; libertad que atropella la libertad de prensa, esa que requieren m\u00ednimamente las sociedades democr\u00e1ticas, as\u00ed sean solo representativas como todav\u00eda es la mexicana.<\/p>\n\n\n\n<p class=\"wp-block-paragraph\">Un recuento de los efectos negativos de ese modelo en las y los periodistas pudo presentarlo este reportero el 22 de septiembre de 2022 en una mesa de debates del Seminario Internacional \u201cAbuso y L\u00edmites del Poder Penal en Estados Democr\u00e1ticos de Derecho\u201d en la Universidad Nacional Aut\u00f3noma de M\u00e9xico.<\/p>\n\n\n\n<p class=\"wp-block-paragraph\">All\u00ed describ\u00ed dos fen\u00f3menos iniciados durante los reg\u00edmenes pol\u00edticos anteriores y que hoy flagelan a demasiados mexicanos:<\/p>\n\n\n\n<p class=\"wp-block-paragraph\">Un fen\u00f3meno y el mayor, es la gran crisis de violaci\u00f3n a los derechos humanos; y el otro es el maltrato profesional, agresiones y asesinatos a periodistas &#8211;sobre todo a los m\u00e1s vulnerables\u2014.<\/p>\n\n\n\n<p class=\"wp-block-paragraph\">Este segundo fen\u00f3meno ya se prolong\u00f3 en un ciclo muy largo, desde 1988 y se aceler\u00f3 desde el a\u00f1o 2 mil a la fecha.<\/p>\n\n\n\n<p class=\"wp-block-paragraph\">Para probar esto \u00faltimo hice un comparativo de seis aspectos de ese ciclo que ocurr\u00edan en 2010 y de lo que sucede en 2022. En ese laso se vulnerabilizaron demasiados periodistas.<\/p>\n\n\n\n<p class=\"wp-block-paragraph\">Cito, y no se abrumen:<\/p>\n\n\n\n<p class=\"wp-block-paragraph\">UNO. Registr\u00e1bamos y persiste la debilidad profesional debido a deficiente formaci\u00f3n acad\u00e9mica y deontol\u00f3gica:<\/p>\n\n\n\n<p class=\"wp-block-paragraph\">DOS. Se padec\u00eda y se padece, ante empleadores, de salarios y prestaciones no profesionales, que no protegen ante agravios y tareas de alto riesgo ni facilitan la capacitaci\u00f3n permanente. Y en las crisis despiden f\u00e1cilmente (En 12 a\u00f1os alrededor de 10 mil perdieron sus empleos fijos). Entre unos 40 mil que seguimos en esto, la mayor\u00eda vio reducidos todav\u00eda m\u00e1s sus ingresos y prestaciones. La precariedad laboral es el segundo problema que padece buena parte de periodistas mexicanos.<\/p>\n\n\n\n<p class=\"wp-block-paragraph\">TRES. Una de estas grandes vulnerabilidades de los periodistas es por debilidad gremial, parad\u00f3jicamente por exceso de organismos. Hoy se puede probar, en todo el pa\u00eds, la existencia de al menos 400 organizaciones aparentemente gremiales y unas 2 mil 500 plataformas digitales que pretenden informar y competir con los corporativos de la industria.<\/p>\n\n\n\n<p class=\"wp-block-paragraph\">CUATRO. Hace doce a\u00f1os la mayor\u00eda de agresiones a periodistas las comet\u00edan pol\u00edticos y servidores p\u00fablicos (fuerzas de seguridad, gobernantes, ministerios p\u00fablicos y jueces). Estos comet\u00edan el 70 por ciento de agravios. Hoy esa proporci\u00f3n ha disminuido a menos del 50 por ciento y siguen siendo muchas.<\/p>\n\n\n\n<p class=\"wp-block-paragraph\">Pero no eran solo agresiones; tambi\u00e9n malas pr\u00e1cticas y omisiones ante demandas laborales, ante amenazas, ante acoso judicial.<\/p>\n\n\n\n<p class=\"wp-block-paragraph\">CINCO. Nos alcanz\u00f3 la violencia extrema. En estos 12 a\u00f1os se hizo imparable el asesinatos de periodistas. Los responsables del mecanismo federal de protecci\u00f3n difundieron recientemente que el sexenio de Felipe Calder\u00f3n cerr\u00f3 en 2012 con 101 periodistas asesinados, el de Enrique Pe\u00f1a Nieto con 96 y que en los cuatro a\u00f1os del sexenio actual ya son 63 las y los colegas ultimados.<\/p>\n\n\n\n<p class=\"wp-block-paragraph\">El crimen organizado se torn\u00f3 en el perpetrador m\u00e1s violento: sus agresiones pasaron del 7 por ciento en 2010 a 24 por ciento en 2022.&nbsp; El flagelo de su violencia nos alcanz\u00f3, igual que a millones de mexicanos.<\/p>\n\n\n\n<p class=\"wp-block-paragraph\">SEIS. Hab\u00eda, hace doce a\u00f1os, un r\u00e9gimen legal injusto, porque privilegi\u00f3 al mercado de la informaci\u00f3n y acept\u00f3 el acaparamiento de los medios; predominaba la penalizaci\u00f3n injusta a deficiencias de nuestro trabajo y aunque las sanciones se pasaron a c\u00f3digos civiles prevalece lo penal en diez estados. Hoy existe una mara\u00f1a legal con m\u00e1s de 40 normas relacionadas con el periodismo (14 estatales, 9 federales, 6 referencias constitucionales, m\u00e1s los tratados y convenios internacionales) que no han logrado reducir la atm\u00f3sfera brumosa contra periodistas-<\/p>\n\n\n\n<p class=\"wp-block-paragraph\">En resumen, desde 2010 ya se manifestaban plenamente varias crisis entre periodistas que nos fueron haciendo extremadamente vulnerables. Ese ciclo aciago persiste y engendr\u00f3 muchas zonas de silencio en el pa\u00eds, impidi\u00f3 que siguieran informando los asesinados y los amedrentados. Todo ello fue afectando negativamente los derechos a la informaci\u00f3n y a la libertad de expresi\u00f3n de la ciudadan\u00eda.<\/p>\n\n\n\n<p class=\"wp-block-paragraph\">No obstante, la mayor\u00eda de la poblaci\u00f3n parece desconocer todo esto y no contamos con su simpat\u00eda y menos con su apoyo. Esa es otra de las debilidades de las y los periodistas.<\/p>\n\n\n\n<h2 class=\"wp-block-heading\"><strong>El menoscabo social<\/strong><\/h2>\n\n\n\n<p class=\"wp-block-paragraph\">Ante asesinatos de periodistas hay sociedades que protestan masivamente pero no la mexicana.<\/p>\n\n\n\n<p class=\"wp-block-paragraph\">Sin exageraci\u00f3n puede afirmarse que cada persona de la mayor\u00eda de los 94 millones 259 mil 740 de personas mayores de 15 a\u00f1os en M\u00e9xico tiene su propia percepci\u00f3n de lo qu\u00e9 son los medios de comunicaci\u00f3n, el periodismo y sus periodistas. Tambi\u00e9n que una gran parte de ese total acepta este modelo de comunicaci\u00f3n social, recibe sus mensajes, pero no se siente atendida o que los medios de prensa convencionales est\u00e9n a su servicio. Ese distanciamiento y menosprecio alcanz\u00f3 a las personas que trabajan la informaci\u00f3n.<\/p>\n\n\n\n<p class=\"wp-block-paragraph\">En Par\u00eds Francia, el semanario sat\u00edrico Charlie Hebdo sufri\u00f3 un tiroteo por dos hombres enmascarados pertenecientes a Al-Qaeda el 7 de enero de 2015. Y desde ese mismo d\u00eda y hasta el 11 de enero se manifestaron no menos de 2 millones de personas en la capital. Diversas fuentes informan que fueron 3 millones 700 mil personas en las manifestaciones celebradas en toda Francia, con el lema: \u201cJe suis Charlie\u201d (Yo soy Charlie).<\/p>\n\n\n\n<p class=\"wp-block-paragraph\">En M\u00e9xico de los 63 cr\u00edmenes ocurridos desde diciembre de 2018, han sido contadas las manifestaciones de protesta, pero casi todas con puros periodistas. En 3 o 4 casos han sido marchas un tanto m\u00e1s cuantiosas o paradas tipo mitin en varios estados sin otros sectores sociales. En esos momentos se siente monstruosa nuestra soledad. La sociedad no participa en la inconformidad activa, ni siquiera las organizaciones urbanas, campesinas o de derechos humanos m\u00e1s notables.<\/p>\n\n\n\n<p class=\"wp-block-paragraph\">\u00a1 Uff \u00a1 Si que est\u00e1 jodida la mayor\u00eda de periodistas de M\u00e9xico, dir\u00e1n quienes apenas sepan este panorama.<\/p>\n\n\n\n<h2 class=\"wp-block-heading\"><strong>Golpes de tim\u00f3n.<\/strong><\/h2>\n\n\n\n<p class=\"wp-block-paragraph\">En todo este contexto complejo y abrumador parecen estarse conformando dos buenas noticias para las y los periodistas m\u00e1s vulnerables y que beneficiar\u00edan el derecho a la informaci\u00f3n y la libertad de expresi\u00f3n de la ciudadan\u00eda mexicana.<\/p>\n\n\n\n<p class=\"wp-block-paragraph\">Es p\u00fablico que el Subsecretario de Derechos Humanos de la Secretar\u00eda de Gobernaci\u00f3n, Alejandro Encinas, afirm\u00f3 que antes de que termine 2022 presentar\u00e1 una iniciativa estrat\u00e9gica para crear una pol\u00edtica de Estado que tomar\u00e1 como base en una nueva ley de protecci\u00f3n para defensores de derechos humanos y periodistas.<\/p>\n\n\n\n<p class=\"wp-block-paragraph\">Esto ser\u00eda estrat\u00e9gico porque se anuncia que esa ley ser\u00e1 de car\u00e1cter general, que privilegiar\u00e1 la prevenci\u00f3n y obligar\u00e1 a los estados de la federaci\u00f3n a cumplirla y tambi\u00e9n a todas las fiscal\u00edas a que investiguen y se reduzca la impunidad. Estrategia que, presumiblemente facilitar\u00e1 reformar otras leyes que faciliten la adquisici\u00f3n de fortalezas profesionales a periodistas y defensores.<\/p>\n\n\n\n<p class=\"wp-block-paragraph\">La otra iniciativa es de reformas a la Ley Federal del Trabajo y a la Ley del Impuesto sobre la Renta que ya present\u00f3 el Senador Emilio \u00c1lvarez Icaza, para adicionar un cap\u00edtulo que reconozca como de inter\u00e9s p\u00fablico la funci\u00f3n social del trabajo de periodista, reconocerle al menos 9 de los 14 derechos para ejercer con libertad y garantizarle reconocimiento social, trato profesional en prestaciones y darle facilidades para fundar empresas de servicio social informativo no lucrativas.<\/p>\n\n\n\n<p class=\"wp-block-paragraph\">De consolidarse estos dos procesos para crear o reformar leyes podr\u00edan significar un cambio de enfoque, un golpe de tim\u00f3n, una pol\u00edtica de Estado del gobierno federal para frenar el largo y aciago ciclo de agresiones y asesinatos de periodistas, pero tambi\u00e9n para allegarles fortalezas profesionales, reducir varias de sus vulnerabilidades y facilitar su libertad de cumplir con el servicio social del periodismo a quienes quieren hacerlo alejado del mero inter\u00e9s mercantil. As\u00ed de importantes son estos procesos.<\/p>\n\n\n\n<p class=\"wp-block-paragraph\">En el sentido de protecci\u00f3n social, el gobierno de L\u00f3pez Obrador ya dio un primer paso. Cerca de 700 periodistas ya han sido inscritos en el IMSS y en diciembre se sumar\u00edan otros 700 que tendr\u00e1n gratuitamente la protecci\u00f3n de cinco seguros. Esos 1,500 probablemente y los que se sumen despu\u00e9s, representan una proporci\u00f3n significativa de los 7 mil periodistas que trabajan por su cuenta y sin prestaciones sociales.<\/p>\n\n\n\n<h2 class=\"wp-block-heading\"><strong>Promover un frente amplio de periodistas<\/strong><\/h2>\n\n\n\n<p class=\"wp-block-paragraph\">Periodistas mexicanos, conscientes del valor social que tiene la conquista de derechos, han creado frentes amplios en distintos momentos con sus pares para defender los derechos de la ciudadan\u00eda a la informaci\u00f3n, la libre expresi\u00f3n y para su autodefensa.<\/p>\n\n\n\n<p class=\"wp-block-paragraph\">En los a\u00f1os 70, al influjo \u00e9tico de los movimientos estudiantiles y sociales, cientos de colegas (con una columna vertebral de periodistas comunistas) desarrollaron el frente llamado Uni\u00f3n de Periodistas Democr\u00e1ticos, organizaci\u00f3n plural que, entre otras cosas, ayud\u00f3 a legislar sobre el derecho a la informaci\u00f3n, a esclarecer cr\u00edmenes de sus colegas, a formar frentes con otros trabajadores de la informaci\u00f3n y a crear el Salario M\u00ednimo profesional para Periodistas. Pero dirigentes nacionales y estatales de la UPD fueron cooptados por los gobiernos del PRI y desapareci\u00f3.<\/p>\n\n\n\n<p class=\"wp-block-paragraph\">Mucho tiempo despu\u00e9s, un remanente de este movimiento, empujado por periodistas comunistas, form\u00f3 en 2010 la asociaci\u00f3n civil llamada Casa de los Derechos de Periodistas con un empuje notable para organizar colegas en 18 entidades de la rep\u00fablica que promovieron leyes y la autoprotecci\u00f3n. Pero cerr\u00f3 en 2015 por falta de apoyo institucional.<\/p>\n\n\n\n<p class=\"wp-block-paragraph\">Desde 2020 un peque\u00f1o agrupamiento de 224 colegas fomenta otro frente amplio de periodistas con el nombre de Prensa no lucrativa. Y desde all\u00ed se pugna para que el inminente cambio estrat\u00e9gico de leyes y de pol\u00edticas p\u00fablicas incorpore varios puntos de una agenda para dar m\u00e1s fortalezas para la autoprotecci\u00f3n y mejor profesionalidad de las y los periodistas.<\/p>\n\n\n\n<p class=\"wp-block-paragraph\">En este agrupamiento se promueve la iniciativa de convocar a un coloquio nacional de redes de autoprotecci\u00f3n de periodistas. Reuni\u00f3n que analizar\u00eda las leyes que son necesarias para una pol\u00edtica de Estado m\u00e1s completa para la protecci\u00f3n del ejercicio profesional de quienes realicen periodismo profesional.&nbsp; En casi todas las entidades del pa\u00eds ya existen redes de este tipo. Una posibilidad es que ese encuentro nacional de periodistas pueda acordar la instalaci\u00f3n de una red de redes de autoprotecci\u00f3n, con la fuerza suficiente para ganar la interlocuci\u00f3n con empresas, con los gobiernos y organismos de pares en otros pa\u00edses.<\/p>\n\n\n\n<p class=\"wp-block-paragraph\">&nbsp;De lo que se trata, dir\u00edan los comunistas no es solo interpretar la realidad sino transformarla. Mirada de reportero.<\/p>\n\n\n\n<p class=\"wp-block-paragraph\">&#8212;&#8212;&#8212;&#8212;&#8212;&#8212;<\/p>\n\n\n\n<p class=\"wp-block-paragraph\"><em>Texto presentado en la mesa de debates del Festival de 2022 de Tribuna Comunista el Domingo de octubre de 2022 en el Centro Cultural El Rule, de Eje Central n\u00famero 6, centro hist\u00f3rico de la Ciudad de M\u00e9xico.<\/em><\/p>\n","protected":false},"excerpt":{"rendered":"<p>El periodismo y las y los periodistas, como todos sabemos, son el componente esencial de las actividades de la llamada comunicaci\u00f3n social<\/p>\n","protected":false},"author":3,"featured_media":38348,"comment_status":"open","ping_status":"open","sticky":false,"template":"","format":"standard","meta":{"_monsterinsights_skip_tracking":false,"footnotes":""},"categories":[693,106,35,85],"tags":[],"class_list":["post-57072","post","type-post","status-publish","format-standard","has-post-thumbnail","category-693","category-mirada-de-reportero","category-opinion","category-rogelio-hernandez-lopez"],"_links":{"self":[{"href":"https:\/\/redsemlac.com\/semmexico\/wp-json\/wp\/v2\/posts\/57072","targetHints":{"allow":["GET"]}}],"collection":[{"href":"https:\/\/redsemlac.com\/semmexico\/wp-json\/wp\/v2\/posts"}],"about":[{"href":"https:\/\/redsemlac.com\/semmexico\/wp-json\/wp\/v2\/types\/post"}],"author":[{"embeddable":true,"href":"https:\/\/redsemlac.com\/semmexico\/wp-json\/wp\/v2\/users\/3"}],"replies":[{"embeddable":true,"href":"https:\/\/redsemlac.com\/semmexico\/wp-json\/wp\/v2\/comments?post=57072"}],"version-history":[{"count":0,"href":"https:\/\/redsemlac.com\/semmexico\/wp-json\/wp\/v2\/posts\/57072\/revisions"}],"wp:featuredmedia":[{"embeddable":true,"href":"https:\/\/redsemlac.com\/semmexico\/wp-json\/wp\/v2\/media\/38348"}],"wp:attachment":[{"href":"https:\/\/redsemlac.com\/semmexico\/wp-json\/wp\/v2\/media?parent=57072"}],"wp:term":[{"taxonomy":"category","embeddable":true,"href":"https:\/\/redsemlac.com\/semmexico\/wp-json\/wp\/v2\/categories?post=57072"},{"taxonomy":"post_tag","embeddable":true,"href":"https:\/\/redsemlac.com\/semmexico\/wp-json\/wp\/v2\/tags?post=57072"}],"curies":[{"name":"wp","href":"https:\/\/api.w.org\/{rel}","templated":true}]}}