{"id":57057,"date":"2022-10-07T13:18:45","date_gmt":"2022-10-07T19:18:45","guid":{"rendered":"https:\/\/redsemlac.com\/semmexico\/?p=57057"},"modified":"2023-07-21T19:18:29","modified_gmt":"2023-07-22T00:18:29","slug":"los-productos-de-higiene-menstrual-sufren-una-bajada-del-iva-al-4","status":"publish","type":"post","link":"https:\/\/redsemlac.com\/semmexico\/los-productos-de-higiene-menstrual-sufren-una-bajada-del-iva-al-4\/","title":{"rendered":"Los productos de higiene menstrual sufren una bajada del IVA al 4%"},"content":{"rendered":"\n<ul class=\"wp-block-list\"><li><strong>La petici\u00f3n se lleva pidiendo desde hace a\u00f1os y el actual Gobierno se comprometi\u00f3 a llevarla a cabo al principio de la legislatura pero fue retrasada en dos ocasiones.<\/strong><\/li><\/ul>\n\n\n\n<p class=\"wp-block-paragraph\"><strong>Ana Quereda<\/strong><\/p>\n\n\n\n<p class=\"wp-block-paragraph\">SemM\u00e9xico\/AmecoPress, Madrid, Espa\u00f1a, 7 de octubre del 2022.- La conocida como \u201ctasa tamp\u00f3n\u201d sufrir\u00e1 una bajada de IVA del 10 al 4 por ciento gracias al acuerdo que ha aprobado el Gobierno durante la rueda de prensa realizada para la discusi\u00f3n de los pr\u00f3ximos presupuestos. Esto afecta a compresas, tampones y copas menstruales, entre otros. Tambi\u00e9n a preservativos y anticonceptivos no medicinales.<\/p>\n\n\n\n<p class=\"wp-block-paragraph\">La \u201ctasa tamp\u00f3n\u201d es el impuesto con el que se gravan estos productos de higiene menstrual que no eran considerados bienes de primera necesidad. Con esta baja, pasan a gravarse como productos necesarios, contando con el mismo IVA que el pan, la harina o los medicamentos. Esto fue un compromiso planteado por Unidas Podemos y PSOE en su acuerdo de coalici\u00f3n.<\/p>\n\n\n\n<p class=\"wp-block-paragraph\">La encargada de anunciar esta bajada de IVA ha sido Yolanda D\u00edaz, vicepresidenta tercera y ministra de Trabajo, que mostr\u00f3 su alivio por esta baja y recalc\u00f3 que \u00abson productos esenciales y no lujos\u00bb, siendo consciente de la existencia de la pobreza menstrual que sufren mayoritariamente las personas menstruantes en situaciones desfavorecidas.<\/p>\n\n\n\n<p class=\"wp-block-paragraph\">En el Ministerio de Igualdad tambi\u00e9n se ha celebrado esta medida la cual ya hab\u00edan intentado introducir en su proyecto de reforma de la ley del aborto.<\/p>\n\n\n\n<p class=\"wp-block-paragraph\">Esta petici\u00f3n fue llevada a cabo debido a las cr\u00edticas y denuncias de diferentes sectores sociales que hicieron mucho ruido, mayoritariamente de movimientos feministas. Reivindicaban la necesidad de esta bajada de impuestos porque, como ha dicho Yolanda D\u00edaz, no son productos de lujo sino que son esenciales para las personas menstruantes.<\/p>\n\n\n\n<p class=\"wp-block-paragraph\">El a\u00f1o pasado, la OCU llev\u00f3 a cabo un estudio con una conclusi\u00f3n muy clara: \u00abtener la regla sale caro\u00bb. Aunque el precio puede variar en relaci\u00f3n al m\u00e9todo de higiene o el tipo de sangrado, una persona menstruante est\u00e1 con la regla una media de 40 a\u00f1os de su vida. El estudio estim\u00f3 que cada persona se ahorrar\u00eda de 3,20 euros al a\u00f1o aproximadamente.<\/p>\n\n\n\n<p class=\"wp-block-paragraph\">Irene Montero se ha posicionado en Twitter publicando que \u00abla bajada del IVA al 4 por ciento de los productos de salud menstrual es justicia fiscal y feminista. Es una muy buena noticia que los Presupuestos Generales del Estado lo incluyan. Combatir la pobreza menstrual es un deber para proteger la salud de todas las mujeres\u00bb.<\/p>\n\n\n\n<h2 class=\"wp-block-heading\">\u00abEs justicia fiscal y feminista\u00bb<\/h2>\n\n\n\n<p class=\"wp-block-paragraph\">Tambi\u00e9n la secretaria de Estado de Igualdad y contra la Violencia de G\u00e9nero, \u00c1ngela Rodr\u00edguez, ha acogido felizmente la que considera \u00abla mejor de las noticias\u00bb y recalcando que \u00abla pobreza menstrual es una de las m\u00e1s injustas desigualdades de g\u00e9nero que seguimos sufriendo\u00bb. Para ella se han negociado \u00abunos presupuestos feministas a la altura del pa\u00eds\u00bb.<\/p>\n\n\n\n<p class=\"wp-block-paragraph\">Esta iniciativa ha llegado ahora a nosotros\/as, pero otros pa\u00edses ya llevan un tiempo con medidas impuestas similares. Incluso en lugares como Escocia cuentan con acceso gratuito a compresas y tampones para toda persona menstruante que sea estudiante. Sin embargo, en sitios como Escandinavia o Grecia cuentan con un impuesto del 27 por ciento o el 23 por ciento para estos productos de higiene menstrual.<\/p>\n\n\n\n<h2 class=\"wp-block-heading\">Pobreza menstrual y salud sexual<\/h2>\n\n\n\n<p class=\"wp-block-paragraph\">El principal objetivo de esta medida es combatir la pobreza menstrual, es decir, la dificultad econ\u00f3mica al acceso a productos de higiene menstrual. Esta situaci\u00f3n afecta a millones de personas y puede llegar a poner en riesgo su salud. Muchas mujeres se han visto en situaciones desfavorecidas e incapaces de tener un gasto econ\u00f3mico tan elevado y tan frecuente como es el de la higiene menstrual. Esto tiene consecuencias no solo de salud sino que tambi\u00e9n de calidad de vida en el d\u00eda a d\u00eda. Las personas trans o de g\u00e9nero binario tambi\u00e9n son un colectivo muy afectado por la pobreza menstrual y el dif\u00edcil acceso a estos productos.<\/p>\n\n\n\n<p class=\"wp-block-paragraph\">Pero este acuerdo tambi\u00e9n tiene otros objetivos sociales enfocados a salud sexual o calidad de vida. El gravamen de impuestos tambi\u00e9n le corresponde a los anticonceptivos, y es que la menstruaci\u00f3n est\u00e1 ligada a la salud sexual y reproductiva. Actualmente, y seg\u00fan una encuesta realizada por la Sociedad Espa\u00f1ola de Contracepci\u00f3n, la edad de inicio de relaciones sexuales se ha adelantado a los 16,2 a\u00f1os y en personas que apenas han recibido una educaci\u00f3n sexual correcta y sin conocimiento del uso de anticonceptivos. Si el Gobierno conciencia m\u00e1s sobre la existencia y el libre acceso de anticonceptivos, bajar\u00e1 el porcentaje del 24,9% de mujeres que no hacen un uso frecuente de ning\u00fan tipo de m\u00e9todo anticonceptivo por falta de conocimiento y por su precio elevado.<\/p>\n\n\n\n<p class=\"wp-block-paragraph\">Por otro lado, esta medida buscar llevar impl\u00edcitamente una concienciaci\u00f3n menstrual, ya que el 37,6% de mujeres tiene problemas para realizar su vida normal debido al dolor de la regla o al sangrado. Un 33,4% de ellas han sentido la necesidad de pedir la baja laboral, pero m\u00e1s de la mitad han sido incapaces de hacerlo por miedo a tener consecuencias laborales.<\/p>\n\n\n\n<p class=\"wp-block-paragraph\">SEM\/MG<\/p>\n","protected":false},"excerpt":{"rendered":"<p>La petici\u00f3n se lleva pidiendo desde hace a\u00f1os y el actual Gobierno se comprometi\u00f3 a llevarla a cabo al principio de la legislatura pero fue retrasada en dos ocasiones.<\/p>\n","protected":false},"author":3,"featured_media":57058,"comment_status":"open","ping_status":"open","sticky":false,"template":"","format":"standard","meta":{"_monsterinsights_skip_tracking":false,"footnotes":""},"categories":[693,53],"tags":[],"class_list":["post-57057","post","type-post","status-publish","format-standard","has-post-thumbnail","category-693","category-internacional"],"_links":{"self":[{"href":"https:\/\/redsemlac.com\/semmexico\/wp-json\/wp\/v2\/posts\/57057","targetHints":{"allow":["GET"]}}],"collection":[{"href":"https:\/\/redsemlac.com\/semmexico\/wp-json\/wp\/v2\/posts"}],"about":[{"href":"https:\/\/redsemlac.com\/semmexico\/wp-json\/wp\/v2\/types\/post"}],"author":[{"embeddable":true,"href":"https:\/\/redsemlac.com\/semmexico\/wp-json\/wp\/v2\/users\/3"}],"replies":[{"embeddable":true,"href":"https:\/\/redsemlac.com\/semmexico\/wp-json\/wp\/v2\/comments?post=57057"}],"version-history":[{"count":0,"href":"https:\/\/redsemlac.com\/semmexico\/wp-json\/wp\/v2\/posts\/57057\/revisions"}],"wp:featuredmedia":[{"embeddable":true,"href":"https:\/\/redsemlac.com\/semmexico\/wp-json\/wp\/v2\/media\/57058"}],"wp:attachment":[{"href":"https:\/\/redsemlac.com\/semmexico\/wp-json\/wp\/v2\/media?parent=57057"}],"wp:term":[{"taxonomy":"category","embeddable":true,"href":"https:\/\/redsemlac.com\/semmexico\/wp-json\/wp\/v2\/categories?post=57057"},{"taxonomy":"post_tag","embeddable":true,"href":"https:\/\/redsemlac.com\/semmexico\/wp-json\/wp\/v2\/tags?post=57057"}],"curies":[{"name":"wp","href":"https:\/\/api.w.org\/{rel}","templated":true}]}}