{"id":57054,"date":"2022-10-09T08:03:00","date_gmt":"2022-10-09T14:03:00","guid":{"rendered":"https:\/\/redsemlac.com\/semmexico\/?p=57054"},"modified":"2023-07-21T19:18:27","modified_gmt":"2023-07-22T00:18:27","slug":"10-anos-de-politica-local-por-la-igualdad","status":"publish","type":"post","link":"https:\/\/redsemlac.com\/semmexico\/10-anos-de-politica-local-por-la-igualdad\/","title":{"rendered":"10 a\u00f1os de Pol\u00edtica Local por la Igualdad"},"content":{"rendered":"\n<ul class=\"wp-block-list\"><li><strong>Nace la Escuela Local para la Igualdad, un proyecto que trabajar\u00e1 en la formaci\u00f3n y sensibilizaci\u00f3n de todos los tipos de violencia contra las mujeres y facilitar\u00e1 el intercambio de buenas pr\u00e1cticas entre los gobiernos locales, regionales, estatales e internacionales<\/strong>.<\/li><\/ul>\n\n\n\n<p class=\"wp-block-paragraph\"><strong>Ainhoa Portillo<\/strong><\/p>\n\n\n\n<p class=\"wp-block-paragraph\">SemM\u00e9xico\/AmecoPress, Madrid, 9 de octubre, 2022.-Hoy ha tenido lugar un acto del Instituto de las Mujeres junto a FEMP, la Federaci\u00f3n Espa\u00f1ola de Municipios y Provincias, para conmemorar los 10 a\u00f1os de trabajo para conseguir las Pol\u00edticas Locales de Igualdad.<\/p>\n\n\n\n<p class=\"wp-block-paragraph\">Durante la conferencia han presentado \u201cLa Escuela Local para la Igualdad\u201d, un proyecto que trabajar\u00e1 en la formaci\u00f3n y sensibilizaci\u00f3n de todos los tipos de violencia contra las mujeres. Tambi\u00e9n colaborar\u00e1 para el intercambio de buenas pr\u00e1cticas entre los gobiernos locales, regionales, estatales e internacionales. Se presenta esta herramienta para darle valor a los gobiernos locales, que son aquellos que est\u00e1n m\u00e1s cerca de la ciudadan\u00eda, y por lo tanto \u201cconocen mejor sus necesidades\u201d.<\/p>\n\n\n\n<p class=\"wp-block-paragraph\">\u201cEl municipalismo tiene una gran capacidad transformadora\u201d, explica Antonia Morillas, presidenta del Instituto de Igualdad. Por ello es tan relevante trasladar las pol\u00edticas al \u00e1mbito local. \u201cLas pol\u00edticas de igualdad tienen que llegar a todas las mujeres y a todos los territorios, debemos pensar que la pol\u00edtica p\u00fablica se adapte a la diversidad de cada territorio\u201d, a\u00f1ade.<\/p>\n\n\n\n<p class=\"wp-block-paragraph\">Para que todas podamos avanzar es importante que el marco legal y tambi\u00e9n la pr\u00e1ctica, no deje fuera a una parte de nosotras, como las mujeres rurales que tienen mayor dificultad de acceso. Para ello, estas pol\u00edticas locales de Igualdad pretenden romper con todas las brechas y todos los obst\u00e1culos que impidan que todas las mujeres, independientemente de d\u00f3nde vivan, est\u00e9n respaldadas por una ley efectiva.<\/p>\n\n\n\n<p class=\"wp-block-paragraph\">Todas las intervenciones han coincidido en qu\u00e9 la \u201cformaci\u00f3n es el motor del cambio\u201d y han incidido en la necesidad de concienciar, educar, acercar conceptos sobre esta materia e integrar la igualdad de g\u00e9nero en todos los \u00e1mbitos de la sociedad. Y esta va a ser una de las tareas principales de la escuela: educar con perspectiva de g\u00e9nero.<\/p>\n\n\n\n<p class=\"wp-block-paragraph\">Por otro lado, es tambi\u00e9n necesario la aplicaci\u00f3n de recursos que est\u00e9n a la altura de los objetivos marcados, apuntan una de las representantes de la Federaci\u00f3n. Es imprescindible fortalecer los organismos y los servicios p\u00fablicos.<\/p>\n\n\n\n<p class=\"wp-block-paragraph\"><strong>Foto: archivo AmecoPress.<\/strong><\/p>\n","protected":false},"excerpt":{"rendered":"<p>Nace la Escuela Local para la Igualdad, un proyecto que trabajar\u00e1 en la formaci\u00f3n y sensibilizaci\u00f3n de todos los tipos de violencia contra las mujeres y facilitar\u00e1 el intercambio de buenas pr\u00e1cticas entre los gobiernos locales, regionales, estatales e internacionales.<\/p>\n","protected":false},"author":3,"featured_media":57055,"comment_status":"open","ping_status":"open","sticky":false,"template":"","format":"standard","meta":{"_monsterinsights_skip_tracking":false,"footnotes":""},"categories":[693,53],"tags":[],"class_list":["post-57054","post","type-post","status-publish","format-standard","has-post-thumbnail","category-693","category-internacional"],"_links":{"self":[{"href":"https:\/\/redsemlac.com\/semmexico\/wp-json\/wp\/v2\/posts\/57054","targetHints":{"allow":["GET"]}}],"collection":[{"href":"https:\/\/redsemlac.com\/semmexico\/wp-json\/wp\/v2\/posts"}],"about":[{"href":"https:\/\/redsemlac.com\/semmexico\/wp-json\/wp\/v2\/types\/post"}],"author":[{"embeddable":true,"href":"https:\/\/redsemlac.com\/semmexico\/wp-json\/wp\/v2\/users\/3"}],"replies":[{"embeddable":true,"href":"https:\/\/redsemlac.com\/semmexico\/wp-json\/wp\/v2\/comments?post=57054"}],"version-history":[{"count":0,"href":"https:\/\/redsemlac.com\/semmexico\/wp-json\/wp\/v2\/posts\/57054\/revisions"}],"wp:featuredmedia":[{"embeddable":true,"href":"https:\/\/redsemlac.com\/semmexico\/wp-json\/wp\/v2\/media\/57055"}],"wp:attachment":[{"href":"https:\/\/redsemlac.com\/semmexico\/wp-json\/wp\/v2\/media?parent=57054"}],"wp:term":[{"taxonomy":"category","embeddable":true,"href":"https:\/\/redsemlac.com\/semmexico\/wp-json\/wp\/v2\/categories?post=57054"},{"taxonomy":"post_tag","embeddable":true,"href":"https:\/\/redsemlac.com\/semmexico\/wp-json\/wp\/v2\/tags?post=57054"}],"curies":[{"name":"wp","href":"https:\/\/api.w.org\/{rel}","templated":true}]}}