{"id":57051,"date":"2022-10-09T10:34:00","date_gmt":"2022-10-09T16:34:00","guid":{"rendered":"https:\/\/redsemlac.com\/semmexico\/?p=57051"},"modified":"2023-07-21T19:18:27","modified_gmt":"2023-07-22T00:18:27","slug":"huracan-ian-aumenta-vulnerabilidad-social-en-cuba","status":"publish","type":"post","link":"https:\/\/redsemlac.com\/semmexico\/huracan-ian-aumenta-vulnerabilidad-social-en-cuba\/","title":{"rendered":"Hurac\u00e1n Ian aumenta vulnerabilidad social en Cuba"},"content":{"rendered":"\n<ul class=\"wp-block-list\"><li><strong>Adem\u00e1s del fallecimiento de tres personas, en el occidente cubano se reportan afectaciones en inmuebles, infraestructura el\u00e9ctrica y de telecomunicaciones, as\u00ed como en miles de hect\u00e1reas de cultivos y ca\u00edda del arbolado<\/strong><strong>.<\/strong><\/li><\/ul>\n\n\n\n<p class=\"wp-block-paragraph\"><strong>Luis Brizuela\u00a0<\/strong><\/p>\n\n\n\n<p class=\"wp-block-paragraph\">SemM\u00e9xico\/IPS, La Habana, 9 de octubre, 2022.- .-&nbsp; Con acciones de recuperaci\u00f3n en marcha y da\u00f1os socioecon\u00f3micos a\u00fan por contabilizar, el paso por Cuba del hurac\u00e1n Ian evidenci\u00f3 la vulnerabilidad de familias e infraestructuras del pa\u00eds para afrontar estos fen\u00f3menos que se avizoran cada vez m\u00e1s destructivos debido al cambio clim\u00e1tico.<\/p>\n\n\n\n<p class=\"wp-block-paragraph\">En la madrugada y primeras horas de la ma\u00f1ana del 27 de septiembre Ian cruz\u00f3 de sur a norte por Pinar del R\u00edo, la m\u00e1s occidental de las 15 provincias cubanas, con vientos de 185 kil\u00f3metros por hora (categor\u00eda tres de cinco en la escala Saffir-Simpson), y rachas superiores a los 200 kil\u00f3metros.<\/p>\n\n\n\n<p class=\"wp-block-paragraph\">\u201cSent\u00edamos c\u00f3mo el aire quer\u00eda arrancar el techo. La lluvia entraba por debajo de las puertas y las ventanas. Mi esposa y yo cubrimos los electrodom\u00e9sticos con nailon y nos refugiamos con el ni\u00f1o en el ba\u00f1o, el \u00fanico lugar de la casa con placa (pared de concreto)\u201d, record\u00f3 el profesor Jes\u00fas Ar\u00e9valo, residente en la ciudad de Pinar del R\u00edo, a 155 kil\u00f3metros al oeste de La Habana.<\/p>\n\n\n\n<p class=\"wp-block-paragraph\">Ar\u00e9valo explic\u00f3 a IPS por tel\u00e9fono que ya coloc\u00f3 las dos tejas de zinc desprendidas de la cubierta de su vivienda, \u201cpero en el barrio a varias personas se les mojaron pertenencias, colchones y equipos, porque perdieron parte del techo y hasta los tanques (dep\u00f3sitos) para almacenar agua\u201d.<\/p>\n\n\n\n<p class=\"wp-block-paragraph\">De acuerdo con el gobierno de Pinar del R\u00edo, de las 30 000 viviendas impactadas, 4338 corresponden a derrumbes totales y que de las m\u00e1s de 50 000 personas evacuadas, se mantienen en albergues 1017 y otras 910 en casas de familiares.<\/p>\n\n\n\n<p class=\"wp-block-paragraph\">Los fuertes vientos de Ian tambi\u00e9n se sintieron en las provincias de Artemisa, La Habana, Mayabeque y el municipio especial Isla de la Juventud, la segunda mayor isla de este archipi\u00e9lago, ubicada al sur.<\/p>\n\n\n\n<blockquote class=\"wp-block-quote is-layout-flow wp-block-quote-is-layout-flow\"><p><em>Hay que elevar m\u00e1s la percepci\u00f3n de riesgo, porque no siempre se destupen alcantarillas, recogen la basura o se informa adecuadamente c\u00f3mo asegurar los techos m\u00e1s endebles\u201d.<\/em><\/p><\/blockquote>\n\n\n\n<p class=\"wp-block-paragraph\">Adem\u00e1s del fallecimiento de tres personas, en el occidente cubano se reportan afectaciones en inmuebles, infraestructura el\u00e9ctrica y de telecomunicaciones, as\u00ed como en miles de hect\u00e1reas de cultivos y ca\u00edda del arbolado.<\/p>\n\n\n\n<p class=\"wp-block-paragraph\">A las fuerzas locales que participan en la desobstrucci\u00f3n de viales y recogida de escombros y desechos se sumaron brigadas de otros territorios para acelerar el restablecimiento de los servicios.<\/p>\n\n\n\n<p class=\"wp-block-paragraph\">Hasta el domingo 2, dispon\u00eda de electricidad 7,3 % de los clientes en Pinar del R\u00edo. En la vecina Artemisa, la segunda provincia con mayores impactos, se encontraba operativo 50 % del servicio y m\u00e1s de 95 % en el caso de La Habana, seg\u00fan la Uni\u00f3n El\u00e9ctrica.<\/p>\n\n\n\n<p class=\"wp-block-paragraph\">Ante situaciones excepcionales como esta en Cuba se activa el sistema de la&nbsp;<a href=\"https:\/\/www.minfar.gob.cu\/node\/288\" target=\"_blank\" rel=\"noreferrer noopener\">Defensa Civil<\/a>, organizado desde el nivel nacional hasta el local, con el objetivo de proteger a la poblaci\u00f3n y la econom\u00eda.<\/p>\n\n\n\n<p class=\"wp-block-paragraph\">Dicho sistema incluye acciones de prevenci\u00f3n, preparaci\u00f3n, vigilancia, alerta temprana y pron\u00f3sticos de peligro, la evaluaci\u00f3n de variables y riesgos, as\u00ed como el aviso y orientaci\u00f3n a la ciudadan\u00eda.<\/p>\n\n\n\n<p class=\"wp-block-paragraph\">Adem\u00e1s de la visita del presidente Miguel D\u00edaz-Canel y otros funcionarios a las zonas devastadas, el gobierno design\u00f3 al general de cuerpo de ej\u00e9rcito Ram\u00f3n Espinosa para dirigir y coordinar las acciones de recuperaci\u00f3n, dada su experiencia ante estos fen\u00f3menos.<\/p>\n\n\n\n<h2 class=\"wp-block-heading\"><strong>Contexto desfavorable<\/strong><\/h2>\n\n\n\n<p class=\"wp-block-paragraph\">Ian asol\u00f3 el occidente cubano en medio de penurias econ\u00f3micas agravadas por los efectos de la pandemia de covid y el fortalecimiento del embargo estadounidense.<\/p>\n\n\n\n<p class=\"wp-block-paragraph\">La isla, con sus fuentes de ingresos deprimidas, encuentra obst\u00e1culos para acceder a cr\u00e9ditos en organismos financieros y tiene pendiente pagos de la deuda con los acreedores internacionales.<\/p>\n\n\n\n<p class=\"wp-block-paragraph\">Problemas sociales acumulados hacen m\u00e1s compleja la recuperaci\u00f3n. Por ejemplo, en Pinar del R\u00edo cientos de familias aguardan desde hace dos d\u00e9cadas por una vivienda tras perderla durante anteriores ciclones.<\/p>\n\n\n\n<p class=\"wp-block-paragraph\">Por otra parte, la inflaci\u00f3n, la desvalorizaci\u00f3n de salarios y pensiones, el creciente precio de los alimentos y el desabastecimiento de productos de primera necesidad, entre otros factores, han provocado un deterioro de las condiciones de vida de un porcentaje significativo de familias, se\u00f1alan soci\u00f3logos y economistas.<\/p>\n\n\n\n<p class=\"wp-block-paragraph\">Las personas con ingresos insuficientes cuentan con escasas posibilidades de mejorar sus hogares o comprar alimentos duraderos para afrontar el paso de ciclones tropicales.<\/p>\n\n\n\n<p class=\"wp-block-paragraph\">El Consejo de Ministros dispuso el 1 de octubre que el presupuesto del Estado financie 50% de los precios de los materiales de construcci\u00f3n, dep\u00f3sitos para agua y colchones que se vender\u00e1n a la poblaci\u00f3n damnificada, al igual que la posibilidad de acceder a cr\u00e9ditos bancarios, subsidios o financiamiento por la seguridad social para quienes no puedan costear los bienes.<\/p>\n\n\n\n<p class=\"wp-block-paragraph\">Adem\u00e1s de la ayuda que proveer\u00e1 el gobierno central, autoridades locales exhortaron a incrementar la producci\u00f3n territorial de materiales para cubrir los d\u00e9ficits.<\/p>\n\n\n\n<p class=\"wp-block-paragraph\">Seg\u00fan datos oficiales 37 % de los 3,9 millones de inmuebles en Cuba est\u00e1n en regular o&nbsp; mal estado t\u00e9cnico constructivo, y se requieren 863 000 viviendas adicionales en un pa\u00eds de 11,1 millones de habitantes.<\/p>\n\n\n\n<p class=\"wp-block-paragraph\">En 2019 comenz\u00f3 a aplicarse la Pol\u00edtica de la Vivienda, un plan gubernamental que propone eliminar el d\u00e9ficit en una d\u00e9cada, pero a\u00fan sin los resultados esperados debido a las dificultades econ\u00f3micas.<\/p>\n\n\n\n<p class=\"wp-block-paragraph\">Para 2022 se proyecta concluir 38 000 viviendas, pero a ese ritmo ser\u00edan necesarios m\u00e1s de 20 a\u00f1os para cumplir la meta, sin tener en cuenta futuras afectaciones por huracanes u otros fen\u00f3menos.<\/p>\n\n\n\n<p class=\"wp-block-paragraph\">La estadounidense&nbsp;<a href=\"https:\/\/www.nhc.noaa.gov\/\" target=\"_blank\" rel=\"noreferrer noopener\">Oficina Nacional de Administraci\u00f3n Oce\u00e1nica y Atmosf\u00e9rica<\/a>&nbsp;(NOAA, en ingl\u00e9s) estima para la actual temporada cicl\u00f3nica hasta el 30 de noviembre en el Atl\u00e1ntico norte, el golfo de M\u00e9xico y el mar Caribe, unas 14 tormentas tropicales, siete de las cuales podr\u00edan convertirse en huracanes.<\/p>\n\n\n\n<h2 class=\"wp-block-heading\"><strong>Otros da\u00f1os<\/strong><\/h2>\n\n\n\n<p class=\"wp-block-paragraph\">Los vientos de Ian provocaron al final de la tarde del d\u00eda 27 el colapso del sistema el\u00e9ctrico nacional y dej\u00f3 a oscuras al pa\u00eds, hasta que comenzaron a habilitarse paulatinamente los circuitos 24 horas despu\u00e9s.<\/p>\n\n\n\n<p class=\"wp-block-paragraph\">La envejecida infraestructura de generaci\u00f3n t\u00e9rmica, con frecuentes roturas y necesarias reparaciones, ha provocado en los \u00faltimos meses apagones diarios de 12 horas y m\u00e1s en gran parte de las localidades.<\/p>\n\n\n\n<p class=\"wp-block-paragraph\">Zonas de los 15 municipios de La Habana y de otras provincias permanecieron hasta m\u00e1s de 100 horas sin fluido el\u00e9ctrico o bajo voltaje.<\/p>\n\n\n\n<p class=\"wp-block-paragraph\">\u201cTuvimos que comernos r\u00e1pido la comida que se descongel\u00f3. Adem\u00e1s de estar cada vez m\u00e1s cara y dif\u00edcil de resolver, es muy duro tener que ech\u00e1rsela a los animales como pas\u00f3 con varios vecinos\u201d, se\u00f1al\u00f3 a IPS la trabajadora informal Yurima Blanco, residente con su madre jubilada y dos hijos en el capitalino municipio de Arroyo Naranjo.<\/p>\n\n\n\n<p class=\"wp-block-paragraph\">En distintas zonas de la capital cubana y otras provincias personas reclamaron el restablecimiento de los servicios de electricidad y agua mediante cacerolazos y el bloqueo de viales, y en algunas de las protestas callejeras se exteriorizaron inconformidades con la gesti\u00f3n del gobierno y reclamos de cambios pol\u00edticos.<\/p>\n\n\n\n<p class=\"wp-block-paragraph\">Durante la noche y madrugada del 29 y 30 de septiembre plataformas que monitorean el tr\u00e1fico global de internet corroboraron un corte masivo del servicio en el pa\u00eds, similar al ocurrido tras las protestas del 11 de julio de 2021 que tambi\u00e9n tuvieron como trasfondo, entre m\u00faltiples factores, la irritaci\u00f3n ciudadana por el estado de la econom\u00eda y los continuos apagones.<\/p>\n\n\n\n<p class=\"wp-block-paragraph\">Autoridades han reconocido la legitimidad y el derecho a las protestas. Tambi\u00e9n sostienen que algunas est\u00e1n aupadas desde el exterior con el objetivo de fomentar la desestabilizaci\u00f3n interna y que aplicar\u00e1n las leyes ante actos vand\u00e1licos.<\/p>\n\n\n\n<p class=\"wp-block-paragraph\">En La Habana, los vientos sostenidos de Ian alcanzaron hasta 90 kil\u00f3metros por hora y derribaron cerca de un millar de \u00e1rboles, lo cual demor\u00f3 la recuperaci\u00f3n de los servicios, esgrimen funcionarios locales.<\/p>\n\n\n\n<p class=\"wp-block-paragraph\">\u201cSi los \u00e1rboles no se podan a tiempo con vientos fuertes se caen y da\u00f1an el tendido el\u00e9ctrico. Hay que elevar m\u00e1s la percepci\u00f3n de riesgo, porque no siempre se destupen alcantarillas, recogen la basura o se informa adecuadamente c\u00f3mo asegurar los techos m\u00e1s endebles\u201d, argument\u00f3 al conversar con IPS el ingeniero civil Ram\u00f3n Plasencia, residente en el municipio de Boyeros.<\/p>\n\n\n\n<p class=\"wp-block-paragraph\">De acuerdo con Plasencia, \u201ctambi\u00e9n es importante que el gobierno priorice m\u00e1s las inversiones en la infraestructura cr\u00edtica y se construyan viviendas m\u00e1s resistentes, o veremos agravarse estos problemas, porque si algo es seguro es que los huracanes ser\u00e1n cada vez m\u00e1s destructivos\u201d.<\/p>\n\n\n\n<h2 class=\"wp-block-heading\"><strong>Ayudas<\/strong><\/h2>\n\n\n\n<p class=\"wp-block-paragraph\">Hasta este lunes 3, Cuba recibi\u00f3 m\u00e1s de la mitad de las 100 toneladas de ayuda humanitaria brindada por el gobierno del presidente de M\u00e9xico, Andr\u00e9s Manuel L\u00f3pez Obrador.<\/p>\n\n\n\n<p class=\"wp-block-paragraph\">Seg\u00fan reportes oficiales, en la primera semana de octubre debe llegar desde Venezuela un cargamento con 300 000 bolsas de alimentos, 52 transformadores el\u00e9ctricos y 22 500 metros cuadrados de cubiertas de techo.<\/p>\n\n\n\n<p class=\"wp-block-paragraph\">La&nbsp;<a href=\"https:\/\/www.un.org\/es\/about-us\" target=\"_blank\" rel=\"noreferrer noopener\">Organizaci\u00f3n de las Naciones Unidas<\/a>&nbsp;(ONU) ofreci\u00f3 ayuda de emergencia, incluidos alimentos, y asegur\u00f3 que junto con sus agencias responder\u00e1 a las necesidades que identifiquen las autoridades cubanas.<\/p>\n\n\n\n<p class=\"wp-block-paragraph\">La&nbsp;<a href=\"https:\/\/www.paho.org\/es\" target=\"_blank\" rel=\"noreferrer noopener\">Organizaci\u00f3n Panamericana de la Salud<\/a>&nbsp;(OPS) entreg\u00f3 al hospital Abel Santamar\u00eda de la ciudad de Pinar del R\u00edo unas ocho toneladas de medicamentos como antibi\u00f3ticos, antinflamatorios, analg\u00e9sicos, medios quir\u00fargicos, ox\u00edmetros, material de cura y otros insumos para la atenci\u00f3n de pacientes.<\/p>\n\n\n\n<p class=\"wp-block-paragraph\">En un tuit este lunes 3, el&nbsp;<a href=\"https:\/\/www.minrex.gob.cu\/es\" target=\"_blank\" rel=\"noreferrer noopener\">Ministerio de Relaciones Exteriores<\/a>&nbsp;confirm\u00f3 que los gobiernos de Cuba y Estados Unidos \u201chemos intercambiado informaci\u00f3n sobre los da\u00f1os cuantiosos y p\u00e9rdidas lamentables ocasionados por el Hurac\u00e1n Ian en ambos pa\u00edses\u201d y \u201ctambi\u00e9n mantenemos comunicaci\u00f3n con otros gobiernos interesados en los estragos y necesidades para la recuperaci\u00f3n en Cuba\u201d.<\/p>\n\n\n\n<p class=\"wp-block-paragraph\">Instituciones, organizaciones de la sociedad civil y personas solidarias recogen donaciones para las familias damnificadas.<\/p>\n","protected":false},"excerpt":{"rendered":"<p>Adem\u00e1s del fallecimiento de tres personas, en el occidente cubano se reportan afectaciones en inmuebles, infraestructura el\u00e9ctrica y de telecomunicaciones, as\u00ed como en miles de hect\u00e1reas de cultivos y ca\u00edda del arbolado.<\/p>\n","protected":false},"author":3,"featured_media":57052,"comment_status":"open","ping_status":"open","sticky":false,"template":"","format":"standard","meta":{"_monsterinsights_skip_tracking":false,"footnotes":""},"categories":[693,53],"tags":[],"class_list":["post-57051","post","type-post","status-publish","format-standard","has-post-thumbnail","category-693","category-internacional"],"_links":{"self":[{"href":"https:\/\/redsemlac.com\/semmexico\/wp-json\/wp\/v2\/posts\/57051","targetHints":{"allow":["GET"]}}],"collection":[{"href":"https:\/\/redsemlac.com\/semmexico\/wp-json\/wp\/v2\/posts"}],"about":[{"href":"https:\/\/redsemlac.com\/semmexico\/wp-json\/wp\/v2\/types\/post"}],"author":[{"embeddable":true,"href":"https:\/\/redsemlac.com\/semmexico\/wp-json\/wp\/v2\/users\/3"}],"replies":[{"embeddable":true,"href":"https:\/\/redsemlac.com\/semmexico\/wp-json\/wp\/v2\/comments?post=57051"}],"version-history":[{"count":0,"href":"https:\/\/redsemlac.com\/semmexico\/wp-json\/wp\/v2\/posts\/57051\/revisions"}],"wp:featuredmedia":[{"embeddable":true,"href":"https:\/\/redsemlac.com\/semmexico\/wp-json\/wp\/v2\/media\/57052"}],"wp:attachment":[{"href":"https:\/\/redsemlac.com\/semmexico\/wp-json\/wp\/v2\/media?parent=57051"}],"wp:term":[{"taxonomy":"category","embeddable":true,"href":"https:\/\/redsemlac.com\/semmexico\/wp-json\/wp\/v2\/categories?post=57051"},{"taxonomy":"post_tag","embeddable":true,"href":"https:\/\/redsemlac.com\/semmexico\/wp-json\/wp\/v2\/tags?post=57051"}],"curies":[{"name":"wp","href":"https:\/\/api.w.org\/{rel}","templated":true}]}}