{"id":57042,"date":"2022-10-08T09:22:00","date_gmt":"2022-10-08T15:22:00","guid":{"rendered":"https:\/\/redsemlac.com\/semmexico\/?p=57042"},"modified":"2023-07-21T19:18:28","modified_gmt":"2023-07-22T00:18:28","slug":"mexico-los-embarazos-adolescentes-problema-urgente-por-atender","status":"publish","type":"post","link":"https:\/\/redsemlac.com\/semmexico\/mexico-los-embarazos-adolescentes-problema-urgente-por-atender\/","title":{"rendered":"M\u00e9xico: Los embarazos adolescentes, problema urgente por atender"},"content":{"rendered":"\n<ul class=\"wp-block-list\"><li><strong>Confundida, temerosa y sin la protecci\u00f3n adecuada, la mayor\u00eda de las y los j\u00f3venes de entre los 12 y 19 a\u00f1os inician una vida sexual activa pr\u00e1cticamente a escondidas, sin tener claro lo que significa asumir una sexualidad responsable y, ante la confirmaci\u00f3n de un embarazo no planificado, sus proyectos de vida cambian de manera radical.<\/strong><\/li><\/ul>\n\n\n\n<p class=\"wp-block-paragraph\"><br><strong>Daniel Robles<\/strong><\/p>\n\n\n\n<p class=\"wp-block-paragraph\">SemM\u00e9xico,&nbsp; Ciudad de M\u00e9xico, 8 de octubre 2022.- &nbsp;<em>El aumento del n\u00famero de embarazos en ese sector de la poblaci\u00f3n se ha convertido en un problema de salud p\u00fablica que es urgente atender con campa\u00f1as de prevenci\u00f3n m\u00e1s asertivas y una educaci\u00f3n integral de la sexualidad en la que est\u00e9n incluidas la familia, la escuela y las pol\u00edticas p\u00fablicas del Estado, dijo Ena Er\u00e9ndira Ni\u00f1o Calixto, responsable del Programa de Sexualidad Humana de la Facultad de Psicolog\u00eda.<\/em><\/p>\n\n\n\n<p class=\"wp-block-paragraph\"><em>De acuerdo con datos del Consejo Nacional de Poblaci\u00f3n (Conapo), en M\u00e9xico cada d\u00eda m\u00e1s de mil adolescentes de entre 12 y 19 a\u00f1os se vuelven madres sin planearlo o desearlo, adem\u00e1s de que nuestro pa\u00eds ocupa el primer lugar de embarazos en adolescentes, entre las naciones de la Organizaci\u00f3n para la Cooperaci\u00f3n y el Desarrollo Econ\u00f3micos con una tasa de fecundidad de 77 nacimientos por cada mil adolescentes de 15 a 19 a\u00f1os de edad.<\/em><\/p>\n\n\n<div class=\"wp-block-image\">\n<figure class=\"aligncenter size-full\"><a href=\"https:\/\/redsemlac.com\/semmexico\/wp-content\/uploads\/2022\/10\/adolescente-2.jpg\"><img loading=\"lazy\" decoding=\"async\" width=\"689\" height=\"437\" src=\"https:\/\/redsemlac.com\/semmexico\/wp-content\/uploads\/2022\/10\/adolescente-2.jpg\" alt=\"\" class=\"wp-image-57043\"\/><\/a><\/figure>\n<\/div>\n\n\n<p class=\"wp-block-paragraph\">La universitaria coment\u00f3, con motivo del D\u00eda Mundial de la Prevenci\u00f3n del Embarazo Adolescente, que la falta de informaci\u00f3n oportuna y una educaci\u00f3n sexual incompleta han contribuido de forma significativa a que los embarazos entre adolescentes se sigan incrementando. \u201cMe parece que tanto hombres como mujeres inician su vida sexual activa sin informaci\u00f3n. El problema del embarazo en adolescentes se encuentra muy relacionado con la falta de educaci\u00f3n integral de la sexualidad, en la que no solamente se pueda abordar el tema desde la parte fisiol\u00f3gica sobre el funcionamiento del cuerpo, sino tambi\u00e9n se debe dar un enfoque m\u00e1s humanista que incluya los v\u00ednculos afectivos como el enamoramiento, deseo, placer, curiosidad e interacciones f\u00edsicas y emocionales entre los adolescentes\u201d.<\/p>\n\n\n\n<p class=\"wp-block-paragraph\">A\u00f1adi\u00f3 que ante la falta de una educaci\u00f3n sexual adecuada, en sus primeras relaciones sexuales las y los adolescentes experimentan el placer, el disfrute y el gozo, pero con ciertos temores e inseguridades, por lo que despu\u00e9s enfrentan las consecuencias a nivel psicol\u00f3gico, pues sienten verg\u00fcenza, culpa y miedo por las repercusiones de esos encuentros.<\/p>\n\n\n\n<p class=\"wp-block-paragraph\">La investigadora destac\u00f3 que otro factor importante a considerar es que en M\u00e9xico las y los j\u00f3venes adolescentes, por su corta edad, no tienen acceso habitual a los m\u00e9todos anticonceptivos y en el mejor de los casos lo m\u00e1s f\u00e1cil es que puedan recurrir a los m\u00e9todos de protecci\u00f3n, como los preservativos, que se pueden conseguir en cualquier farmacia o tienda de conveniencia; sin embargo, a\u00fan hay ciertos prejuicios o una resistencia cultural a utilizarlos, sobre todo en el caso de las mujeres.<\/p>\n\n\n\n<p class=\"wp-block-paragraph\">Por otra parte, alert\u00f3 sobre el incremento de embarazos en menores de 14 a\u00f1os, pero en la mayor\u00eda de los casos como consecuencia de relaciones sexuales forzadas por adultos y en el que el tema ha dejado de ser un asunto de salud p\u00fablica para convertirse en un grave problema de violencia y abuso sexual que merece atenci\u00f3n prioritaria, pues desafortunadamente las estad\u00edsticas muestran que el tema se agudiz\u00f3 con la pandemia y el encierro.<\/p>\n\n\n\n<p class=\"wp-block-paragraph\">En esas \u00faltimas circunstancias, los embarazos de adolescentes no intencionados aumentaron al menos 30 por ciento, es decir, poco m\u00e1s de 29 mil nacimientos adicionales a los que se hab\u00edan proyectado. S\u00f3lo en 2021 se registraron 111 mil 172 ni\u00f1os y ni\u00f1as que al momento del nacimiento de sus hijos o hijas ten\u00edan entre 10 y 17 a\u00f1os de edad, de acuerdo con cifras del Conapo y del Instituto Nacional de Estad\u00edstica y Geograf\u00eda.<\/p>\n\n\n\n<h2 class=\"wp-block-heading\">Repercusiones educativas y laborales<\/h2>\n\n\n\n<p class=\"wp-block-paragraph\">Ni\u00f1o Calixto refiri\u00f3 que algunas de las principales consecuencias sociales que trae consigo un embarazo no planificado a edad temprana, repercuten directamente en el \u00e1mbito educativo y laboral, y en esas situaciones particularmente las mujeres enfrentan una situaci\u00f3n de vulnerabilidad.<\/p>\n\n\n<div class=\"wp-block-image\">\n<figure class=\"aligncenter size-full\"><a href=\"https:\/\/redsemlac.com\/semmexico\/wp-content\/uploads\/2022\/10\/adolescente-3.jpg\"><img loading=\"lazy\" decoding=\"async\" width=\"645\" height=\"510\" src=\"https:\/\/redsemlac.com\/semmexico\/wp-content\/uploads\/2022\/10\/adolescente-3.jpg\" alt=\"\" class=\"wp-image-57044\"\/><\/a><\/figure>\n<\/div>\n\n\n<p class=\"wp-block-paragraph\">\u201cLo m\u00e1s delicado y lamentable es la deserci\u00f3n escolar, la cual incide directamente en el desarrollo personal y profesional de las j\u00f3venes, sobre todo cuando sus parejas no acompa\u00f1an y no asumen la responsabilidad de una paternidad y ellas terminan dependiendo econ\u00f3micamente de la propia familia; en tanto que su incorporaci\u00f3n al \u00e1mbito laboral tambi\u00e9n se da en condiciones de desventaja por ser mujeres, por ser j\u00f3venes y porque a\u00fan se usa de forma peyorativa la definici\u00f3n de madre soltera.\u201d<\/p>\n\n\n\n<p class=\"wp-block-paragraph\">Por \u00faltimo, indic\u00f3 que el Programa de Sexualidad Humana de la Facultad de Psicolog\u00eda ofrece talleres para Aprender Haciendo, y Reflexionar Jugando, como una propuesta pedag\u00f3gica para que las y los j\u00f3venes accedan a la mayor cantidad de informaci\u00f3n y a una educaci\u00f3n integral de la sexualidad en la que tambi\u00e9n se pueden incorporar las mam\u00e1s, los pap\u00e1s y cuidadores primarios.<\/p>\n\n\n\n<p class=\"wp-block-paragraph\"><strong>Texto y Fotos: Gaceta UNAM<br><br><\/strong><\/p>\n","protected":false},"excerpt":{"rendered":"<p>El aumento del n\u00famero de embarazos en ese sector de la poblaci\u00f3n se ha convertido en un problema de salud p\u00fablica que es urgente atender con campa\u00f1as de prevenci\u00f3n m\u00e1s asertivas y una educaci\u00f3n integral de la sexualidad<\/p>\n","protected":false},"author":3,"featured_media":57045,"comment_status":"open","ping_status":"open","sticky":false,"template":"","format":"standard","meta":{"_monsterinsights_skip_tracking":false,"footnotes":""},"categories":[693,51],"tags":[],"class_list":["post-57042","post","type-post","status-publish","format-standard","has-post-thumbnail","category-693","category-ejecutivo"],"_links":{"self":[{"href":"https:\/\/redsemlac.com\/semmexico\/wp-json\/wp\/v2\/posts\/57042","targetHints":{"allow":["GET"]}}],"collection":[{"href":"https:\/\/redsemlac.com\/semmexico\/wp-json\/wp\/v2\/posts"}],"about":[{"href":"https:\/\/redsemlac.com\/semmexico\/wp-json\/wp\/v2\/types\/post"}],"author":[{"embeddable":true,"href":"https:\/\/redsemlac.com\/semmexico\/wp-json\/wp\/v2\/users\/3"}],"replies":[{"embeddable":true,"href":"https:\/\/redsemlac.com\/semmexico\/wp-json\/wp\/v2\/comments?post=57042"}],"version-history":[{"count":0,"href":"https:\/\/redsemlac.com\/semmexico\/wp-json\/wp\/v2\/posts\/57042\/revisions"}],"wp:featuredmedia":[{"embeddable":true,"href":"https:\/\/redsemlac.com\/semmexico\/wp-json\/wp\/v2\/media\/57045"}],"wp:attachment":[{"href":"https:\/\/redsemlac.com\/semmexico\/wp-json\/wp\/v2\/media?parent=57042"}],"wp:term":[{"taxonomy":"category","embeddable":true,"href":"https:\/\/redsemlac.com\/semmexico\/wp-json\/wp\/v2\/categories?post=57042"},{"taxonomy":"post_tag","embeddable":true,"href":"https:\/\/redsemlac.com\/semmexico\/wp-json\/wp\/v2\/tags?post=57042"}],"curies":[{"name":"wp","href":"https:\/\/api.w.org\/{rel}","templated":true}]}}