{"id":57032,"date":"2022-10-07T12:15:38","date_gmt":"2022-10-07T18:15:38","guid":{"rendered":"https:\/\/redsemlac.com\/semmexico\/?p=57032"},"modified":"2023-07-21T19:18:29","modified_gmt":"2023-07-22T00:18:29","slug":"oaxaca-accionando-por-la-alimentacion-sana-de-la-ninez-y-juventud","status":"publish","type":"post","link":"https:\/\/redsemlac.com\/semmexico\/oaxaca-accionando-por-la-alimentacion-sana-de-la-ninez-y-juventud\/","title":{"rendered":"Oaxaca, accionando por la alimentaci\u00f3n sana de la ni\u00f1ez y juventud"},"content":{"rendered":"\n<ul class=\"wp-block-list\"><li><strong>#OaxacaSinChatarra se encuentra estrechamente vinculada con la defensa del primer territorio, el cual es el cuerpo.<\/strong><\/li><li><strong>\u201cNo puedes hablar de cuidar una comunidad si no hablas del cuidado de su salud en lo individual pero tambi\u00e9n en lo colectivo\u201d, Maricela Zurita Cruz, regidora de Ecolog\u00eda de San Juan Quiahije.<\/strong><\/li><\/ul>\n\n\n\n<p class=\"wp-block-paragraph\"><strong>Redacci\u00f3n<\/strong><\/p>\n\n\n\n<p class=\"wp-block-paragraph\">SemM\u00e9xico, San Juan Quiahije, Oaxaca, 7 de octubre del 2022.- En el marco del Conversatorio \u00abCuidado de la vida y el territorio en San Juan Quiahije\u00bb, que forma parte del \u00abSeminario sobre el extractivismo y despojo en Oaxaca\u00bb, se present\u00f3 la campa\u00f1a \u00abPor el Derecho a una alimentaci\u00f3n sana y nutritiva de ni\u00f1as, ni\u00f1os y adolescentes\u00bb, mejor conocida como #OaxacasinChatarra, ante estudiantes del Instituto de Estudios de Bachillerato del Estado de Oaxaca (IEBO) Plantel 220 y autoridades locales.<\/p>\n\n\n\n<p class=\"wp-block-paragraph\">La actividad estuvo organizada por la Regidur\u00eda de Ecolog\u00eda, encabezada por Maricela Zurita Cruz y por el Instituto de Investigaciones Sociol\u00f3gicas de la Universidad Aut\u00f3noma \u201cBenito Ju\u00e1rez\u201d de Oaxaca (IISUABJO), y tuvo como objetivo conocer cu\u00e1l es la situaci\u00f3n actual del extractivismo y de la miner\u00eda en la regi\u00f3n, no solo desde una perspectiva acad\u00e9mica sino desde lo social.<\/p>\n\n\n\n<p class=\"wp-block-paragraph\">En ese contexto, Ver\u00f3nica Santiago, integrante de Consorcio para el Di\u00e1logo Parlamentario y la Equidad, A. C., una de las organizaciones impulsoras de esta campa\u00f1a, resalt\u00f3 que #OaxacaSinChatarra se encuentra estrechamente vinculada con la defensa del primer territorio, el cuerpo.<\/p>\n\n\n\n<p class=\"wp-block-paragraph\">Se\u00f1al\u00f3 que el impacto negativo de la comida chatarra se manifiesta en la salud: los primeros da\u00f1os se dan en la salud bucal, en la caries y p\u00e9rdida de piezas dentales. Sigue el sobrepeso, la obesidad y como consecuencias m\u00e1s graves, enfermedades cr\u00f3nicas degenerativas.<\/p>\n\n\n\n<p class=\"wp-block-paragraph\">Al referirse a los alimentos ultraprocesados, subray\u00f3 que adem\u00e1s de atentar contra la salud con sus excesos de az\u00facares, edulcorantes y aditivos, con sus campa\u00f1as multimillonarias desv\u00edan la atenci\u00f3n de las toneladas de desechos pl\u00e1sticos, como lo es la empresa Coca Cola, que deja una huella anual de 2,900,000 toneladas de basura.<\/p>\n\n\n\n<figure class=\"wp-block-gallery has-nested-images columns-2 is-cropped wp-block-gallery-1 is-layout-flex wp-block-gallery-is-layout-flex\">\n<figure class=\"wp-block-image size-large\"><a href=\"https:\/\/redsemlac.com\/semmexico\/wp-content\/uploads\/2022\/10\/oaxaca-5.jpg\"><img loading=\"lazy\" decoding=\"async\" width=\"1600\" height=\"1197\" data-id=\"57037\" src=\"https:\/\/redsemlac.com\/semmexico\/wp-content\/uploads\/2022\/10\/oaxaca-5.jpg\" alt=\"\" class=\"wp-image-57037\"\/><\/a><\/figure>\n\n\n\n<figure class=\"wp-block-image size-large\"><a href=\"https:\/\/redsemlac.com\/semmexico\/wp-content\/uploads\/2022\/10\/oaxaca-4.jpg\"><img loading=\"lazy\" decoding=\"async\" width=\"1600\" height=\"1197\" data-id=\"57036\" src=\"https:\/\/redsemlac.com\/semmexico\/wp-content\/uploads\/2022\/10\/oaxaca-4.jpg\" alt=\"\" class=\"wp-image-57036\"\/><\/a><\/figure>\n\n\n\n<figure class=\"wp-block-image size-large\"><a href=\"https:\/\/redsemlac.com\/semmexico\/wp-content\/uploads\/2022\/10\/oaxaca-3.jpg\"><img loading=\"lazy\" decoding=\"async\" width=\"1600\" height=\"1197\" data-id=\"57035\" src=\"https:\/\/redsemlac.com\/semmexico\/wp-content\/uploads\/2022\/10\/oaxaca-3.jpg\" alt=\"\" class=\"wp-image-57035\"\/><\/a><\/figure>\n\n\n\n<figure class=\"wp-block-image size-large\"><a href=\"https:\/\/redsemlac.com\/semmexico\/wp-content\/uploads\/2022\/10\/oaxaca-1.jpg\"><img loading=\"lazy\" decoding=\"async\" width=\"1600\" height=\"1197\" data-id=\"57033\" src=\"https:\/\/redsemlac.com\/semmexico\/wp-content\/uploads\/2022\/10\/oaxaca-1.jpg\" alt=\"\" class=\"wp-image-57033\"\/><\/a><\/figure>\n<\/figure>\n\n\n\n<p class=\"wp-block-paragraph\">Al respecto, la regidora de Ecolog\u00eda de San Juan Quiahije, Maricela Zurita afirm\u00f3: \u201cEl tema del cuidado del territorio, que en realidad le queremos llamar el cuidado de la vida, es un entramado de situaciones y todo est\u00e1 interrelacionado, entonces no puedes hablar de cuidar una comunidad si no hablas del cuidado de su salud en lo individual pero tambi\u00e9n en lo colectivo\u201d.<\/p>\n\n\n\n<p class=\"wp-block-paragraph\">Y agreg\u00f3: \u201cal saber de las actividades de esta campa\u00f1a nos pareci\u00f3 importante hablar sobre cu\u00e1les son los impactos de la comida chatarra en la salud, pero tambi\u00e9n c\u00f3mo afecta a la comunidad; tambi\u00e9n lo trajimos a colaci\u00f3n porque hemos hecho esfuerzos de prohibir el consumo de ciertos productos en la comunidad\u201d.<\/p>\n\n\n\n<p class=\"wp-block-paragraph\">De igual forma, como parte de esta actividad, Ver\u00f3nica Santiago de Consorcio Oaxaca habl\u00f3 sobre el \u201cEl recetario de la T\u00eda Edu\u201d, el cual fue presentado en la Universidad Aut\u00f3noma \u201cBenito Ju\u00e1rez\u201d de Oaxaca (UABJO) en septiembre pasado.<\/p>\n\n\n\n<p class=\"wp-block-paragraph\">Se trata de una publicaci\u00f3n que contempla una serie de recetas de comida, aguas frescas y postres econ\u00f3micos, as\u00ed como productos de consumo local, muy accesibles en Oaxaca como son el ma\u00edz, la calabaza, la tuna, los granos, el frijol y los chiles y que constituye una propuesta, -basada en la gastronom\u00eda de las comunidades- ante el incremento de los alimentos ultraprocesados.<\/p>\n\n\n\n<p class=\"wp-block-paragraph\">Durante la actividad se llev\u00f3 a cabo una sesi\u00f3n de preguntas y respuestas y al t\u00e9rmino de \u00e9sta se distribuyeron entre el estudiantado ejemplares del libro \u201cPlaneta Ultraprocesado: Los riesgos a la salud y el medio ambiente de los productos ultraprocesados\u201d y del Recetario de \u201cLa t\u00eda Edu\u201d.<\/p>\n\n\n\n<p class=\"wp-block-paragraph\">SEM\/MG<\/p>\n","protected":false},"excerpt":{"rendered":"<p>#OaxacaSinChatarra se encuentra estrechamente vinculada con la defensa del primer territorio, el cual es el cuerpo.<\/p>\n","protected":false},"author":3,"featured_media":57034,"comment_status":"open","ping_status":"open","sticky":false,"template":"","format":"standard","meta":{"_monsterinsights_skip_tracking":false,"footnotes":""},"categories":[693,54],"tags":[146],"class_list":["post-57032","post","type-post","status-publish","format-standard","has-post-thumbnail","category-693","category-mujeres","tag-oaxaca"],"_links":{"self":[{"href":"https:\/\/redsemlac.com\/semmexico\/wp-json\/wp\/v2\/posts\/57032","targetHints":{"allow":["GET"]}}],"collection":[{"href":"https:\/\/redsemlac.com\/semmexico\/wp-json\/wp\/v2\/posts"}],"about":[{"href":"https:\/\/redsemlac.com\/semmexico\/wp-json\/wp\/v2\/types\/post"}],"author":[{"embeddable":true,"href":"https:\/\/redsemlac.com\/semmexico\/wp-json\/wp\/v2\/users\/3"}],"replies":[{"embeddable":true,"href":"https:\/\/redsemlac.com\/semmexico\/wp-json\/wp\/v2\/comments?post=57032"}],"version-history":[{"count":0,"href":"https:\/\/redsemlac.com\/semmexico\/wp-json\/wp\/v2\/posts\/57032\/revisions"}],"wp:featuredmedia":[{"embeddable":true,"href":"https:\/\/redsemlac.com\/semmexico\/wp-json\/wp\/v2\/media\/57034"}],"wp:attachment":[{"href":"https:\/\/redsemlac.com\/semmexico\/wp-json\/wp\/v2\/media?parent=57032"}],"wp:term":[{"taxonomy":"category","embeddable":true,"href":"https:\/\/redsemlac.com\/semmexico\/wp-json\/wp\/v2\/categories?post=57032"},{"taxonomy":"post_tag","embeddable":true,"href":"https:\/\/redsemlac.com\/semmexico\/wp-json\/wp\/v2\/tags?post=57032"}],"curies":[{"name":"wp","href":"https:\/\/api.w.org\/{rel}","templated":true}]}}