{"id":57014,"date":"2022-10-07T10:15:12","date_gmt":"2022-10-07T16:15:12","guid":{"rendered":"https:\/\/redsemlac.com\/semmexico\/?p=57014"},"modified":"2023-07-21T19:18:29","modified_gmt":"2023-07-22T00:18:29","slug":"mujer-y-poder-el-triunfo-de-giorgia-en-italia-nos-beneficia","status":"publish","type":"post","link":"https:\/\/redsemlac.com\/semmexico\/mujer-y-poder-el-triunfo-de-giorgia-en-italia-nos-beneficia\/","title":{"rendered":"Mujer y Poder| El triunfo de Giorgia en Italia\u2026 \u00a1nos beneficia!"},"content":{"rendered":"\n<p class=\"wp-block-paragraph\"><strong>Natalia Vidales Rodr\u00edguez<\/strong><\/p>\n\n\n\n<p class=\"wp-block-paragraph\">SemM\u00e9xico, Sonora, 7 de octubre del 2022.- Nos alegra sobremanera el triunfo de Giorgia Meloni, reci\u00e9n electa como Primera Ministra de Italia. Y nos contenta, no solo porque es una mujer m\u00e1s que llega a la m\u00e1s alta esfera del poder, sino porque su trayectoria y principios son, de inicio, la mejor garant\u00eda de un buen gobierno.&nbsp;<\/p>\n\n\n\n<p class=\"wp-block-paragraph\">En efecto: por fin habr\u00e1 alguien&nbsp; -con autoridad suficiente-&nbsp; que \u201chaga algo\u201d a favor de la familia, del respeto a los valores universales, a la vida, al orden en esta sociedad tan deteriorada hoy en d\u00eda por las voces -pocas pero muy gritonas- de los grupos minoritarios que exigen respeto a sus derechos pero\u2026 pisotean el de los dem\u00e1s.<\/p>\n\n\n\n<p class=\"wp-block-paragraph\">A pasos agigantados, esos grup\u00fasculos han ido ganando espacios a\u00fan en el \u00e1mbito pol\u00edtico, logrando cambios significativos como ya lo estamos viendo que sucede en materia de la educaci\u00f3n b\u00e1sica, trastocando con sus ideas de \u201cavanzada\u201d los valores tradicionales de la familia y de la sociedad fraguados a lo largo de la historia.&nbsp;<\/p>\n\n\n\n<p class=\"wp-block-paragraph\">Y no estamos, de ninguna manera, promoviendo la homofobia ni yendo en contra de las libertades de credo, de pensamiento, de afiliaci\u00f3n pol\u00edtica, de preferencias sexuales, etc, etc, etc.<\/p>\n\n\n\n<p class=\"wp-block-paragraph\">Pero una cosa es eso y otra muy distinta lo que ha venido sucediendo: la imposici\u00f3n de culturas ajenas, el libertinaje, la anarqu\u00eda, el deterioro de nuestra sociedad en general donde el buen decir, el buen actuar y el buen vivir pareciera que -como en un mundo bizarro- estorban y que habr\u00eda que desaparecer.<\/p>\n\n\n\n<p class=\"wp-block-paragraph\">La libertad -tan noble ideal y valor de la Humanidad-&nbsp; se ha convertido en libertinaje cuando, por el temor de ser tachados de \u201cmoralistas\u201d, los grupos conservadores se han ido alineando a \u201cla moda\u201d del lenguaje vulgar, y aceptado -con su silencio-&nbsp; a quien despotrica contra la familia, la \u00e9tica y la moral.<\/p>\n\n\n\n<p class=\"wp-block-paragraph\">Por todo ello, agrada ver que hay una voz de peso que defender\u00e1 las creencias y valores de millones de personas en el mundo, no solo en M\u00e9xico o Italia, que han permanecido en silencio ante el vil atropello de quienes apreciamos y privilegiamos&nbsp; la vida, el decoro, el lenguaje correcto y comedido, el pudor, la conciencia, la familia.<\/p>\n\n\n\n<p class=\"wp-block-paragraph\">\u00a1Enhorabuena por el triunfo de Giorgia en Italia! Llega con la intenci\u00f3n de sumarse a las voces y acciones de quienes deseamos de nuevo una sociedad de verdadero respeto para todos\/as.<\/p>\n\n\n\n<p class=\"wp-block-paragraph\">Se escuchar\u00e1 muy trillada -pero hay que repetirla sin cansancio hasta que sea efectiva-&nbsp; la frase c\u00e9lebre de Benito Ju\u00e1rez, de que \u201cel respeto al derecho ajeno, es la paz\u201d. Todas y todos merecemos esa consideraci\u00f3n, no solo esos grupos que pretenden imponer incluso mediante la violencia y la intimidaci\u00f3n&nbsp; su extra\u00f1a, por no decir desviada,&nbsp; forma de ver las cosas.<\/p>\n\n\n\n<p class=\"wp-block-paragraph\">Hoy, por lo pronto en Italia \u2013y esperemos que ese ejemplo cunda en otros pa\u00edses-&nbsp; ya lleg\u00f3 quien les marque sus l\u00edmites a quienes, en mala hora, han visto en el desenfreno moral una disque nueva y mejor forma de vivir. Ya no m\u00e1s.<\/p>\n","protected":false},"excerpt":{"rendered":"<p>Nos alegra sobremanera el triunfo de Giorgia Meloni, reci\u00e9n electa como Primera Ministra de Italia. <\/p>\n","protected":false},"author":3,"featured_media":36862,"comment_status":"open","ping_status":"open","sticky":false,"template":"","format":"standard","meta":{"_monsterinsights_skip_tracking":false,"footnotes":""},"categories":[693,100,72,35],"tags":[],"class_list":["post-57014","post","type-post","status-publish","format-standard","has-post-thumbnail","category-693","category-mujer-y-poder","category-natalia-vidales","category-opinion"],"_links":{"self":[{"href":"https:\/\/redsemlac.com\/semmexico\/wp-json\/wp\/v2\/posts\/57014","targetHints":{"allow":["GET"]}}],"collection":[{"href":"https:\/\/redsemlac.com\/semmexico\/wp-json\/wp\/v2\/posts"}],"about":[{"href":"https:\/\/redsemlac.com\/semmexico\/wp-json\/wp\/v2\/types\/post"}],"author":[{"embeddable":true,"href":"https:\/\/redsemlac.com\/semmexico\/wp-json\/wp\/v2\/users\/3"}],"replies":[{"embeddable":true,"href":"https:\/\/redsemlac.com\/semmexico\/wp-json\/wp\/v2\/comments?post=57014"}],"version-history":[{"count":0,"href":"https:\/\/redsemlac.com\/semmexico\/wp-json\/wp\/v2\/posts\/57014\/revisions"}],"wp:featuredmedia":[{"embeddable":true,"href":"https:\/\/redsemlac.com\/semmexico\/wp-json\/wp\/v2\/media\/36862"}],"wp:attachment":[{"href":"https:\/\/redsemlac.com\/semmexico\/wp-json\/wp\/v2\/media?parent=57014"}],"wp:term":[{"taxonomy":"category","embeddable":true,"href":"https:\/\/redsemlac.com\/semmexico\/wp-json\/wp\/v2\/categories?post=57014"},{"taxonomy":"post_tag","embeddable":true,"href":"https:\/\/redsemlac.com\/semmexico\/wp-json\/wp\/v2\/tags?post=57014"}],"curies":[{"name":"wp","href":"https:\/\/api.w.org\/{rel}","templated":true}]}}