{"id":57012,"date":"2022-10-07T10:06:01","date_gmt":"2022-10-07T16:06:01","guid":{"rendered":"https:\/\/redsemlac.com\/semmexico\/?p=57012"},"modified":"2023-07-21T19:18:30","modified_gmt":"2023-07-22T00:18:30","slug":"trabajadora-administrativa-del-hospital-del-nino-y-la-madre-guerrerense-encontrada-sin-vida","status":"publish","type":"post","link":"https:\/\/redsemlac.com\/semmexico\/trabajadora-administrativa-del-hospital-del-nino-y-la-madre-guerrerense-encontrada-sin-vida\/","title":{"rendered":"Trabajadora administrativa del Hospital del Ni\u00f1o y la Madre Guerrerense, encontrada sin vida"},"content":{"rendered":"\n<ul class=\"wp-block-list\"><li><strong>La FGE dio a conocer la Carpeta de Investigaci\u00f3n en contra de quienes resulten responsables, por el delito de Homicidio Calificado, en agravio de Julia \u201cN\u201d.<\/strong><strong><\/strong><\/li><\/ul>\n\n\n\n<p class=\"wp-block-paragraph\"><strong>Josefina Aguilar Pastor<\/strong><\/p>\n\n\n\n<p class=\"wp-block-paragraph\">SemM\u00e9xico, Chilpancingo, Guerrero, 7 de octubre del 2022.- Era trabajadora del Hospital del Ni\u00f1o y la Madre Guerrerense, la mujer asesinada a golpes la madrugada de este jueves, en la colonia Tetipan, ubicada al sur de Chilpancingo.<\/p>\n\n\n\n<p class=\"wp-block-paragraph\">De acuerdo con los reportes, el hallazgo del cuerpo ocurri\u00f3 alrededor de las 6 de la ma\u00f1ana de este jueves, en la calle principal de dicha colonia, a unos 300 metros de la entrada y el punto conocido como La Avioneta.<\/p>\n\n\n\n<p class=\"wp-block-paragraph\">El cuerpo se encontraba entre la maleza, a unos metros de un auto Chevrolet, tipo Sonic de color vino, el cual estaba con las puertas abiertas, y en el que se presumi\u00f3 viajaba la mujer.<\/p>\n\n\n\n<p class=\"wp-block-paragraph\">Presentaba golpes en el rostro y la cabeza; llevaba puesto un vestido a rayas.<\/p>\n\n\n\n<p class=\"wp-block-paragraph\">Inicialmente, el cuerpo levantado por personal del Servicio M\u00e9dico Forense, a donde fue trasladado para la necropsia de ley en calidad de desconocido.<\/p>\n\n\n\n<p class=\"wp-block-paragraph\">Horas despu\u00e9s, fue reconocido como quien en vida respondi\u00f3 al nombre de Julia Magdalena \u201cN\u201d de 43 a\u00f1os de edad, quien era trabajadora administrativa del Hospital del Ni\u00f1o y la Madre Guerrerense.<\/p>\n\n\n\n<p class=\"wp-block-paragraph\">Al mediod\u00eda de este jueves, la instituci\u00f3n m\u00e9dica public\u00f3 una esquela en memoria de la v\u00edctima, \u201cEl HMNG se encuentra de luto por la lamentable noticia del fallecimiento de la compa\u00f1era Julia Magdalena Olea Cortez. Quien se distingu\u00eda por su ardua labor, entusiasmo para realizar las actividades y fiel amiga de todas y todos\u201d.<\/p>\n\n\n\n<p class=\"wp-block-paragraph\">La Fiscal\u00eda General del Estado por su parte, dio a conocer el inicio de la Carpeta de Investigaci\u00f3n en contra de quienes resulten responsables, por el delito de Homicidio Calificado, en agravio de Julia \u201cN\u201d, por los hechos ocurridos en la Colonia Tetipan I, en Chilpancingo de los Bravo.<\/p>\n\n\n\n<p class=\"wp-block-paragraph\">SEM\/MG<\/p>\n","protected":false},"excerpt":{"rendered":"<p>La FGE dio a conocer la Carpeta de Investigaci\u00f3n en contra de quienes resulten responsables, por el delito de Homicidio Calificado, en agravio de Julia \u201cN\u201d.<\/p>\n","protected":false},"author":3,"featured_media":55813,"comment_status":"open","ping_status":"open","sticky":false,"template":"","format":"standard","meta":{"_monsterinsights_skip_tracking":false,"footnotes":""},"categories":[693,47,48],"tags":[144,142],"class_list":["post-57012","post","type-post","status-publish","format-standard","has-post-thumbnail","category-693","category-no-mas-impunidad","category-no-mas-impunidad-no-mas-impunidad","tag-guerrero","tag-violencia"],"_links":{"self":[{"href":"https:\/\/redsemlac.com\/semmexico\/wp-json\/wp\/v2\/posts\/57012","targetHints":{"allow":["GET"]}}],"collection":[{"href":"https:\/\/redsemlac.com\/semmexico\/wp-json\/wp\/v2\/posts"}],"about":[{"href":"https:\/\/redsemlac.com\/semmexico\/wp-json\/wp\/v2\/types\/post"}],"author":[{"embeddable":true,"href":"https:\/\/redsemlac.com\/semmexico\/wp-json\/wp\/v2\/users\/3"}],"replies":[{"embeddable":true,"href":"https:\/\/redsemlac.com\/semmexico\/wp-json\/wp\/v2\/comments?post=57012"}],"version-history":[{"count":0,"href":"https:\/\/redsemlac.com\/semmexico\/wp-json\/wp\/v2\/posts\/57012\/revisions"}],"wp:featuredmedia":[{"embeddable":true,"href":"https:\/\/redsemlac.com\/semmexico\/wp-json\/wp\/v2\/media\/55813"}],"wp:attachment":[{"href":"https:\/\/redsemlac.com\/semmexico\/wp-json\/wp\/v2\/media?parent=57012"}],"wp:term":[{"taxonomy":"category","embeddable":true,"href":"https:\/\/redsemlac.com\/semmexico\/wp-json\/wp\/v2\/categories?post=57012"},{"taxonomy":"post_tag","embeddable":true,"href":"https:\/\/redsemlac.com\/semmexico\/wp-json\/wp\/v2\/tags?post=57012"}],"curies":[{"name":"wp","href":"https:\/\/api.w.org\/{rel}","templated":true}]}}