{"id":56907,"date":"2022-10-05T08:15:35","date_gmt":"2022-10-05T14:15:35","guid":{"rendered":"https:\/\/redsemlac.com\/semmexico\/?p=56907"},"modified":"2023-07-21T19:18:36","modified_gmt":"2023-07-22T00:18:36","slug":"diputada-propone-que-alcalde-de-alcozauca-deje-su-cargo-y-se-someta-a-investigaciones-por-ejercer-violencia-familiar-investigaciones-por-ejercer-violencia-familiar","status":"publish","type":"post","link":"https:\/\/redsemlac.com\/semmexico\/diputada-propone-que-alcalde-de-alcozauca-deje-su-cargo-y-se-someta-a-investigaciones-por-ejercer-violencia-familiar-investigaciones-por-ejercer-violencia-familiar\/","title":{"rendered":"Diputada propone que alcalde de Alcozauca deje su cargo y se someta a investigaciones por ejercer violencia familiar"},"content":{"rendered":"\n<ul class=\"wp-block-list\"><li><strong>\u201cSi dicha violencia es cometida por un servidor p\u00fablico, la conducta ser\u00eda mayormente reprochable por parte de la autoridad atendible\u201d, diputada.<\/strong><strong><\/strong><\/li><\/ul>\n\n\n\n<p class=\"wp-block-paragraph\"><strong>Josefina Aguilar Pastor<\/strong><\/p>\n\n\n\n<p class=\"wp-block-paragraph\">SemM\u00e9xico, Chilpancingo, Guerrero, 5 de octubre del 2022.- El pleno del Congreso del Estado, env\u00edo analizar la propuesta de la diputada Beatriz Mojica Morga, para solicitar al presidente municipal de Alcozauca, Sebasti\u00e1n \u201cN\u201d a separarse del cargo y someterse a las investigaciones de violencia presuntamente cometidas en contra de su esposa Rosal\u00eda \u201cN\u201d. &nbsp;<\/p>\n\n\n\n<p class=\"wp-block-paragraph\">En la sesi\u00f3n de este martes, la legisladora de Morena, present\u00f3 dicha propuesta al considerar que en un estado como Guerrero, donde el 68.8 % de las mujeres de 15 a\u00f1os y m\u00e1s han experimentado al menos un incidente de violencia y en la mayor\u00eda de las ocasiones por su expareja o pareja.<\/p>\n\n\n\n<p class=\"wp-block-paragraph\">\u201cNo podemos permanecer omisos ante estos hechos, al contrario, debemos estar vigilantes de que las diligencias correspondientes se conduzcan con transparencia, observantes de que un espacio p\u00fablico sirva como ejemplo y no para estar por encima de la ley, la violencia contra las mujeres es inaceptable en todos los tipos y modalidades\u201d, expuso.<\/p>\n\n\n\n<p class=\"wp-block-paragraph\">Sobre todo, agreg\u00f3, \u201csi dicha violencia es cometida por un servidor p\u00fablico, la conducta ser\u00eda mayormente reprochable por parte de la autoridad atendible, sin limitarse por la persona que lo cometa o el poder que ostente, de eso se trata el estado de derecho: la aplicaci\u00f3n de la ley por igual\u201d, remarc\u00f3.<\/p>\n\n\n\n<p class=\"wp-block-paragraph\">Se\u00f1al\u00f3 que \u00e9sta Soberan\u00eda est\u00e1 comprometida con la atenci\u00f3n de mujeres, especialmente ante la observancia y acompa\u00f1amiento de sus derechos, para evitar todas las acciones y conductas que les lesionan, impiden su desarrollo o agravian.<\/p>\n\n\n\n<p class=\"wp-block-paragraph\">Las legislaciones estatales, nacionales e internacionales, comprometen a todas las autoridades a proteger y evitar cualquier acto de violencia contra las mujeres, de existir un sujeto agresor, sea investigado y emitan las acciones cautelares para evitar da\u00f1os; investigar y determinar su responsabilidad, y disminuir la posibilidad de injerencia, presiones o limitaci\u00f3n de las autoridades por el cargo, la representaci\u00f3n o poder que pudieran tener, siendo necesario y oportuno convocarlo a separarse del cargo hasta que se defina su probable responsabilidad penal, argument\u00f3 la legisladora.<\/p>\n\n\n\n<p class=\"wp-block-paragraph\">Puntualiz\u00f3 que la proposici\u00f3n no contraviene en ning\u00fan modo la autonom\u00eda municipal, ya que no se refiere al desempe\u00f1o, no sugiere indicaciones que deban tomar sus \u00f3rganos de gobierno, ni sus funcionarios\/as, el punto de acuerdo tiende a generar legalidad, evitar impunidad, injerencia, posibles limitaciones a la capacidad de investigaci\u00f3n por parte de las autoridades investigadoras.<\/p>\n\n\n\n<p class=\"wp-block-paragraph\">Este caso de violencia, se registr\u00f3 el pasado 11 de septiembre, en el que Rosal\u00eda N, esposa del alcalde de Alcozauca, Sebasti\u00e1n \u201cN\u201d, present\u00f3 una denuncia ante la Fiscal\u00eda General del Estado, misma que inici\u00f3 la carpeta de investigaci\u00f3n y las diligencias correspondientes en materia de atenci\u00f3n m\u00e9dica y psicol\u00f3gica, adem\u00e1s de investigaciones de criminal\u00edstica, ya que el m\u00e9dico legista asent\u00f3 que la v\u00edctima presentaba moretones en su cuerpo, adem\u00e1s de otras laceraciones.<\/p>\n\n\n\n<p class=\"wp-block-paragraph\">La propuesta fue turnada a la Comisi\u00f3n para la Igualdad de G\u00e9nero, para su an\u00e1lisis y dictaminaci\u00f3n.<\/p>\n\n\n\n<p class=\"wp-block-paragraph\">SEM\/MG&nbsp;<\/p>\n","protected":false},"excerpt":{"rendered":"<p>\u201cSi dicha violencia es cometida por un servidor p\u00fablico, la conducta ser\u00eda mayormente reprochable por parte de la autoridad atendible\u201d, diputada.<\/p>\n","protected":false},"author":3,"featured_media":56908,"comment_status":"open","ping_status":"open","sticky":false,"template":"","format":"standard","meta":{"_monsterinsights_skip_tracking":false,"footnotes":""},"categories":[693,50],"tags":[144],"class_list":["post-56907","post","type-post","status-publish","format-standard","has-post-thumbnail","category-693","category-congreso","tag-guerrero"],"_links":{"self":[{"href":"https:\/\/redsemlac.com\/semmexico\/wp-json\/wp\/v2\/posts\/56907","targetHints":{"allow":["GET"]}}],"collection":[{"href":"https:\/\/redsemlac.com\/semmexico\/wp-json\/wp\/v2\/posts"}],"about":[{"href":"https:\/\/redsemlac.com\/semmexico\/wp-json\/wp\/v2\/types\/post"}],"author":[{"embeddable":true,"href":"https:\/\/redsemlac.com\/semmexico\/wp-json\/wp\/v2\/users\/3"}],"replies":[{"embeddable":true,"href":"https:\/\/redsemlac.com\/semmexico\/wp-json\/wp\/v2\/comments?post=56907"}],"version-history":[{"count":0,"href":"https:\/\/redsemlac.com\/semmexico\/wp-json\/wp\/v2\/posts\/56907\/revisions"}],"wp:featuredmedia":[{"embeddable":true,"href":"https:\/\/redsemlac.com\/semmexico\/wp-json\/wp\/v2\/media\/56908"}],"wp:attachment":[{"href":"https:\/\/redsemlac.com\/semmexico\/wp-json\/wp\/v2\/media?parent=56907"}],"wp:term":[{"taxonomy":"category","embeddable":true,"href":"https:\/\/redsemlac.com\/semmexico\/wp-json\/wp\/v2\/categories?post=56907"},{"taxonomy":"post_tag","embeddable":true,"href":"https:\/\/redsemlac.com\/semmexico\/wp-json\/wp\/v2\/tags?post=56907"}],"curies":[{"name":"wp","href":"https:\/\/api.w.org\/{rel}","templated":true}]}}