{"id":56905,"date":"2022-10-05T08:02:55","date_gmt":"2022-10-05T14:02:55","guid":{"rendered":"https:\/\/redsemlac.com\/semmexico\/?p=56905"},"modified":"2023-07-21T19:18:36","modified_gmt":"2023-07-22T00:18:36","slug":"bellas-y-airosas-mayte-romo-la-necedad-editorial","status":"publish","type":"post","link":"https:\/\/redsemlac.com\/semmexico\/bellas-y-airosas-mayte-romo-la-necedad-editorial\/","title":{"rendered":"Bellas y Airosas| Mayte Romo, la necedad editorial"},"content":{"rendered":"\n<p class=\"wp-block-paragraph\"><strong>Elvira Hern\u00e1ndez Carballido<\/strong><\/p>\n\n\n\n<p class=\"wp-block-paragraph\">SemM\u00e9xico, Pachuca, Hidalgo, 5 de octubre del 2022.- Hace unas semanas la editorial Elementum, cien por ciento pachuque\u00f1a, cumpli\u00f3 10 a\u00f1os de haberse fundado y en esta d\u00e9cada ha publicado 100 libros. Su fundadora es Mayte Romo, dicen que su nombre verdadero esMar\u00eda Teresa Rebollar Romo, pero quienes hemos recibido su apoyo generoso la llamamos simplemente Mayte. Estudi\u00f3 comunicaci\u00f3n y decidi\u00f3 probar suerte en Pachuca donde empez\u00f3 como correctora de estilo, tarea que siempre relacion\u00f3 con su gran sue\u00f1o: ser editora de libros.<\/p>\n\n\n\n<p class=\"wp-block-paragraph\">Necia como ella sola, no desaprovech\u00f3 la oportunidad que la vida, la suerte y su perseverancia le ofrecieron al poder editar una edici\u00f3n conmemorativa de \u201cLa nube est\u00e9ril\u201d, de Antonio Rodr\u00edguez. As\u00ed surgi\u00f3 el n\u00famero cero de la lista de ISBN de Elementum. \u201cY sucedi\u00f3 ese libro y sucedi\u00f3 esa editorial\u201d, confiesa Mayte, quien jam\u00e1s ha esperado nada y provoca todo lo que hasta ahora ha logrado.<\/p>\n\n\n\n<p class=\"wp-block-paragraph\">Fue as\u00ed como unos a\u00f1os despu\u00e9s, yo vagaba con un texto completo de m\u00e1s de cien p\u00e1ginas bajo el brazo. Hojas engargoladas que daban voz a 27 personas, 26 mujeres c\u00f3mplices y un hombre lleno de sororidad. Se nos hab\u00eda ocurrido escribir sobre el futbol, pero desde el alma femenina, desde la cr\u00edtica feminista, desde la perspectiva de g\u00e9nero, desde la solidaridad machina. El panorama parec\u00eda oscuro, dos villanas hab\u00edan boicoteado mi libro para que no pudiera publicarlo en la editorial universitaria. Era sencillo soltarse a llorar, me hab\u00edan cerrado una puerta significativa, lo bueno que ellas no contaban que pod\u00eda tocar mil puertas m\u00e1s y que una se abrir\u00eda. As\u00ed, porque siempre me bendice mi buena estrella, apareci\u00f3 Mayte Romo un d\u00eda de julio de 2014.<\/p>\n\n\n\n<p class=\"wp-block-paragraph\">Tan Jovencita, otra Bellairosa chilanga que estaba haciendo del estado de Hidalgo tambi\u00e9n su escenario de expresi\u00f3n, al estrechar nuestras manos de inmediato hubo qu\u00edmica, buena vibra, ese alumbramiento celestial. Le platiqu\u00e9 sobre mi proyecto y a ella le brillaba la mirada. Acordamos que revisar\u00eda el material y que en pocos d\u00edas me dir\u00eda si hab\u00eda posibilidad de publicar en su reci\u00e9n editorial que ella bautiz\u00f3 como Elementum. Yo pod\u00eda ser su primer libro publicado bajo su sello.<\/p>\n\n\n\n<p class=\"wp-block-paragraph\">A los pocos d\u00edas recib\u00ed mi texto como si fuera colecci\u00f3n de mapas de piratas y sirenas. Correcciones y sugerencias, comentarios y dudas, en rojo lo incomprensible, en tinta natural lo bien escrito. Me asust\u00e9 un poco, pero agradec\u00ed ser le\u00edda y no me qued\u00f3 m\u00e1s que ponerme a trabajar con ese ritmo que mi futura editora me estaba marcando. Corregimos cada texto y la lectura se volvi\u00f3 clara, las frases brillaban de limpitas, emocionaban cuando ten\u00edan que emocionar, persuad\u00edan al momento de conmover, emocionaban al instante de argumentar. La hechicera de la edici\u00f3n ya hab\u00eda hecho su magia, Mayte Romo ya nos bendec\u00eda.<\/p>\n\n\n\n<p class=\"wp-block-paragraph\">Al poco rato el acomodo, el reconocimiento a los textos fuertes como el viento de la Bellairosa. La advertencia de los textos suaves m\u00e1s no por eso menos importantes. Su voz siempre entusiasta, ay caray, esta mujer c\u00f3mo contagia: \u201cY si el texto de Hortensia Moreno abre el libro\u2026 Y si su texto lo cambiamos para ac\u00e1\u2026 Y si acomodamos el de Claudia Pedraza y sus goles por ac\u00e1\u2026 Y si mejor el libro se llama \u201cLas que aman el futbol y otras que no tanto\u201d\u2026 Y si cerramos con el maravilloso texto del Doctor Taguenca y si\u2026\u201d<\/p>\n\n\n\n<p class=\"wp-block-paragraph\">Despu\u00e9s la portada, fotos para elegir, su hija Maya fue nuestra modelo hermosa cabeceando un bal\u00f3n. D\u00edas de espera hasta que una tarde del mes de mayo, Mayte Romo lleg\u00f3 a mi cub\u00edculo con una caja cerrada. La abrimos con torpeza e ilusi\u00f3n y ah\u00ed estaba nuestro libro. Nos abrazamos y lloramos, celebramos con l\u00e1grimas de alegr\u00eda este alumbramiento editorial.<\/p>\n\n\n\n<p class=\"wp-block-paragraph\">Y vienen las presentaciones, las giras, los aplausos, las ventas, la emoci\u00f3n de ver ese libro en las mesas de la librer\u00eda Gandhi, la foto de quien lo vio en la vitrina de exhibici\u00f3n de un elegante restaurante, las felicitaciones, mi voz llena de orgullo cuando digo mi editora se llama Mayte Romo, directora, fundadora y alma de editorial Elementum, considerada ya una empresa de calidad en Pachuca, Hidalgo. Y los libros que faltan, el que viene, los que ya circulan. Al poco tiempo edit\u00f3 \u201cRelatos Sonoros\u201d, pedacitos de la historia radiof\u00f3nica hidalguense.<\/p>\n\n\n\n<p class=\"wp-block-paragraph\">Como presidenta de la Asociaci\u00f3n Mexicana de Investigadores de la Comunicaci\u00f3n decido organizar encuentros regionales que den presencia y voz a cada estado de nuestra rep\u00fablica, qu\u00e9 se hace en Coahuila, qu\u00e9 se investiga en Oaxaca, qu\u00e9 exploramos te\u00f3ricamente en Aguascalientes, lo que aportamos desde Hidalgo. Una investigadora poco solidaria se burla de esta propuesta, asegura que en \u201cprovincia\u201d hay mucha gente \u201crupestre\u201d que investiga con demasiada sencillez. Su prepotencia nos provoca, es as\u00ed como creamos una colecci\u00f3n denominada \u201cFragmentario de la Comunicaci\u00f3n Rupestre\u201d y las\/los \u201cprovincianos\u201d llevamos ya siete tomos de esta obra donde se ha dado a conocer una gran variedad de temas, desde la credibilidad, el arte, la interculturalidad, el feminismo, los medios de comunicaci\u00f3n. Todo bajo la supervisi\u00f3n de do\u00f1a Mayte, quien luego apoyar\u00eda la edici\u00f3n de \u201cCaja de Herramientas para el periodismo de investigaci\u00f3n\u201d.<\/p>\n\n\n\n<p class=\"wp-block-paragraph\">Incansable, siempre dispuesta a ayudarme, hizo posible que publicara un libro sobre las primeras reporteras mexicanas y mi primera novela \u201cLas Melodys\u201d. Pero, no soy la \u00fanica que se ha sentido bien acompa\u00f1ada en estas aventuras editoriales, otros escritores y escritoras, investigadores\/as, poetas y periodistas han confiado en su trabajo. Ah\u00ed est\u00e1n las antolog\u00edas de cuentos que coordin\u00f3 Agust\u00edn Cadena, \u201cCallejeros\u201d y \u201cLoter\u00eda\u201d, historias de vidas de mujeres -entre ellas la de nuestra querida Martha Canseco-, testimonios sobre el confinamiento, la melanc\u00f3lica literatura de Mar\u00eda Elena Ortega, los provocadores cuentos de E. J. Vald\u00e9s, Florence Toussaint y el escenario de la prensa en el porfiriato.<\/p>\n\n\n\n<p class=\"wp-block-paragraph\">La pandemia hizo tambalear a Elementum, mas no a su editora, necia y perseverante, no deja de ofrecer los servicios editoriales de una peque\u00f1a empresa que se engrandece gracias a cada libro publicado. Motiva a la escritura con su espacio \u201cClan de Letras, un concurso donde cada mes quien desee participar tiene la gran oportunidad de ver su texto publicado. Presenta libros de manera virtual y presencial.<\/p>\n\n\n\n<p class=\"wp-block-paragraph\">Hoy, contra viento y m\u00e1s viento, Elementum celebra 10 a\u00f1os y cien libros publicados, un texto conmemorativo evoca esta fecha y este n\u00famero, Romo sabe agradecer, enumera an\u00e9cdotas, menciona tantos nombres aliados y leales.<\/p>\n\n\n\n<p class=\"wp-block-paragraph\">Yo la considero mi amiga, aunque siga habl\u00e1ndome de usted. No deja de enviarme mensajes con el cl\u00e1sico inicios: \u201cMi querida doc, se me ocurre que\u2026\u201d Hemos viajado a muchos lugares cargadas de libros, la m\u00e1s reciente a Guanajuato. Hemos tenido la alegr\u00eda de ver a gente acercarse para comprar los libros y tambi\u00e9n la desventura de vender un solo ejemplar en alguna feria, presentaci\u00f3n o evento. Sin embargo, cualquier peque\u00f1o detalle nos motiva, Mayte siempre planea una nueva estrategia, tiene un nuevo proyecto para compartir, un nuevo libro para publicar.<\/p>\n\n\n\n<p class=\"wp-block-paragraph\">Gracias Mayte Romo por ser nuestra editora bella y airosa, gracias por tu necedad y por tu calidad humana, amiga, c\u00f3mplice, mi editora por siempre.<\/p>\n\n\n\n<p class=\"wp-block-paragraph\">Conozcan el cat\u00e1logo y, ojal\u00e1, pidan los servicios de Elementum, siempre hay presupuesto para cualquier libro que deseen publicar.<\/p>\n\n\n\n<p class=\"wp-block-paragraph\"><a href=\"https:\/\/www.editorialelementum.com.mx\/\">https:\/\/www.editorialelementum.com.mx\/<\/a><\/p>\n","protected":false},"excerpt":{"rendered":"<p>Hace unas semanas la editorial Elementum, cien por ciento pachuque\u00f1a, cumpli\u00f3 10 a\u00f1os de haberse fundado y en esta d\u00e9cada ha publicado 100 libros. <\/p>\n","protected":false},"author":3,"featured_media":31337,"comment_status":"open","ping_status":"open","sticky":false,"template":"","format":"standard","meta":{"_monsterinsights_skip_tracking":false,"footnotes":""},"categories":[693,201,202,35],"tags":[],"class_list":["post-56905","post","type-post","status-publish","format-standard","has-post-thumbnail","category-693","category-bellas-y-airosas","category-elvira-hernandez-carballido","category-opinion"],"_links":{"self":[{"href":"https:\/\/redsemlac.com\/semmexico\/wp-json\/wp\/v2\/posts\/56905","targetHints":{"allow":["GET"]}}],"collection":[{"href":"https:\/\/redsemlac.com\/semmexico\/wp-json\/wp\/v2\/posts"}],"about":[{"href":"https:\/\/redsemlac.com\/semmexico\/wp-json\/wp\/v2\/types\/post"}],"author":[{"embeddable":true,"href":"https:\/\/redsemlac.com\/semmexico\/wp-json\/wp\/v2\/users\/3"}],"replies":[{"embeddable":true,"href":"https:\/\/redsemlac.com\/semmexico\/wp-json\/wp\/v2\/comments?post=56905"}],"version-history":[{"count":0,"href":"https:\/\/redsemlac.com\/semmexico\/wp-json\/wp\/v2\/posts\/56905\/revisions"}],"wp:featuredmedia":[{"embeddable":true,"href":"https:\/\/redsemlac.com\/semmexico\/wp-json\/wp\/v2\/media\/31337"}],"wp:attachment":[{"href":"https:\/\/redsemlac.com\/semmexico\/wp-json\/wp\/v2\/media?parent=56905"}],"wp:term":[{"taxonomy":"category","embeddable":true,"href":"https:\/\/redsemlac.com\/semmexico\/wp-json\/wp\/v2\/categories?post=56905"},{"taxonomy":"post_tag","embeddable":true,"href":"https:\/\/redsemlac.com\/semmexico\/wp-json\/wp\/v2\/tags?post=56905"}],"curies":[{"name":"wp","href":"https:\/\/api.w.org\/{rel}","templated":true}]}}