{"id":56899,"date":"2022-10-04T15:48:02","date_gmt":"2022-10-04T21:48:02","guid":{"rendered":"https:\/\/redsemlac.com\/semmexico\/?p=56899"},"modified":"2023-07-21T19:17:30","modified_gmt":"2023-07-22T00:17:30","slug":"piden-autoridades-que-murat-vete-reforma-a-decreto-1511-por-violar-sus-derechos","status":"publish","type":"post","link":"https:\/\/redsemlac.com\/semmexico\/piden-autoridades-que-murat-vete-reforma-a-decreto-1511-por-violar-sus-derechos\/","title":{"rendered":"Piden autoridades que Murat vete reforma a decreto 1511 por violar sus derechos"},"content":{"rendered":"\n<ul class=\"wp-block-list\"><li><strong>Cuestionan a diputadas de la LXV legislatura de Oaxaca por defender reforma \u201cretrograda\u201d<\/strong><\/li><li><strong>&nbsp;Exigimos respeto: las ind\u00edgenas, no somos incapaces<\/strong><\/li><\/ul>\n\n\n\n<p class=\"wp-block-paragraph\"><strong>Redacci\u00f3n<\/strong><\/p>\n\n\n\n<p class=\"wp-block-paragraph\">SemM\u00e9xico, Oaxaca, 4 de octubre 2022.-&nbsp; Unas 250 mujeres de comunidades ind\u00edgenas oaxaque\u00f1as se pronunciaron hoy contra la aprobaci\u00f3n a la modificaci\u00f3n del Transitorio Tercero del Decreto 1511, aprobado por mayor\u00eda de Diputadas y Diputados de Morena, PT y Partido Verde, al frenar el cumplimiento de la paridad en municipios que se rigen por Sistemas Normativos Ind\u00edgenas, al establecer ahora que \u00e9sta sea de manera \u201cgradual\u201d e indefinida.<\/p>\n\n\n\n<p class=\"wp-block-paragraph\">En un documento que fue hecho p\u00fablico v\u00eda la organizaci\u00f3n Consorcio Oaxaca, unas 50 autoridades y ciudadanas de poblaciones que se rigen por sistemas normativos ind\u00edgenas, as\u00ed como 200 ciudadanas consideraron como un \u201cgrave retroceso a los derechos pol\u00edticos de las mujeres ind\u00edgenas en Oaxaca\u201d.<\/p>\n\n\n\n<p class=\"wp-block-paragraph\">Por lo que cuestionan la decisiones de las y los diputados de Morena, PT y el Partido Verde al avalar una reforma que frena la paridad y la participaci\u00f3n de las mujeres ind\u00edgenas, quienes firmamos, mujeres ind\u00edgenas, autoridades, lideresas comunitarias, mujeres organizadas, que hemos generado y participado desde hace mucho tiempo en procesos de fortalecimiento de nuestros derechos como mujeres ind\u00edgenas y en general como mujeres.<\/p>\n\n\n\n<p class=\"wp-block-paragraph\">Esta reforma representa una violaci\u00f3n a los derechos humanos de las mujeres ind\u00edgenas e implica un retroceso a los espacios ya ganados. Esta modificaci\u00f3n a la ley, no reducir\u00e1 la violencia, menos generar\u00e1 cambios estructurales a favor de las mujeres.<\/p>\n\n\n\n<p class=\"wp-block-paragraph\">Afirmamos que es falso el \u201cdiscurso\u201d que la paridad atenta contra la autonom\u00eda y libre determinaci\u00f3n de los pueblos toda vez que detr\u00e1s de este discurso se sigue impidiendo la participaci\u00f3n de las mujeres, diferentes municipios con sistemas de cargos han mostrado que si se pueden ejercer estos dos derechos en armon\u00eda.<\/p>\n\n\n\n<p class=\"wp-block-paragraph\">La comunidad y comunalidad se fortalece con la participaci\u00f3n de las mujeres en los espacios de toma de decisi\u00f3n, en las mismas condiciones que los hombres. El sistema de cargos y\/o escalaf\u00f3n si puede valorar el aporte de las mujeres a la comunidad.<\/p>\n\n\n\n<p class=\"wp-block-paragraph\">Por ello, el Congreso de Oaxaca, las servidoras y servidores p\u00fablicos deben analizar la situaci\u00f3n estructural que enfrentan las mujeres ind\u00edgenas desde una perspectiva intercultural y de g\u00e9nero, generando leyes, pol\u00edticas p\u00fablicas y presupuesto que materialice y garantice el ejercicio de los derechos de las mujeres ind\u00edgenas, entre ellos los pol\u00edticos-electorales.<\/p>\n\n\n\n<p class=\"wp-block-paragraph\">Condenaron que las Diputadas que fijaron postura para defender esta reforma \u201cretrograda\u201d lo hagan desde un discurso racista y clasista, que nos consideren como mujeres incapaces, ya que seg\u00fan ellas las mujeres que somos autoridades en nuestras comunidades, no tenemos \u201ccapacidad de decisi\u00f3n\u201d, pues s\u00f3lo obedecemos lo que nos dicen los \u201casesores\u201d o porque no nos dejan participar en las asamblea, nos siguen mirando como personas incapaces, como si necesitamos tutelaje y protecci\u00f3n especial, es la misma mirada colonialista que no se termina de erradicar.<\/p>\n\n\n\n<p class=\"wp-block-paragraph\">Tambi\u00e9n condenaron y condenaremos siempre \u2013dice el documento- toda acci\u00f3n u omisi\u00f3n de cualquier partido pol\u00edtico que atente en contra de los derechos de las mujeres.<\/p>\n\n\n\n<p class=\"wp-block-paragraph\">Llaman a todas las mujeres a reflexionar sobre los avances que se han construido en torno a nuestros derechos pol\u00edticos. Defendamos los avances. No al retroceso.<\/p>\n\n\n\n<p class=\"wp-block-paragraph\">Exigen respeto a las mujeres ind\u00edgenas, no somos incapaces, necesitamos que se garanticen nuestros derechos, no que se nos resten. Exigimos que se garantice las acciones afirmativas de g\u00e9nero eliminando cualquier forma de discriminaci\u00f3n y exclusi\u00f3n hist\u00f3rica o estructural.<\/p>\n\n\n\n<p class=\"wp-block-paragraph\">Y al exigen al Ejecutivo veto a esta reforma, no m\u00e1s simulaci\u00f3n, no m\u00e1s espera, no m\u00e1s discursos sin acciones concretas y efectivas.<\/p>\n\n\n\n<p class=\"wp-block-paragraph\"><strong>Firmantes:<\/strong><\/p>\n\n\n\n<p class=\"has-medium-font-size wp-block-paragraph\"><strong>Autoridades y Lideresas Comunitarias:<\/strong><\/p>\n\n\n\n<ul class=\"wp-block-list\"><li>Mar\u00eda de Jes\u00fas Saveche Mart\u00ednez, Presidenta Municipal de Santa In\u00e9s Yatzeche<\/li><li>Carmen Sara V\u00e1squez, Regidora de Hacienda, Santa In\u00e9s Yatzeche<\/li><li>Teresa Bernardita Garc\u00eda Sebasti\u00e1n, Regidora de educaci\u00f3n, Santa In\u00e9s Yatzeche<\/li><li>Carina Luisa Bernardino Garc\u00eda, Regidora de Obras, Santa In\u00e9s Yatzeche,<\/li><li>Sandra Luz Hern\u00e1ndez Jim\u00e9nez, Suplente de la Presidenta de Santa In\u00e9s Yatzeche<\/li><li>Austreberta Lucas Garc\u00eda, Secretaria Municipal de Santa In\u00e9s Yatzeche<\/li><li>Sandra Salvador Fabi\u00e1n, Instructora Comunitaria de San Bartolo Coyotepec<\/li><li>Adriana Elizabeth Pedro Real, Regidora de Educaci\u00f3n de San Bartolo Coyotepec<\/li><li>Luisa Mateo Cruz Regidora de Ecolog\u00eda de San Bartolo Coyotepec<\/li><li>Alicia Peralta Peralta , Regidora de Salud de San Bartolo Coyotepec<\/li><li>Luz Mar\u00eda L\u00f3pez Carre\u00f1o, Presidenta del DIF, San Dionisio Ocotl\u00e1n<\/li><li>Margarita Salinas Figueroa, Regidora de Ecolog\u00eda y Deporte &nbsp;de \u00c1nimas Trujano<\/li><li>Ira\u00eds L\u00f3pez Ruiz, Directora de la Instancia de la Mujer de \u00c1nimas Trujano<\/li><li>Gloria Cruz L\u00f3pez, Secretaria del DIF Municipal de \u00c1nimas Trujano<\/li><li>F\u00e1tima Mariscal Sandoval, Regidora de Educaci\u00f3n de Concepci\u00f3n P\u00e1palo &nbsp;<\/li><li>Leticia Z\u00fa\u00f1iga Miranda, Regidora de Seguridad de Concepci\u00f3n P\u00e1palo &nbsp;<\/li><li>Diana Neri Mendoza, Regidora Suplente de Educaci\u00f3n de Concepci\u00f3n P\u00e1palo<\/li><li>Liliana Carrera Garc\u00eda, Presidenta del DIF Municipal de San Jos\u00e9 Tenango<\/li><li>Ofelia G\u00f3mez Romero, S\u00edndica Municipal de San Jos\u00e9 Tenango<\/li><li>Leonor Ortega Mart\u00ednez, Regidora de Salud de San Jos\u00e9 Tenango<\/li><li>Felicitas Mart\u00ednez Gonz\u00e1lez, Regidora de Salud de San Jos\u00e9 Tenango<\/li><li>Ver\u00f3nica Alvarado Mart\u00ednez, Regidora de Educaci\u00f3n de San Jos\u00e9 Tenango<\/li><li>Rosal\u00eda Marrone, Regidora de Educaci\u00f3n de San Jos\u00e9 Tenango<\/li><li>Reyna Zaragoza Garc\u00eda, Regidora de Agricultura de San Jos\u00e9 Tenango<\/li><li>Guadalupe Mart\u00ednez Mart\u00ednez, Regidora de Agricultura San Jos\u00e9 Tenango<\/li><li>Araceli Mart\u00ednez Garc\u00eda, Regidora de Gobernaci\u00f3n de San Jos\u00e9 Tenango<\/li><li>Marbella Garc\u00eda, Regidora de Gobernaci\u00f3n de San Jos\u00e9 Tenango<\/li><li>Eugenia Otilia Figueroa Men\u00e9ndez, Regidora de Bienestar de San Jos\u00e9 Tenango<\/li><li>Luz Mar\u00eda Garc\u00eda Hern\u00e1ndez, Regidora de Bienestar de San Jos\u00e9 Tenango<\/li><li>Laura Garc\u00eda lsureano, titular de la Instancia de la Mujer de San Jos\u00e9 Tenango<\/li><li>Balvina Mart\u00ednez Guadalupe, Regidora de Cultura de San Jos\u00e9 Tenango<\/li><li>Guadalupe Mart\u00ednez Cerqueda, Regidora de Cultura de San Jos\u00e9 Tenango<\/li><li>Adela Romero Ventura, Regidora de Equidad y G\u00e9nero de San Jos\u00e9 Tenango<\/li><li>Juana Garc\u00eda Mart\u00ednez, Regidora de equidad y G\u00e9nero de San Jos\u00e9 Tenango<\/li><li>Adriana Garc\u00eda Mart\u00ednez, Regidora de Equidad y G\u00e9nero de San Jos\u00e9 Tenango<\/li><li>Alejandra Arrellanes \u00c1ngeles, Regidora de Educaci\u00f3n de Santa Catarina Minas<\/li><li>Clementina Mendoza, Presidenta del DIF de Santa Catarina Minas<\/li><li>Guadalupe Cruz Mart\u00ednez, Suplente del Presidente de Santa Catarina Minas<\/li><li>Catarina Maril\u00fa Arellanes, Suplente de la Regidora de Salud de Santa Catarina Minas<\/li><li>Artemia Basilio Mart\u00ednez, Suplente de Educaci\u00f3n de Santa Mar\u00eda Quiegolani<\/li><li>Catalina Mendoza Villavicencio, Suplente de Salud de Santa Mar\u00eda Quiegolani<\/li><li>Gudelia Villavicencio L\u00f3pez, Regidora de Salud, Santa Mar\u00eda Quiegolani<\/li><li>Liliana G\u00f3mez, Regidora de Educaci\u00f3n de Santa Mar\u00eda Quiegolani<\/li><li>Irinea Basilio Mart\u00ednez, Regidora de Hacienda de Santa Mar\u00eda Quiegolani<\/li><li>Leonides Carre\u00f1o Prado, Suplente de la Diputada Local de Santa Mar\u00eda Chilchotla<\/li><li>Margarita Cruz G\u00f3mez, Presidenta del DIF Municipal de Santa Mar\u00eda Chilchotla<\/li><li>Francisca Maldonado Hern\u00e1ndez, l\u00edder social en San Pedro Ixtlahuaca<\/li><\/ul>\n\n\n\n<p class=\"has-medium-font-size wp-block-paragraph\"><strong>Ciudadanas:<\/strong><\/p>\n\n\n\n<ul class=\"wp-block-list\"><li>Feliza Padilla Ruiz<\/li><li>Modesta Ruiz padilla<\/li><li>Justina Padilla Ruiz<\/li><li>Rosa Velasco Bejarano<\/li><li>Nicolasa Alvarado Mart\u00ednez<\/li><li>Luc\u00eda Imelda Sebasti\u00e1n Cruz<\/li><li>Juana Francisca Sebasti\u00e1n Garc\u00eda<\/li><li>Felicitas Romana Ruiz Sebasti\u00e1n<\/li><li>Ver\u00f3nica P\u00e9rez Arag\u00f3n<\/li><li>Lucia Otilia Garc\u00eda Aquino<\/li><li>Celestina Petronila Alvarado<\/li><li>Margarita Arag\u00f3n Trinidad<\/li><li>Virginia Antonieta P\u00e9rez Arag\u00f3n<\/li><li>Ang\u00e9lica ver\u00f3nica P\u00e9rez Arag\u00f3n<\/li><li>Mar\u00eda Juana Ramo Alvarado<\/li><li>Eulogia Ramos Jer\u00f3nimo<\/li><li>Laura Fredesvinda Garc\u00eda Bernardino<\/li><li>Mar\u00eda Hern\u00e1ndez Garc\u00eda<\/li><li>Diana Laura Rafael santos<\/li><li>Juana Silvia Alvarado Aquino<\/li><li>Epifan\u00eda Aquino Garc\u00eda<\/li><li>Nivarda Cruz Ramos<\/li><li>Judith Mar\u00eda Garc\u00eda Alvarado<\/li><li>Mar\u00eda Mej\u00eda Fabi\u00e1n<\/li><li>Catalina ramos Ger\u00f3nimo<\/li><li>Floreana Aquino P\u00e9rez<\/li><li>Paula Garc\u00eda Aquino<\/li><li>Hermelinda Ramos Ruiz<\/li><li>Marta Serena Garc\u00eda<\/li><li>Juana P\u00e9rez Ruiz<\/li><li>\u00c1ngela Cruz Aquino<\/li><li>Sara Ramos Jer\u00f3nimo<\/li><li>Mar\u00eda Ester Bernardino V\u00e1squez<\/li><li>In\u00e9s Juana Garc\u00eda Aquino<\/li><li>Merced Mart\u00ednez P\u00e9rez<\/li><li>Floriana Aquino P\u00e9rez<\/li><li>Eleuteria Pura Mendoza<\/li><li>Teresa Isabel Trinidad<\/li><li>Francisca Lucas Aquino<\/li><li>Mar\u00eda Modesta Bernardino L\u00f3pez<\/li><li>Lucia Imelda Sebasti\u00e1n Cruz<\/li><li>Percia Fenicia Garc\u00eda Garc\u00eda<\/li><li>Guadalupe Garc\u00eda Aquino<\/li><li>Jorgina Cruz Garc\u00eda<\/li><li>Aurelia Garc\u00eda L\u00f3pez<\/li><li>Emma Bernardino Ramos<\/li><li>Antonia Carmen Aquino P\u00e9rez<\/li><li>Juana Garc\u00eda D\u00edaz<\/li><li>Rosal\u00eda Yaquel\u00edn Mat\u00edas Lucas<\/li><li>Silvia Mat\u00edaz Mart\u00ednez<\/li><li>Isabel Francisca Garc\u00eda Aquino<\/li><li>Luisa P\u00e9rez Ruiz<\/li><li>Enriqueta Mariana Saveche Mart\u00ednez<\/li><li>Alejandrina Luis V\u00e1squez<\/li><li>Artemia Juana V\u00e1squez Arellanes<\/li><li>Felicita Alonso Mart\u00ednez<\/li><li>Paula Jes\u00fas Padilla<\/li><li>In\u00e9s Ruiz Alvarado<\/li><li>Margarita L\u00f3pez Bernardino<\/li><li>Juana Garc\u00eda Ramos<\/li><li>Juana Francisca Cruz<\/li><li>Esperanza Rosario Garc\u00eda Aquino<\/li><li>Irene Alvarado Arag\u00f3n<\/li><li>Tomasa Aquino Trinidad<\/li><li>In\u00e9s Cruz<\/li><li>Marina Guadalupe Alonzo Sabeche<\/li><li>Rosa Guadalupe Garc\u00eda Ruiz<\/li><li>Luc\u00eda Garc\u00eda P\u00e9rez<\/li><li>Margarita Gertrudis P\u00e9rez Mart\u00ednez<\/li><li>Cayetana Carmen P\u00e9rez Aquino<\/li><li>Luc\u00eda Cruz Aquino<\/li><li>Paula Garc\u00eda Aquino<\/li><li>Eustoquia Lucas Garc\u00eda<\/li><li>Juana Br\u00edgida Fabi\u00e1n Sebasti\u00e1n<\/li><li>Teresa Alonso Zaveche<\/li><li>Marta Ver\u00f3nica Garc\u00eda Aquino<\/li><li>Felicita Blanca Garc\u00eda Trinidad<\/li><li>Mar\u00eda Paula Ruiz ramos<\/li><li>Nicolaza Lorenza Garc\u00eda cruz<\/li><li>Romana Garc\u00eda Ramos<\/li><li>Carmen Garc\u00eda Ramos<\/li><li>Mariana josefina Lucas Garc\u00eda<\/li><li>Benita Paula Garc\u00eda Jer\u00f3nimo<\/li><li>Nicolasa Garc\u00eda Garc\u00eda<\/li><li>Claudia Garc\u00eda Mat\u00edas<\/li><li>Tomasa Hermila Aquino Trinidad<\/li><li>Romana Eustolia Mart\u00ednez Sabeche<\/li><li>Marcelina Felisa Ruiz Alvarado<\/li><li>Juana Cristina Garc\u00eda<\/li><li>Teresa Antonia Garc\u00eda<\/li><li>P\u00e9rez Mar\u00eda Francisca<\/li><li>D\u00edaz Albina Polonia<\/li><li>Mart\u00ednez Rosario Paula<\/li><li>Cruz Garc\u00eda Rosario<\/li><li>Ruiz Ramos Soledad Mar\u00eda<\/li><li>Cruz Juana Claudia<\/li><li>Luis Cruz Luc\u00eda Isabel<\/li><li>V\u00e1squez Arrellanes Teresa<\/li><li>Mat\u00edas Bernardino Juana<\/li><li>Mej\u00eda Fabi\u00e1n Mar\u00eda<\/li><li>Cruz Juana Claudia<\/li><li>Cruz P\u00e9rez Micaela Nicolasa<\/li><li>Garc\u00eda Aquino Roberta<\/li><li>Delgado P\u00e9rez Patricia Ver\u00f3nica<\/li><li>Mart\u00ednez Garc\u00eda Zenobia Luc\u00eda<\/li><li>Cruz Sebasti\u00e1n In\u00e9s Inocencia<\/li><li>P\u00e9rez Bernardino Reyna Aurora<\/li><li>Ramos Alonso Maricela<\/li><li>Zavecha Garc\u00eda Ofelia Reyna<\/li><li>Bernardino Morales Anastasia<\/li><li>Alonzo Ramos Francisca Marta<\/li><li>Luis Francisca Felicitas<\/li><li>Trinidad Ruiz Antonia<\/li><li>Aquino Cruz Bernarda Agustina<\/li><li>Venegas Mat\u00edas Isabel<\/li><li>Cruz Ramos Nivarda<\/li><li>Mat\u00edas Jim\u00e9nez Justina Teresa<\/li><li>Arellanes Magdalena Lorenza<\/li><li>Cruz Garc\u00eda Mar\u00eda Carmen<\/li><li>Trinidad Lucas Patricia<\/li><li>P\u00e9rez Cruz Br\u00edgida Juana<\/li><li>Ramos Alonso Fabiola<\/li><li>Garc\u00eda Mart\u00ednez Cecilia<\/li><li>Aquino Garc\u00eda Epifan\u00eda<\/li><li>P\u00e9rez P\u00e9rez Francisca<\/li><li>V\u00e1squez Padilla Prisoilia<\/li><li>Ramos Ruiz Roc\u00edo<\/li><li>Ram\u00edrez V\u00e1squez Guadalupe Elizabeth<\/li><li>Cruz Arag\u00f3n Lucia<\/li><li>Cruz Juana<\/li><li>Alonso Cruz Magdalena<\/li><li>Hern\u00e1ndez Jes\u00fas Rufina<\/li><li>Mat\u00edas Ruiz Teresa<\/li><li>Bernardino Ramos Guadalupe Casilda<\/li><li>L\u00f3pez Mart\u00ednez Mariana Mar\u00eda<\/li><li>Sebasti\u00e1n Ruiz Florentina<\/li><li>Cruz Hern\u00e1ndez Tatiana Ver\u00f3nica<\/li><li>Zabeche Arango Macrina<\/li><li>Luisa P\u00e9rez<\/li><li>Bernandino P\u00e9rez Alejandrina<\/li><li>Garc\u00eda Aquino Reina<\/li><li>Luis Aquino Rosario Inocencia<\/li><li>Cruz Aquino \u00c1ngela<\/li><li>P\u00e9rez Cruz Felipa<\/li><li>Arag\u00f3n Trinidad Margarita<\/li><li>Ramos Ger\u00f3nimo Catalina<\/li><li>P\u00e9rez Aquino Aurelia Celestina<\/li><li>Cruz P\u00e9rez Bertha<\/li><li>Ramos Jer\u00f3nimo Sara<\/li><li>P\u00e9rez P\u00e9rez Carmen<\/li><li>Zabeche Garc\u00eda Francisca Hermila<\/li><li>Garc\u00eda Trinidad Francisca Luisa<\/li><li>Alonso Cruz Magdalena<\/li><li>Hern\u00e1ndez Garc\u00eda Mar\u00eda<\/li><li>Garc\u00eda Epifan\u00eda<\/li><li>Mart\u00ednez Cruz Mar\u00eda Anatolia<\/li><li>Ruiz Mej\u00eda Mar\u00eda<\/li><li>Lucas Aquino Patrocina Margarita<\/li><li>V\u00e1squez Padilla Luisa Modesta<\/li><li>Aquino Jim\u00e9nez Beatriz<\/li><li>Garc\u00eda Marta Serena<\/li><li>Aquino P\u00e9rez Mar\u00eda Guadalupe<\/li><li>Arag\u00f3n Jim\u00e9nez Juana<\/li><li>Fabi\u00e1n Felipa Asunci\u00f3n<\/li><li>Aquino Tomasa Polonia<\/li><li>Fabi\u00e1n Margarita<\/li><li>Garc\u00eda Garc\u00eda Susana Artemia<\/li><li>Ramos Mat\u00edas Gudelia Carmelitana<\/li><li>Ramos Ger\u00f3nimo Catalina<\/li><li>Velasco Luis Teresita de Jes\u00fas<\/li><li>Lucas Garc\u00eda Libia Crescencia<\/li><li>Ramos Cruz Lucina<\/li><li>Fabi\u00e1n Ch\u00e1vez Rafaela<\/li><li>Mat\u00edas Jim\u00e9nez Justina Teresa<\/li><li>Sebasti\u00e1n Ruiz Macrina<\/li><li>Cruz Hern\u00e1ndez Lucia<\/li><li>S\u00e1nchez Mendosa Hortensia M<\/li><li>Gaspar Mart\u00ednez Concepci\u00f3n Guadalupe<\/li><li>Ruiz Cruz Teresa<\/li><li>Arag\u00f3n Trinidad Mariana<\/li><li>Ramos Bernandino Silvia Hilaria<\/li><li>Hern\u00e1ndez Jim\u00e9nez Mar\u00eda Del Carmen<\/li><li>Mart\u00ednez Garc\u00eda Teresa Carmen<\/li><li>Ramos Ruiz Hermelinda<\/li><li>Ruiz In\u00e9s Mar\u00eda<\/li><li>Cruz Cruz Mar\u00eda<\/li><li>Bernardino Garc\u00eda Juana<\/li><\/ul>\n\n\n\n<p class=\"wp-block-paragraph\">SEM\/sj\/MG<\/p>\n","protected":false},"excerpt":{"rendered":"<p>\u00a0Exigimos respeto: las ind\u00edgenas, no somos incapaces<\/p>\n","protected":false},"author":3,"featured_media":56900,"comment_status":"open","ping_status":"open","sticky":false,"template":"","format":"standard","meta":{"_monsterinsights_skip_tracking":false,"footnotes":""},"categories":[693,54],"tags":[],"class_list":["post-56899","post","type-post","status-publish","format-standard","has-post-thumbnail","category-693","category-mujeres"],"_links":{"self":[{"href":"https:\/\/redsemlac.com\/semmexico\/wp-json\/wp\/v2\/posts\/56899","targetHints":{"allow":["GET"]}}],"collection":[{"href":"https:\/\/redsemlac.com\/semmexico\/wp-json\/wp\/v2\/posts"}],"about":[{"href":"https:\/\/redsemlac.com\/semmexico\/wp-json\/wp\/v2\/types\/post"}],"author":[{"embeddable":true,"href":"https:\/\/redsemlac.com\/semmexico\/wp-json\/wp\/v2\/users\/3"}],"replies":[{"embeddable":true,"href":"https:\/\/redsemlac.com\/semmexico\/wp-json\/wp\/v2\/comments?post=56899"}],"version-history":[{"count":0,"href":"https:\/\/redsemlac.com\/semmexico\/wp-json\/wp\/v2\/posts\/56899\/revisions"}],"wp:featuredmedia":[{"embeddable":true,"href":"https:\/\/redsemlac.com\/semmexico\/wp-json\/wp\/v2\/media\/56900"}],"wp:attachment":[{"href":"https:\/\/redsemlac.com\/semmexico\/wp-json\/wp\/v2\/media?parent=56899"}],"wp:term":[{"taxonomy":"category","embeddable":true,"href":"https:\/\/redsemlac.com\/semmexico\/wp-json\/wp\/v2\/categories?post=56899"},{"taxonomy":"post_tag","embeddable":true,"href":"https:\/\/redsemlac.com\/semmexico\/wp-json\/wp\/v2\/tags?post=56899"}],"curies":[{"name":"wp","href":"https:\/\/api.w.org\/{rel}","templated":true}]}}