{"id":56895,"date":"2022-10-04T15:21:18","date_gmt":"2022-10-04T21:21:18","guid":{"rendered":"https:\/\/redsemlac.com\/semmexico\/?p=56895"},"modified":"2023-07-21T19:17:30","modified_gmt":"2023-07-22T00:17:30","slug":"dice-fiscalia-de-oaxaca-que-investiga-feminicidio-empresaria","status":"publish","type":"post","link":"https:\/\/redsemlac.com\/semmexico\/dice-fiscalia-de-oaxaca-que-investiga-feminicidio-empresaria\/","title":{"rendered":"Dice Fiscal\u00eda de Oaxaca que investiga feminicidio empresaria"},"content":{"rendered":"\n<ul class=\"wp-block-list\"><li><strong> Se\u00f1ala que se apega a protocolo y que las pesquisas son con perspectiva de g\u00e9nero<\/strong><\/li><\/ul>\n\n\n\n<ul class=\"wp-block-list\"><li><strong>La empresaria fue asesinada la noche de este lunes en la capital oaxaque\u00f1a<\/strong><\/li><\/ul>\n\n\n\n<p class=\"wp-block-paragraph\"><strong>Redacci\u00f3n<\/strong><strong><\/strong><\/p>\n\n\n\n<p class=\"wp-block-paragraph\">SemM\u00e9xico, Oaxaca,  4 de octubre  2022.- La Fiscal\u00eda General del Estado de Oaxaca (FGEO) inici\u00f3 la carpeta de investigaci\u00f3n 34176\/FMUJ\/UFEM\/2022, por el delito de homicidio calificado en agravio de una persona del sexo femenino, quien en vida respondi\u00f3 al nombre de Mar\u00eda del Carmen G. C., suscitado en la agencia de Santa Rosa Panzacola, agencia de la ciudad de Oaxaca de Ju\u00e1rez.<\/p>\n\n\n\n<p class=\"wp-block-paragraph\">En un bolet\u00edn de prensa, se\u00f1ala que desde que se tuvo conocimiento, la FGEO investiga el caso con perspectiva de g\u00e9nero y bajo el Protocolo Ministerial, Policial y Pericial del Delito de Feminicidio en el Estado de Oaxaca.<\/p>\n\n\n\n<p class=\"wp-block-paragraph\">Los hechos se suscitaron la noche de este lunes 3 de octubre, cuando la v\u00edctima circulaba a bordo de su veh\u00edculo sobre la Carretera Internacional 190, en inmediaciones de la referida Agencia, fue agredida con disparos de arma de fuego por sujetos desconocidos, provoc\u00e1ndole lesiones que le causaron la muerte.<\/p>\n\n\n\n<p class=\"wp-block-paragraph\">De forma inmediata, la Fiscal\u00eda Especializada en Atenci\u00f3n a Delitos contra la Mujer por Raz\u00f3n de G\u00e9nero intervino y despleg\u00f3 a su personal multidisciplinario, consistente en Agentes Estatales de Investigaci\u00f3n (AEI) y peritos, quienes arribaron al lugar de los hechos para llevar a cabo las diligencias iniciales que permitan esclarecer este delito y dar con los responsables. &nbsp;<\/p>\n\n\n\n<p class=\"wp-block-paragraph\">De acuerdo con el conteo hemerogr\u00e1fico de la organizaci\u00f3n no gubernamental Consorcio para el Di\u00e1logo Parlamentario y la Equidad Oaxaca suman hasta este d\u00eda 700 asesinatos violentos contra mujeres desde el 1 de diciembre de 2016 a la fecha.<\/p>\n\n\n\n<p class=\"wp-block-paragraph\">SEM\/sj\/MG<\/p>\n","protected":false},"excerpt":{"rendered":"<p> Se\u00f1ala que se apega a protocolo y que las pesquisas son con perspectiva de g\u00e9nero<\/p>\n","protected":false},"author":3,"featured_media":56896,"comment_status":"open","ping_status":"open","sticky":false,"template":"","format":"standard","meta":{"_monsterinsights_skip_tracking":false,"footnotes":""},"categories":[693,51],"tags":[],"class_list":["post-56895","post","type-post","status-publish","format-standard","has-post-thumbnail","category-693","category-ejecutivo"],"_links":{"self":[{"href":"https:\/\/redsemlac.com\/semmexico\/wp-json\/wp\/v2\/posts\/56895","targetHints":{"allow":["GET"]}}],"collection":[{"href":"https:\/\/redsemlac.com\/semmexico\/wp-json\/wp\/v2\/posts"}],"about":[{"href":"https:\/\/redsemlac.com\/semmexico\/wp-json\/wp\/v2\/types\/post"}],"author":[{"embeddable":true,"href":"https:\/\/redsemlac.com\/semmexico\/wp-json\/wp\/v2\/users\/3"}],"replies":[{"embeddable":true,"href":"https:\/\/redsemlac.com\/semmexico\/wp-json\/wp\/v2\/comments?post=56895"}],"version-history":[{"count":0,"href":"https:\/\/redsemlac.com\/semmexico\/wp-json\/wp\/v2\/posts\/56895\/revisions"}],"wp:featuredmedia":[{"embeddable":true,"href":"https:\/\/redsemlac.com\/semmexico\/wp-json\/wp\/v2\/media\/56896"}],"wp:attachment":[{"href":"https:\/\/redsemlac.com\/semmexico\/wp-json\/wp\/v2\/media?parent=56895"}],"wp:term":[{"taxonomy":"category","embeddable":true,"href":"https:\/\/redsemlac.com\/semmexico\/wp-json\/wp\/v2\/categories?post=56895"},{"taxonomy":"post_tag","embeddable":true,"href":"https:\/\/redsemlac.com\/semmexico\/wp-json\/wp\/v2\/tags?post=56895"}],"curies":[{"name":"wp","href":"https:\/\/api.w.org\/{rel}","templated":true}]}}