{"id":56892,"date":"2022-10-04T15:07:44","date_gmt":"2022-10-04T21:07:44","guid":{"rendered":"https:\/\/redsemlac.com\/semmexico\/?p=56892"},"modified":"2023-07-21T19:17:30","modified_gmt":"2023-07-22T00:17:30","slug":"proponen-en-guerrero-instalar-procuradurias-regionales-de-proteccion-de-ninas-ninos-y-adolescentes","status":"publish","type":"post","link":"https:\/\/redsemlac.com\/semmexico\/proponen-en-guerrero-instalar-procuradurias-regionales-de-proteccion-de-ninas-ninos-y-adolescentes\/","title":{"rendered":"Proponen en Guerrero instalar Procuradur\u00edas Regionales de Protecci\u00f3n de Ni\u00f1as, Ni\u00f1os y Adolescentes"},"content":{"rendered":"\n<ul class=\"wp-block-list\"><li><strong>El Estado de Guerrero carece de las instituciones necesarias para garantizar una efectiva protecci\u00f3n y restituci\u00f3n de sus derechos, afirma el diputado Adolfo Torales Catal\u00e1n.<\/strong><\/li><\/ul>\n\n\n\n<p class=\"wp-block-paragraph\"><strong>Josefina Aguilar Pastor<\/strong><\/p>\n\n\n\n<p class=\"wp-block-paragraph\">SemM\u00e9xico. Chilpancingo, Guerrero. 4 de octubre 2022.- El diputado Adolfo Torales Catal\u00e1n,&nbsp; presento una propuesta para exhortar al DIF Guerrero etiquetar recursos en su presupuesto de egresos del ejercicio 2023, e instalar Procuradur\u00edas Regionales de Protecci\u00f3n de Ni\u00f1as, Ni\u00f1os y Adolescentes.<\/p>\n\n\n\n<p class=\"wp-block-paragraph\">Dijo que a pesar de los esfuerzos realizados y avances significativos, falta mucho por hacer, toda vez que en el Estado de Guerrero se carece de las instituciones necesarias para garantizar una efectiva protecci\u00f3n y restituci\u00f3n de sus derechos, espec\u00edficamente en cuanto al establecimiento de las mencionadas Procuradur\u00edas de Protecci\u00f3n Regionales de Ni\u00f1as, Ni\u00f1os y Adolescentes, establecidas en la Ley n\u00famero 812 para la Protecci\u00f3n de los Derechos de Ni\u00f1as, Ni\u00f1os y Adolescentes del Estado de Guerrero.<\/p>\n\n\n\n<p class=\"wp-block-paragraph\">A pesar de lo previsto en la mencionada ley, las Procuradur\u00edas Regionales de Protecci\u00f3n no han sido instauradas, mencion\u00f3 que mediante solicitud de informaci\u00f3n presentada a la Direcci\u00f3n General de la Sistema para el Desarrollo Integral de la Familia (DIF), el 23 de mayo de este a\u00f1o, respecto a que si esas instancias se encontraban operando y brindado atenci\u00f3n, se respondi\u00f3 que \u00fanicamente fue instalada la Procuradur\u00eda de Acapulco.<\/p>\n\n\n\n<p class=\"wp-block-paragraph\">De ah\u00ed que para contribuir a garantizar el ejercicio, protecci\u00f3n y restituci\u00f3n de los derechos de ni\u00f1as, ni\u00f1os y adolescentes, el diputado propuso que posterior a la aprobaci\u00f3n del presupuesto de egresos del ejercicio fiscal 2023, se instauren y establezcan las Procuradur\u00edas Regionales de Protecci\u00f3n de Ni\u00f1as, Ni\u00f1os y Adolescentes, en cada una de las regiones del Estado, para que en el \u00e1mbito de su competencia, contribuyan a garantizar el ejercicio, protecci\u00f3n y restituci\u00f3n de los derechos de la ni\u00f1ez y adolescencia y lograr mayor presencia y cobertura posible en los municipios de la entidad.<\/p>\n\n\n\n<p class=\"wp-block-paragraph\">Mencion\u00f3 que de acuerdo a datos oficiales, las ni\u00f1as, ni\u00f1os y adolescentes, est\u00e1n expuestos constantemente a sufrir situaciones de violencia, ocasionadas por m\u00faltiples factores que demandan atenci\u00f3n inmediata, por lo tanto, adquiere especial relevancia el contenido de la propuesta de acuerdo, mediante el cual, busca consolidar y fortalecer las instituciones encargadas de prevenir, atender, sancionar y erradicar la violencia contra ni\u00f1as, ni\u00f1os, adolescentes.<\/p>\n\n\n\n<p class=\"wp-block-paragraph\">&nbsp;\u201cDebemos tener en cuenta que la instauraci\u00f3n y establecimiento de las Procuradur\u00edas Regionales de Protecci\u00f3n de Ni\u00f1as, Ni\u00f1os y Adolescentes, representar\u00e1 necesariamente la erogaci\u00f3n de recursos no contemplados para la dependencia responsable, por ello es indispensable la disponibilidad de recursos, materiales, financieros y humanos que les permita brindar una atenci\u00f3n integral en favor de ni\u00f1as, ni\u00f1os y adolescentes; por lo que, el Sistema para el Desarrollo Integral de la Familia tiene que considerar la asignaci\u00f3n de recursos&nbsp; dentro de su Proyecto de Presupuesto de Egresos del ejercicio fiscal 2023, para que est\u00e9 en posibilidades de llevar a cabo la instauraci\u00f3n y establecimiento de las Procuradur\u00edas Regionales\u201d, expres\u00f3.<\/p>\n\n\n\n<p class=\"wp-block-paragraph\">La propuesta fue turnada a las comisiones de presupuesto y cuenta p\u00fablica y de los derechos de los ni\u00f1os, ni\u00f1as y adolescentes.<\/p>\n","protected":false},"excerpt":{"rendered":"<p>El Estado de Guerrero carece de las instituciones necesarias para garantizar una efectiva protecci\u00f3n y restituci\u00f3n de sus derechos, afirma el diputado Adolfo Torales Catal\u00e1n.<\/p>\n","protected":false},"author":3,"featured_media":56893,"comment_status":"open","ping_status":"open","sticky":false,"template":"","format":"standard","meta":{"_monsterinsights_skip_tracking":false,"footnotes":""},"categories":[693,50],"tags":[144],"class_list":["post-56892","post","type-post","status-publish","format-standard","has-post-thumbnail","category-693","category-congreso","tag-guerrero"],"_links":{"self":[{"href":"https:\/\/redsemlac.com\/semmexico\/wp-json\/wp\/v2\/posts\/56892","targetHints":{"allow":["GET"]}}],"collection":[{"href":"https:\/\/redsemlac.com\/semmexico\/wp-json\/wp\/v2\/posts"}],"about":[{"href":"https:\/\/redsemlac.com\/semmexico\/wp-json\/wp\/v2\/types\/post"}],"author":[{"embeddable":true,"href":"https:\/\/redsemlac.com\/semmexico\/wp-json\/wp\/v2\/users\/3"}],"replies":[{"embeddable":true,"href":"https:\/\/redsemlac.com\/semmexico\/wp-json\/wp\/v2\/comments?post=56892"}],"version-history":[{"count":0,"href":"https:\/\/redsemlac.com\/semmexico\/wp-json\/wp\/v2\/posts\/56892\/revisions"}],"wp:featuredmedia":[{"embeddable":true,"href":"https:\/\/redsemlac.com\/semmexico\/wp-json\/wp\/v2\/media\/56893"}],"wp:attachment":[{"href":"https:\/\/redsemlac.com\/semmexico\/wp-json\/wp\/v2\/media?parent=56892"}],"wp:term":[{"taxonomy":"category","embeddable":true,"href":"https:\/\/redsemlac.com\/semmexico\/wp-json\/wp\/v2\/categories?post=56892"},{"taxonomy":"post_tag","embeddable":true,"href":"https:\/\/redsemlac.com\/semmexico\/wp-json\/wp\/v2\/tags?post=56892"}],"curies":[{"name":"wp","href":"https:\/\/api.w.org\/{rel}","templated":true}]}}