{"id":5685,"date":"2019-04-30T18:18:45","date_gmt":"2019-04-30T18:18:45","guid":{"rendered":"https:\/\/redsemlac.com\/semmexico\/?p=5685"},"modified":"2023-07-21T14:48:40","modified_gmt":"2023-07-21T19:48:40","slug":"la-demanda-sienta-un-precedente-y-es-un-mensaje-para-las-mujeres-de-todo-el-pais-porque-ya-no-es-tiempo-de-temer-participar-en-la-politica-angelica-de-la-pena","status":"publish","type":"post","link":"https:\/\/redsemlac.com\/semmexico\/la-demanda-sienta-un-precedente-y-es-un-mensaje-para-las-mujeres-de-todo-el-pais-porque-ya-no-es-tiempo-de-temer-participar-en-la-politica-angelica-de-la-pena\/","title":{"rendered":"La demanda sienta un precedente y es un mensaje para las mujeres de todo el pa\u00eds, porque ya no es tiempo de temer participar en la pol\u00edtica: Ang\u00e9lica de la Pe\u00f1a"},"content":{"rendered":"\n<p class=\"wp-block-paragraph\"><a href=\"https:\/\/www.semmexico.com\/gallery-post.php?id=2537#\">Josefina Aguilar Pastor,<\/a><\/p>\n\n\n\n<p class=\"wp-block-paragraph\">SemM\u00e9xico, Chilpancingo, Gro., 31 de julio de 2017.- La senadora Ang\u00e9lica de la Pe\u00f1a G\u00f3mez, presidenta de la Comisi\u00f3n de Derechos Humanos, respalda la denuncia por violencia de g\u00e9nero interpuesta por Martha Eugenia Todd Mena, regidora del municipio de Iguala, en contra de un periodista de dicho municipio. La legisladora destaca la importancia que tiene el caso para el Poder Judicial, que tiene la oportunidad de juzgarlo con perspectiva de g\u00e9nero.<br><br>Al acudir este viernes al tercer d\u00eda de conferencias que formaron parte de la jornada: \u201cPor una Vida libre de Trata\u201d, promovida por el Ayuntamiento de Acapulco, en el marco del D\u00eda Mundial contra la Trata de Personas, la representante popular ofreci\u00f3 una conferencia de prensa junto con la regidora de Participaci\u00f3n de la mujer del Ayuntamiento de Iguala, Martha Eugenia Todd Mena, quien desde el pasado mes de abril, interpuso una denuncia por violencia de g\u00e9nero en contra del periodista Mois\u00e9s Ocampo Rom\u00e1n.&nbsp;<br><br>La senadora perredista destac\u00f3 la importancia de esta denuncia que dijo, sienta un precedente en todo el pa\u00eds, ya que es la primera y es un mensaje para todas las dem\u00e1s mujeres, para que se armen de valor y exijan respeto a sus derechos, de lo contrario, indic\u00f3, continuar\u00e1 ese temor para participar en la pol\u00edtica.<br><br>\u201cPor desgracia, las mujeres no se animan a denunciar, por eso es que esta demanda en Guerrero, que tambi\u00e9n es un mensaje al pa\u00eds, es emblem\u00e1tica, porque en primer lugar, hay una mujer que se anima a enfrentar el hostigamiento que se desata cuando se demanda\u201d, expuso de la Pe\u00f1a G\u00f3mez.<br><br>Llam\u00f3 al Poder Judicial a juzgar este caso con perspectiva de g\u00e9nero, luego de que el imputado, en una intenci\u00f3n de evadir a la justicia, solicit\u00f3 un amparo en contra, tras suspender hasta en dos ocasiones las audiencias en el juzgado de Iguala, donde se desarrolla el proceso en su contra; la primera, alegando problema de salud, y la segunda, debido al amparo federal solicitado.<br><br>La senadora destac\u00f3 la importancia que tiene la demanda para el Poder Judicial, \u201cporque va a ser emblem\u00e1tica para mandar un mensaje a las mujeres de Guerrero y del pa\u00eds, de ese tama\u00f1o es la trascendencia de este asunto, el mensaje es, hay que cumplir y acatar la Constituci\u00f3n y las leyes que de ella emanan\u201d.<br><br>\u201cLa igualdad es un derecho constitucional, el acceso a las decisiones y el poder es un derecho que se tiene que cumplir de manera igualitaria entre hombres y mujeres, ambos est\u00e1n obligados a respetar la Constituci\u00f3n\u201d, argument\u00f3 la parlamentaria, quien tambi\u00e9n hizo un llamado a las autoridades de los \u00e1mbitos correspondientes, a generar las condiciones para abatir la brecha de desigualdad y promover el respeto a los derechos de las mujeres.<br>SEM\/ja\/lr<br><br><\/p>\n","protected":false},"excerpt":{"rendered":"<p>Josefina Aguilar Pastor, SemM\u00e9xico, Chilpancingo, Gro., 31 de julio de 2017.- La senadora Ang\u00e9lica de la Pe\u00f1a G\u00f3mez, presidenta de la Comisi\u00f3n de Derechos Humanos, respalda la denuncia por violencia de g\u00e9nero interpuesta por Martha Eugenia Todd Mena, regidora del municipio de Iguala, en contra de un periodista de dicho municipio. La legisladora destaca la [&hellip;]<\/p>\n","protected":false},"author":3,"featured_media":5686,"comment_status":"open","ping_status":"open","sticky":false,"template":"","format":"standard","meta":{"_monsterinsights_skip_tracking":false,"footnotes":""},"categories":[690,50],"tags":[],"class_list":["post-5685","post","type-post","status-publish","format-standard","has-post-thumbnail","category-690","category-congreso"],"_links":{"self":[{"href":"https:\/\/redsemlac.com\/semmexico\/wp-json\/wp\/v2\/posts\/5685","targetHints":{"allow":["GET"]}}],"collection":[{"href":"https:\/\/redsemlac.com\/semmexico\/wp-json\/wp\/v2\/posts"}],"about":[{"href":"https:\/\/redsemlac.com\/semmexico\/wp-json\/wp\/v2\/types\/post"}],"author":[{"embeddable":true,"href":"https:\/\/redsemlac.com\/semmexico\/wp-json\/wp\/v2\/users\/3"}],"replies":[{"embeddable":true,"href":"https:\/\/redsemlac.com\/semmexico\/wp-json\/wp\/v2\/comments?post=5685"}],"version-history":[{"count":0,"href":"https:\/\/redsemlac.com\/semmexico\/wp-json\/wp\/v2\/posts\/5685\/revisions"}],"wp:featuredmedia":[{"embeddable":true,"href":"https:\/\/redsemlac.com\/semmexico\/wp-json\/wp\/v2\/media\/5686"}],"wp:attachment":[{"href":"https:\/\/redsemlac.com\/semmexico\/wp-json\/wp\/v2\/media?parent=5685"}],"wp:term":[{"taxonomy":"category","embeddable":true,"href":"https:\/\/redsemlac.com\/semmexico\/wp-json\/wp\/v2\/categories?post=5685"},{"taxonomy":"post_tag","embeddable":true,"href":"https:\/\/redsemlac.com\/semmexico\/wp-json\/wp\/v2\/tags?post=5685"}],"curies":[{"name":"wp","href":"https:\/\/api.w.org\/{rel}","templated":true}]}}