{"id":56803,"date":"2022-10-03T11:29:53","date_gmt":"2022-10-03T17:29:53","guid":{"rendered":"https:\/\/redsemlac.com\/semmexico\/?p=56803"},"modified":"2023-07-21T19:17:33","modified_gmt":"2023-07-22T00:17:33","slug":"cuba-solidaridad-ciudadana-frente-a-cuantiosos-danos-de-ian","status":"publish","type":"post","link":"https:\/\/redsemlac.com\/semmexico\/cuba-solidaridad-ciudadana-frente-a-cuantiosos-danos-de-ian\/","title":{"rendered":"Cuba: Solidaridad ciudadana frente a cuantiosos da\u00f1os de Ian"},"content":{"rendered":"\n<p class=\"wp-block-paragraph\"><strong>Dixie Edith<\/strong><\/p>\n\n\n\n<p class=\"wp-block-paragraph\">SemM\u00e9xico\/SEMlac, La Habana, Cuba, 3 de octubre del 2022.- Da\u00f1os graves en viviendas, cultivos e infraestructuras de todo tipo, pero sobre todo en el sistema el\u00e9ctrico nacional, dej\u00f3 en Cuba el fuerte hurac\u00e1n Ian, que atraves\u00f3 el extremo occidental de la Isla en la madrugada del 27 de septiembre.<\/p>\n\n\n\n<p class=\"wp-block-paragraph\">Casi inmediatamente, en paralelo a las acciones gubernamentales, muchos espacios de activismo ciudadano, negocios, emprendimientos, instituciones estatales y otros grupos de apoyo de la sociedad civil comenzaron a articularse para hacer llegar ayudas sobre todo a Pinar del R\u00edo, la provincia m\u00e1s occidental de Cuba, a m\u00e1s de 150 kil\u00f3metros de La Habana y la m\u00e1s afectada por el paso del fen\u00f3meno meteorol\u00f3gico.<\/p>\n\n\n\n<p class=\"wp-block-paragraph\">Instituciones como la Universidad de La Habana, el grupo Palco y la Fundaci\u00f3n Nicol\u00e1s Guillen; el Caf\u00e9 Teatro Biscuit, sede del grupo de teatro El Portazo, en Matanzas; la Iglesia de la Comunidad Metropolitana de C\u00e1rdenas, tambi\u00e9n en la central provincia, por solo citar algunos, han habilitado espacios de recogida de donaciones.<\/p>\n\n\n\n<p class=\"wp-block-paragraph\">Asociaciones gremiales se han sumado igualmente a brindar apoyos desde sus perfiles profesionales. Es el caso de la Sociedad Cubana de Psicolog\u00eda, que ha abierto un servicio de orientaci\u00f3n psicol\u00f3gica a distancia, una experiencia consolidada durante la pandemia de covid-19.<\/p>\n\n\n\n<p class=\"wp-block-paragraph\">Desde las redes sociales, en tanto, se organizan proyectos solidarios como Dar es Dar, que comenzaron a recoger medicamentos, alimentos no perecederos, ropas y otros insumos de primera necesidad para ayudar a las personas m\u00e1s afectadas en Pinar del R\u00edo.<\/p>\n\n\n\n<p class=\"wp-block-paragraph\">Patricia M\u00f3nica Revuelta Mugica, fundadora de la iniciativa, dijo a este servicio que se trata de \u00abun proyecto humanitario con una labor diaria auxiliando al pueblo con medicamentos, y tendi\u00e9ndole la mano a todo el necesitado, sin fines pol\u00edticos ni religiosos\u00bb.<\/p>\n\n\n\n<p class=\"wp-block-paragraph\">En el grupo de Facebook Dar es Dar, Revuelta Mugica explic\u00f3 que fueron \u00abel primer proyecto humanitario de la sociedad civil que tuvo acceso a algunas de las zonas m\u00e1s intrincadas de Pinar, despu\u00e9s del paso despiadado de Ian\u00bb y llam\u00f3 a las personas a aportar toda la ayuda posible.<\/p>\n\n\n\n<p class=\"wp-block-paragraph\">\u00abTenemos todas las energ\u00edas enfocadas en tejer las maneras de seguir ayudando\u00bb, precis\u00f3 Revuelta Mugica a SEMlac.<\/p>\n\n\n\n<p class=\"wp-block-paragraph\">En paralelo, el Centro Memorial Martin Luther King Jr. (Cmlk) y sus redes, en alianza con la Iglesia Presbiteriana Reformada en Cuba, la Facultad de Psicolog\u00eda de la Universidad de la Habana y la Federaci\u00f3n Estudiantil Universitaria, anunciaron la recogida de donaciones \u00aben cualquier horario\u00bb, en su sede del municipio de Marianao de la capital cubana.<\/p>\n\n\n\n<p class=\"wp-block-paragraph\">\u00abDesde nuestra Articulaci\u00f3n nos estamos sumando, como en otras ocasiones, al Cmlk para la entrega de donaciones\u00bb, dijo a SEMlac Yoamaris Neptuno Dom\u00ednguez, coordinadora de la Articulaci\u00f3n Juvenil por la Equidad Social, del Centro Oscar Arnulfo Romero (OAR).<\/p>\n\n\n\n<p class=\"wp-block-paragraph\">\u00abIntegrantes de la Articulaci\u00f3n en Pinar del Rio han estado trabajando all\u00e1 en el apoyo y atenci\u00f3n a las personas m\u00e1s afectadas y desde ac\u00e1 estamos enviando donativos y ayuda, aunque sabemos que siempre es poca\u00bb, explic\u00f3 Neptuno Dom\u00ednguez.<\/p>\n\n\n\n<p class=\"wp-block-paragraph\">\u00abTambi\u00e9n, como parte de una alianza de trabajo con el Fondo de las Naciones Unidas para la Infancia (Unicef), decidimos sumar a los apoyos a las provincias afectadas una iniciativa que desarrollamos desde abril que consiste en llegar con un kit para la expresi\u00f3n y la innovaci\u00f3n a ni\u00f1as, ni\u00f1os y adolescentes que sufren los impactos de desastres o fen\u00f3menos naturales\u00bb, agreg\u00f3.<\/p>\n\n\n\n<p class=\"wp-block-paragraph\">Se trata de un paquete de orientaci\u00f3n, herramientas, actividades y suministros para trabajar con personas de entre 10 y 17 a\u00f1os, que se comenz\u00f3 a introducir en el pa\u00eds tras la crisis sanitaria provocada por la covid-19.<\/p>\n\n\n\n<p class=\"wp-block-paragraph\">\u00abCon su implementaci\u00f3n se busca lograr un cambio positivo en la vida de ni\u00f1as, ni\u00f1os y adolescentes, con vista a contribuir al desarrollo de aptitudes claves para enfrentar circunstancias estresantes y llegar\u00e1 quienes est\u00e1n sufriendo esta tragedia en Pinar, Mayabeque y Artemisa\u00bb, abund\u00f3 Neptuno Dom\u00ednguez.<\/p>\n\n\n\n<p class=\"wp-block-paragraph\">El Gobierno, por su parte, abri\u00f3 varias cuentas bancarias para la recepci\u00f3n de ayudas monetarias desde Cuba y otros pa\u00edses y aprob\u00f3 que el Presupuesto del Estado financie \u00abel 50 por ciento de los precios de los materiales de la construcci\u00f3n, tanques para agua y colchones que se vendan a la poblaci\u00f3n damnificada\u00bb.<\/p>\n\n\n\n<p class=\"wp-block-paragraph\">Tal decisi\u00f3n qued\u00f3 refrendada en el Acuerdo 9411 del Consejo de Ministros, fue publicado en la Gaceta Oficial de la Rep\u00fablica de Cuba No. 59, el primero de octubre.<\/p>\n\n\n\n<p class=\"wp-block-paragraph\">El mismo acuerdo dispone \u00abque las personas cuyos ingresos no le sean suficientes para adquirir los bienes antes mencionados, podr\u00e1n acceder a cr\u00e9ditos bancarios o solicitar subsidios para la compra de materiales de la construcci\u00f3n, con cargo al Presupuesto del Estado\u201d.<\/p>\n\n\n\n<p class=\"wp-block-paragraph\">Dos aviones procedentes de M\u00e9xico llegaron al pa\u00eds con material el\u00e9ctrico destinado a la recuperaci\u00f3n de la provincia de Pinar del R\u00edo y otras ayudas se van concretando a medida que van pasando los d\u00edas.<\/p>\n\n\n\n<p class=\"wp-block-paragraph\">Como es habitual ante estos eventos en Cuba, trabajadores el\u00e9ctricos y de la telefon\u00eda de todo el pa\u00eds se desplazaron a las provincias m\u00e1s afectadas para apoyar en la recuperaci\u00f3n.<\/p>\n\n\n\n<h2 class=\"wp-block-heading\"><strong>La noche del hurac\u00e1n<\/strong><\/h2>\n\n\n\n<p class=\"wp-block-paragraph\">\u00abYo tuve miedo dentro de mi casa. Se sent\u00edan cosas quebr\u00e1ndose, parti\u00e9ndose. Pero cuando salimos al amanecer no era tanto el da\u00f1o\u00bb, cont\u00f3 a SEMlac Yuliet P\u00e9rez Cala\u00f1a, periodista de 35 a\u00f1os, quien vive y trabaja en la Isla de la Juventud, la segunda en tama\u00f1o del archipi\u00e9lago cubano, ubicada al sur occidente, a poco m\u00e1s de 100 kil\u00f3metros de la capital.<\/p>\n\n\n\n<p class=\"wp-block-paragraph\">\u00abDonde vivo, en La Fe, se sintieron rachas de viento de m\u00e1s de 100 kil\u00f3metros por hora. Pero tambi\u00e9n nosotros empezamos a prepararnos con much\u00edsimo tiempo\u00bb, precis\u00f3 P\u00e9rez Cala\u00f1a.<\/p>\n\n\n\n<p class=\"wp-block-paragraph\">\u00abUno de los poblados m\u00e1s afectados fue Cocodrilo, en el extremo sur de la isla, y uno de sus lugares m\u00e1s ex\u00f3ticos. All\u00ed viven unas 300 personas y la mayor\u00eda fueron evacuadas, pero quedaron muchos da\u00f1os en la infraestructura de la cooperativa pesquera y en las casas, adem\u00e1s del microsistema el\u00e9ctrico muy afectado\u00bb, narr\u00f3 la colega.<\/p>\n\n\n\n<p class=\"wp-block-paragraph\">A su juicio, fueron da\u00f1os menores \u00absi los comparas con tormentas y huracanes anteriores\u00bb, precis\u00f3.<\/p>\n\n\n\n<p class=\"wp-block-paragraph\">Dolorosamente, en Pinar del Rio el desastre real super\u00f3 con creces lo anticipado por sus habitantes mientras sent\u00edan las r\u00e1fagas de viento en la oscuridad de la madrugada.<\/p>\n\n\n\n<p class=\"wp-block-paragraph\">\u00abDe lo que viv\u00ed esta madrugada mejor ni hablar. Estamos vivos, pens\u00e9 que la puerta se abrir\u00eda y Ian nos llevar\u00eda con \u00e9l. Algunos de mis vecinos est\u00e1n sin techo, los tanques volaron, tuber\u00edas de agua partidas, mi casa inundada por la lluvia que entraba por debajo de la puerta, junto a las hojas de la milenaria ceiba y a m\u00ed no se me quita el sobresalto\u00bb, public\u00f3 al amanecer del 27 de septiembre la tambi\u00e9n periodista Belkis P\u00e9rez Cruz, en su perfil de Facebook.<\/p>\n\n\n\n<p class=\"wp-block-paragraph\">\u00ab\u00a1Estamos vivos!\u00bb, tambi\u00e9n coment\u00f3 en su perfil de la red social Anelys Acosta Puerto, pinare\u00f1a y trabajadora de la cultura. \u00abEs la expresi\u00f3n que repito una y otra vez, pero el estado de limbo en el que a\u00fan permanecemos es muy fuerte\u00bb, agreg\u00f3.<\/p>\n\n\n\n<p class=\"wp-block-paragraph\">\u00abLo vivido ha sido horrible, mi edificio tembl\u00f3 en m\u00e1s de cinco ocasiones, el sonido es tan fuerte como las turbinas de un avi\u00f3n y los cristales rotos son expresi\u00f3n del desastre\u00bb, detall\u00f3 Acosta Puerto.<\/p>\n\n\n\n<p class=\"wp-block-paragraph\">El hurac\u00e1n Ian pas\u00f3 por las inmediaciones de la Isla de la Juventud con categor\u00eda 2 en la escala Saffir-Simpson, una convenci\u00f3n internacional que clasifica los ciclones tropicales seg\u00fan la intensidad del viento. Sin embargo, poco antes de tocar tierra en Pinar del R\u00edo alcanz\u00f3 la categor\u00eda 3, con vientos de 185 kil\u00f3metros por hora y rachas mayores. Sus efectos se extendieron a todo el occidente del pa\u00eds y las afectaciones a\u00fan est\u00e1n siendo cuantificadas.<\/p>\n\n\n\n<p class=\"wp-block-paragraph\">El impacto mayor fue al Sistema Electroenerg\u00e9tico Nacional (SEN). El propio 27 de septiembre se report\u00f3 un \u00abcero total\u00bb en la generaci\u00f3n el\u00e9ctrica del pa\u00eds, tras fallas en l\u00edneas de distribuci\u00f3n fundamentales, seg\u00fan public\u00f3 la agencia de noticias Prensa Latina. El d\u00eda 29, al filo de las seis y treinta de la tarde, se sincronizaron los sistemas aislados de la regi\u00f3n occidental y oriental y qued\u00f3 el SEN operando nuevamente como un sistema integrado.<\/p>\n\n\n\n<p class=\"wp-block-paragraph\">Seg\u00fan datos publicados en el sitio de la Presidencia al cierre del primero de octubre, en la Isla de la Juventud la energ\u00eda el\u00e9ctrica y la telefon\u00eda m\u00f3vil estaban recuperadas al 98 y el 97 por ciento, respectivamente, en correspondencia con la valoraci\u00f3n preliminar de da\u00f1os comentada por P\u00e9rez Cala\u00f1a.<\/p>\n\n\n\n<p class=\"wp-block-paragraph\">En la provincia de Artemisa, fronteriza con Pinar del R\u00edo por el este, se hab\u00eda recuperado el 38 por ciento del servicio el\u00e9ctrico, el 77 por ciento de la telefon\u00eda m\u00f3vil y el 35 por ciento de la fija. Adem\u00e1s, se contabilizaban 6.898 viviendas afectadas, la gran mayor\u00eda en los techos.<\/p>\n\n\n\n<p class=\"wp-block-paragraph\">En La Habana permanec\u00edan 148 personas evacuadas; de 285 circuitos el\u00e9ctricos afectados se hab\u00edan recuperado 276 y se reportaban 986 viviendas afectadas y centenares de \u00e1rboles ca\u00eddos.<\/p>\n\n\n\n<p class=\"wp-block-paragraph\">En tanto, en Pinar del R\u00edo 1.959 personas permanec\u00edan evacuadas, 228 familias no contaban con una vivienda a d\u00f3nde regresar; solo se hab\u00eda podido restablecer el 1,6 por ciento de la electricidad y se estimaban m\u00e1s de 29.000 viviendas afectadas, 2.213 de ellas con derrumbes totales, adem\u00e1s de 396 escuelas y 122 instalaciones de salud da\u00f1adas, entre otros destrozos.<\/p>\n\n\n\n<p class=\"wp-block-paragraph\">SEM\/MG<\/p>\n\n\n\n<p class=\"wp-block-paragraph\"><\/p>\n","protected":false},"excerpt":{"rendered":"<p>Da\u00f1os graves en viviendas, cultivos e infraestructuras de todo tipo, pero sobre todo en el sistema el\u00e9ctrico nacional, dej\u00f3 en Cuba el fuerte hurac\u00e1n Ian<\/p>\n","protected":false},"author":3,"featured_media":56804,"comment_status":"open","ping_status":"open","sticky":false,"template":"","format":"standard","meta":{"_monsterinsights_skip_tracking":false,"footnotes":""},"categories":[693,53],"tags":[],"class_list":["post-56803","post","type-post","status-publish","format-standard","has-post-thumbnail","category-693","category-internacional"],"_links":{"self":[{"href":"https:\/\/redsemlac.com\/semmexico\/wp-json\/wp\/v2\/posts\/56803","targetHints":{"allow":["GET"]}}],"collection":[{"href":"https:\/\/redsemlac.com\/semmexico\/wp-json\/wp\/v2\/posts"}],"about":[{"href":"https:\/\/redsemlac.com\/semmexico\/wp-json\/wp\/v2\/types\/post"}],"author":[{"embeddable":true,"href":"https:\/\/redsemlac.com\/semmexico\/wp-json\/wp\/v2\/users\/3"}],"replies":[{"embeddable":true,"href":"https:\/\/redsemlac.com\/semmexico\/wp-json\/wp\/v2\/comments?post=56803"}],"version-history":[{"count":0,"href":"https:\/\/redsemlac.com\/semmexico\/wp-json\/wp\/v2\/posts\/56803\/revisions"}],"wp:featuredmedia":[{"embeddable":true,"href":"https:\/\/redsemlac.com\/semmexico\/wp-json\/wp\/v2\/media\/56804"}],"wp:attachment":[{"href":"https:\/\/redsemlac.com\/semmexico\/wp-json\/wp\/v2\/media?parent=56803"}],"wp:term":[{"taxonomy":"category","embeddable":true,"href":"https:\/\/redsemlac.com\/semmexico\/wp-json\/wp\/v2\/categories?post=56803"},{"taxonomy":"post_tag","embeddable":true,"href":"https:\/\/redsemlac.com\/semmexico\/wp-json\/wp\/v2\/tags?post=56803"}],"curies":[{"name":"wp","href":"https:\/\/api.w.org\/{rel}","templated":true}]}}