{"id":56801,"date":"2022-10-03T11:27:21","date_gmt":"2022-10-03T17:27:21","guid":{"rendered":"https:\/\/redsemlac.com\/semmexico\/?p=56801"},"modified":"2023-07-21T19:17:33","modified_gmt":"2023-07-22T00:17:33","slug":"rafaga-agustin-de-iturbide-libertador-sin-patria-lo-borraron-de-nuestra-historia-paredon-al-retornar-a-mexico-guerrero-o-llamo-consumador","status":"publish","type":"post","link":"https:\/\/redsemlac.com\/semmexico\/rafaga-agustin-de-iturbide-libertador-sin-patria-lo-borraron-de-nuestra-historia-paredon-al-retornar-a-mexico-guerrero-o-llamo-consumador\/","title":{"rendered":"R\u00e1faga| Agust\u00edn de Iturbide, libertador sin Patria lo borraron de nuestra historia, pared\u00f3n al retornar a M\u00e9xico, Guerrero o llam\u00f3 Consumador"},"content":{"rendered":"\n<p class=\"wp-block-paragraph\"><strong>Jorge Herrera Valenzuela<\/strong><\/p>\n\n\n\n<p class=\"has-text-align-right wp-block-paragraph\"><strong><em>Muri\u00f3 Miguel L\u00f3pez Azuara, excelente amigo y periodista<\/em><\/strong><\/p>\n\n\n\n<p class=\"wp-block-paragraph\">SemM\u00e9xico, Ciudad de M\u00e9xico, 3 de octubre del 2022.- Se cumplieron 201 a\u00f1os de la <strong>Consumaci\u00f3n de la Independencia.<\/strong> No hubo acto oficial. Pocas personas acudieron a la Capilla de San Felipe, en la Catedral Metropolitana de la Ciudad de M\u00e9xico, donde reposan los restos o cenizas de <strong>Agust\u00edn de Iturbide<\/strong>, quien naci\u00f3 el 27 de septiembre de 1789 en Valladolid, hoy Morelia. Coincidencias del destino, porque en esa fecha, del a\u00f1o 1821, culmin\u00f3 la lucha iniciada en 1810 por el Cura Miguel Hidalgo y Costilla.&nbsp;<\/p>\n\n\n\n<p class=\"wp-block-paragraph\">La conmemoraci\u00f3n de la entrada del Ej\u00e9rcito Trigarante a la Capital Mexicana y la firma del Acta de Independencia, se realiz\u00f3 el martes en M\u00e9rida, Yucat\u00e1n; en Puebla, Puebla; en diferentes municipios y ciudades de Michoac\u00e1n, incluyendo Morelia. Tambi\u00e9n hubo acto c\u00edvico en Oaxaca. En la Ciudad de M\u00e9xico el \u00fanico antecedente fue el evento del a\u00f1o pasado, cuando 1,400 elementos de la Secretar\u00eda de la Defensa Nacional escenificaron pasajes en los que lucieron uniformes militares de aquella \u00e9poca.<\/p>\n\n\n\n<p class=\"wp-block-paragraph\">La figura principal del acontecimiento fue la de <strong>Agust\u00edn Cosme Dami\u00e1n de Iturbide y Aramburu<\/strong>, quien por determinaci\u00f3n oficial desapareci\u00f3 de las p\u00e1ginas de la Historia de M\u00e9xico. Se ha dicho que desde 1921 la Consumaci\u00f3n de La Independencia dej\u00f3 de figurar en la agenda c\u00edvica. El nombre de Iturbide jam\u00e1s ha sido mencionado la Noche del 15 de Septiembre, en la celebraci\u00f3n del Grito. Ning\u00fan Presidente de M\u00e9xico, en turno, ha lanzado \u201cVivas\u201d a Iturbide, de quien no encontraremos una estatua o un busto.<\/p>\n\n\n\n<h2 class=\"wp-block-heading\"><strong>Sus restos en la Catedral<\/strong><\/h2>\n\n\n\n<p class=\"wp-block-paragraph\">Antes de continuar comentando sobre la controvertida figura de Agust\u00edn de Iturbide, les entero que al regresar de su autoexilio (estuvo en Italia e Inglaterra), el Congreso lo hab\u00eda sentenciado a ser fusilado. El supuesto juicio fue en ausencia y el acusado jam\u00e1s fue notificado de que, al pisar tierra azteca ser\u00eda aprehendido y pasado a las armas.<\/p>\n\n\n\n<p class=\"wp-block-paragraph\">Desembarc\u00f3 en Soto la Marina, acompa\u00f1ado de su esposa e hijos. Sin m\u00e1s tr\u00e1mite inmediatamente qued\u00f3 preso y le comunicaron la suerte que iba a correr. El 19 de julio de 1824 en el poblado tamaulipeco denominado Padilla, atado de las manos y con los ojos vendados fue llevado al pared\u00f3n. Cuatro o cinco soldados recibieron la orden de disparar contra el Consumador de la Independencia, aunque ellos no supieron a qui\u00e9n le quitaban la vida. Iturbide pidi\u00f3, como \u00faltima voluntad, que le permitieran dirigir un mensaje. No hubo objeci\u00f3n y el valladolicense expres\u00f3:<\/p>\n\n\n\n<p class=\"wp-block-paragraph\">\u201c<strong>Mexicanos en el acto mismo de mi muerte, os recomiendo amor a la Patria y observancia de nuestra santa religi\u00f3n, ella es quien os ha de conducir a la gloria. Muero por haber venido a ayudaros y muero con honor, no como traidor\u201d.<\/strong><\/p>\n\n\n\n<p class=\"wp-block-paragraph\">El cuerpo fue recogido por sus familiares. Cavaron una fosa en el atrio de una iglesia destechada y abandonada del mismo pueblo de Padilla. No hay datos sobre el traslado de los restos a otro sitio. En 1838 el presidente <strong>Anastasio Bustamante<\/strong>, amigo y colaborador de Iturbide, orden\u00f3 que los restos fuesen llevados a la Capilla de San Felipe de Jes\u00fas, en la Catedral Metropolitana de la Ciudad de M\u00e9xico. Todos los 27 de septiembre hay una ceremonia privada con doble motivo, el acto de la Consumaci\u00f3n y el cumplea\u00f1os de Iturbide. Muri\u00f3 a los 40 a\u00f1os de edad. Bustamante pidi\u00f3 que al morir, su coraz\u00f3n quedase depositado en la misma capilla, al lado de su paisano, pues \u00e9l era de Jiquilpan, Michoac\u00e1n.<\/p>\n\n\n\n<h2 class=\"wp-block-heading\"><strong>Lo bajan del muro de honor<\/strong><\/h2>\n\n\n\n<p class=\"wp-block-paragraph\">El potosino<strong> Miguel Barrag\u00e1n<\/strong>, primer Presidente de M\u00e9xico que muere en funciones, firm\u00f3 el decreto para que el nombre de Agust\u00edn de Iturbide fuese colocado con letras de oro en el Muro de Honor de la C\u00e1mara de Diputados. El 20 de mayo de 1835 se cumpli\u00f3 la disposici\u00f3n presidencial.<\/p>\n\n\n\n<p class=\"wp-block-paragraph\">Pocos meses antes del centenario de la Consumaci\u00f3n de la Independencia, a instancias de los diputados Antonio D\u00edaz Soto y Gama y Rafael Ramos Pedrueza se abri\u00f3 un debate para bajar del Muro de Honor el nombre y apellido de Iturbide, porque sin desconocer que el Consumador de la Independencia, no se olvidaba que hab\u00eda combatido y asesinado a luchadores de la Insurgencia, adem\u00e1s de que se coron\u00f3 como Agust\u00edn I, Emperador de M\u00e9xico.<\/p>\n\n\n\n<p class=\"wp-block-paragraph\">En las sesiones de los d\u00edas 28 de septiembre, 4 y 5 de octubre de 1921 los pros y contras se discutieron en la Alta Tribuna. Finalmente don Vito Alessio Robles que encabezaba la defensa, fue derrotado, solo 10 diputados votaron apoy\u00e1ndolo y 126 votos en contra.<\/p>\n\n\n\n<p class=\"wp-block-paragraph\">Una m\u00e1s en contra.<\/p>\n\n\n\n<p class=\"wp-block-paragraph\">El presidente Manuel \u00c1vila Camacho orden\u00f3, en 1943, quitar una estrofa del Himno Nacional, redactado por Francisco Gonz\u00e1lez Bocanegra, por el contenido en sus l\u00edneas. El texto borrado:<\/p>\n\n\n\n<p class=\"wp-block-paragraph\"><strong>Si en la lid contra hueste enemiga<\/strong><\/p>\n\n\n\n<p class=\"wp-block-paragraph\"><strong>Nos convoca la trompa guerrera<\/strong><\/p>\n\n\n\n<p class=\"wp-block-paragraph\"><strong>De Iturbide la sacra bandera<\/strong><\/p>\n\n\n\n<p class=\"wp-block-paragraph\"><strong>\u00a1Mexicanos valientes seguid!<\/strong><\/p>\n\n\n\n<p class=\"wp-block-paragraph\"><strong>Y a los fieros bridones les sirvan<\/strong><\/p>\n\n\n\n<p class=\"wp-block-paragraph\"><strong>Las vencidas ense\u00f1as de alfombra;<\/strong><\/p>\n\n\n\n<p class=\"wp-block-paragraph\"><strong>Los laureles del triunfo den sombra<\/strong><\/p>\n\n\n\n<p class=\"wp-block-paragraph\"><strong>En la frente del bravo adalid.<\/strong><\/p>\n\n\n\n<p class=\"wp-block-paragraph\">El incumplimiento de ese ordenamiento presidencial, es decir al que entonara esa estrofa, se le enjuiciar\u00eda penalmente y quedar\u00eda en prisi\u00f3n.<\/p>\n\n\n\n<h2 class=\"wp-block-heading\"><strong>Interesantes aportaciones<\/strong><\/h2>\n\n\n\n<p class=\"wp-block-paragraph\">En la tarea reporteril conozco datos poco divulgados y encuentro opiniones de cronistas, historiadores, articulistas. La comunicaci\u00f3n moderna adem\u00e1s de la inmediatez, se borran las fronteras geogr\u00e1ficas. Hoy podemos estar al hablar, comentar, discutir, debatir, estando separados por miles de kil\u00f3metros y por las aguas oce\u00e1nicas. A continuaci\u00f3n refiero un ejemplo de ello, producido desde la Capital Mexicana.<\/p>\n\n\n\n<p class=\"wp-block-paragraph\">En el seminario M\u00e9xico-Espa\u00f1a, Filias y Fobias, que dirige el joven acad\u00e9mico <strong>Oscar Gonz\u00e1lez Azuela<\/strong>, a trav\u00e9s del zoom, el jueves pasado hubo una amplia difusi\u00f3n sobre el tema que he comentado. Aportaciones valiosas y fundamentadas quedaron registradas en relaci\u00f3n a los Tratados de C\u00f3rdoba y de Santa Mar\u00eda Calatrava, reconociendo y confirmando la paz y la buena amistad entre los dos pa\u00edses y sus gobiernos.<\/p>\n\n\n\n<p class=\"wp-block-paragraph\">Participaron, desde Espa\u00f1a, el presidente de la Asociaci\u00f3n Espa\u00f1ola de Cronistas Oficiales, Juan Antonio Alonso Resalt, y Jos\u00e9 Luis Arag\u00f3n Panes, cronista de la Chiclana de la Frontera, provincia de C\u00e1diz, en Andaluc\u00eda. Tambi\u00e9n intervino Mar\u00eda Amalia Carmen Lorenzo, residente en Panam\u00e1, a quien cari\u00f1osamente sus compa\u00f1eros conocen como \u201cCoqui\u201d. El grupo est\u00e1 integrado por mujeres y hombres amantes de la cultura y pertenecientes a los altos niveles intelectuales.<\/p>\n\n\n\n<h2 class=\"wp-block-heading\"><strong>Quitaron el nombre en teatros<\/strong><\/h2>\n\n\n\n<p class=\"wp-block-paragraph\">Agradezco la informaci\u00f3n proporcionada por el cronista Juan Carlos Briones Vargas, conferencista que comparte sus valiosos e interesantes conocimientos sobre la historia de los templos cat\u00f3licos, de los sitios hist\u00f3ricos, de personajes y en esta ocasi\u00f3n refiere al cambio de nombre a los Teatros Iturbide.<\/p>\n\n\n\n<p class=\"wp-block-paragraph\">Es muy conocido el Teatro de la Rep\u00fablica, ubicado en la capital de Santiago de Quer\u00e9taro. Ah\u00ed donde se reunieron los integrantes del Congreso Constituyente de 1917 que nos hered\u00f3 el texto de la Constituci\u00f3n Pol\u00edtica de los Estados Unidos Mexicanos. Precisando que fue hasta el 5 de febrero de 1922 cuando fue quitado el apellido Iturbide al Teatro, despu\u00e9s de ser remodelado por \u00f3rdenes del jurista Jos\u00e9 Mar\u00eda Truchuelo, gobernador de Quer\u00e9taro.<\/p>\n\n\n\n<p class=\"wp-block-paragraph\">Gobierno y pueblo en 1844 acordaron construir un teatro y lo hicieron en un amplio terreno que pertenec\u00eda a una alh\u00f3ndiga de m\u00e1s de mil metros cuadrados. Reunieron 4 mil pesos para el inicio de las obras y otros 30 mil para la terminaci\u00f3n, con aportaciones de empresarios espa\u00f1oles. Con el nombre de <strong>Gran Teatro de Iturbide<\/strong> lo inaugur\u00f3 el gobernador queretano Ram\u00f3n Mar\u00eda Loreto de la Canal Samaniego. A\u00f1os despu\u00e9s le quitaron la palabra \u201cGran\u201d.<\/p>\n\n\n\n<p class=\"wp-block-paragraph\">Otro de los eventos hist\u00f3ricos, es que en el Teatro Iturbide estuvieron reunidos los integrantes del Consejo de Guerra que sentenci\u00f3 a ser pasados por las armas al Emperador Maximiliano y a los generales Miguel Miram\u00f3n y Tom\u00e1s Mej\u00eda. La ejecuci\u00f3n tuvo lugar en el Cerro de las Campanas, Quer\u00e9taro, en junio de 1867.<\/p>\n\n\n\n<h2 class=\"wp-block-heading\"><strong>En la Ciudad de M\u00e9xico<\/strong><\/h2>\n\n\n\n<p class=\"wp-block-paragraph\">En lo que actualmente es el recinto de sesiones del Congreso de la Ciudad de M\u00e9xico, en Donceles y Allende, en el Centro Hist\u00f3rico, antes Asamblea Legislativa del Distrito Federal, en el Siglo XIX fue construido el edificio para la C\u00e1mara de Diputados. El anterior recinto donde sesionaban los diputados federales estaba en el cuarto piso de Palacio Nacional, pero en 1872 un incendio lo desapareci\u00f3. El sitio ha sido remodelado y es una joya de museo<\/p>\n\n\n\n<p class=\"wp-block-paragraph\">La historia se remonta a la \u00e9poca del presidente Mariano Arista, quien orden\u00f3 en 1851 la edificaci\u00f3n del <strong>Teatro Iturbide<\/strong>, inaugurado el 3 de febrero de 1856. La obra fue dirigida por el ingeniero Santiago M\u00e9ndez y el escultor Santiago Evans, pero en 1872 dej\u00f3 de ser escenario teatral y con las adaptaciones necesarias se instal\u00f3 la sede de la C\u00e1mara de Diputados. En 1909 se registra un incendio y tardaron dos a\u00f1os en remodelarlo. El &nbsp;fuego convirti\u00f3 en cenizas el interior. Destruy\u00f3 todo.<\/p>\n\n\n\n<p class=\"wp-block-paragraph\">En las primeras d\u00e9cadas del 1800 en esa esquina, Donceles y Allende, estuvo la Plaza del Factor, donde hab\u00eda todo tipo de comercio. \u201cDel baratillo\u201d, se\u00f1alan los cronistas como Juan Carlos Briones Vargas. Los comerciantes fueron llevados a otro sitio, tambi\u00e9n hist\u00f3rico, el Mercado de La Lagunilla y \u00e9ste comenz\u00f3 en el terreno que hoy ocupa el Deportivo Guelatao.<\/p>\n\n\n\n<p class=\"wp-block-paragraph\">Todas las historias que guardan esas paredes en Donceles y Allende las puede conocer en una visita a la Hemeroteca Nacional o en los libros donde los autores hacen una relaci\u00f3n de los acontecimientos tanto ocurridos en los pasillos como en la Tribuna Alta del Poder Legislativo. Las cr\u00f3nicas redactadas por don Roberto Ram\u00edrez C\u00e1rdenas, publicadas en las p\u00e1ginas del diario La Prensa, dan cuenta detalladamente de lo que eran los debates parlamentarios, cuando exist\u00edan verdaderos legisladores\/as, no los exhibicionistas que hoy arriban al Palacio de San L\u00e1zaro.<\/p>\n\n\n\n<p class=\"wp-block-paragraph\">Es penoso corroborar la incultura de los diputados\/as, ni el 10 por ciento de los 500 sabe cu\u00e1ntos art\u00edculos, sin los transitorios, integran el texto de la Constituci\u00f3n Pol\u00edtica, as\u00ed como es notoria la carencia de fundamentos jur\u00eddicos e ideol\u00f3gicos para discutir los temas. Ellas y ellos gustan agredirse, insultarse y hacerse ademanes groseros.<\/p>\n\n\n\n<h2 class=\"wp-block-heading\"><strong>Dos opiniones finales<\/strong><\/h2>\n\n\n\n<p class=\"wp-block-paragraph\">En el curso de la preparaci\u00f3n de este comentario period\u00edstico, platiqu\u00e9 con el colega, amigo e historiador <strong>Luis Reed Torres<\/strong>, autor del libro \u201cLibertador Sin Patria\u201d y que lo recomiendo para quienes gustan de la Historia Patria. Es un documento de consulta permanente, porque su contenido est\u00e1 fundamento en la documentaci\u00f3n que presenta una imagen diferente de Agust\u00edn de Iturbide, quien, afirma el autor, fue reconocido como Consumador de la Independencia por el propio Vicente Guerrero, Benito Ju\u00e1rez, Justo Sierra, los generales L\u00f3pez de Santa Anna, Melchor M\u00fazquiz, Valent\u00edn Canalizo, expresidentes, as\u00ed como por Lucas Alam\u00e1n, Valent\u00edn G\u00f3mez Far\u00edas (cinco veces presidente) y Jos\u00e9 Mar\u00eda Luis Mora, entre otros.<\/p>\n\n\n\n<p class=\"wp-block-paragraph\">Por su parte el periodista, escritor e historiador <strong>Jos\u00e9 Antonio Aspiros Villag\u00f3mez, <\/strong>en su interesante secci\u00f3n Textos en Libertad, afirma: \u201c<strong>El general insurgente Vicente Guerrero nunca se ostent\u00f3 como Consumador de la Independencia, aunque reconoci\u00f3 t\u00e1citamente como tal a Agust\u00edn de Iturbide, pero los pol\u00edticos se han empe\u00f1ado que lo sea por decreto, m\u00e1s que por verdades hist\u00f3ricas<\/strong>\u201d. &nbsp;&nbsp;&nbsp;&nbsp;&nbsp;&nbsp;&nbsp;&nbsp;&nbsp;&nbsp;&nbsp;&nbsp;&nbsp;&nbsp;&nbsp;&nbsp;&nbsp;&nbsp;&nbsp;&nbsp;&nbsp;&nbsp;&nbsp;<\/p>\n\n\n\n<p class=\"wp-block-paragraph\"><a href=\"mailto:jherrerav@live.com.mx\">jherrerav@live.com.mx<\/a><\/p>\n","protected":false},"excerpt":{"rendered":"<p>e cumplieron 201 a\u00f1os de la Consumaci\u00f3n de la Independencia. No hubo acto oficial. Pocas personas acudieron a la Capilla de San Felipe, en la Catedral Metropolitana de la Ciudad de M\u00e9xico<\/p>\n","protected":false},"author":3,"featured_media":7843,"comment_status":"open","ping_status":"open","sticky":false,"template":"","format":"standard","meta":{"_monsterinsights_skip_tracking":false,"footnotes":""},"categories":[693,94,35,107],"tags":[],"class_list":["post-56801","post","type-post","status-publish","format-standard","has-post-thumbnail","category-693","category-jorge-herrera-valenzuela","category-opinion","category-rafaga"],"_links":{"self":[{"href":"https:\/\/redsemlac.com\/semmexico\/wp-json\/wp\/v2\/posts\/56801","targetHints":{"allow":["GET"]}}],"collection":[{"href":"https:\/\/redsemlac.com\/semmexico\/wp-json\/wp\/v2\/posts"}],"about":[{"href":"https:\/\/redsemlac.com\/semmexico\/wp-json\/wp\/v2\/types\/post"}],"author":[{"embeddable":true,"href":"https:\/\/redsemlac.com\/semmexico\/wp-json\/wp\/v2\/users\/3"}],"replies":[{"embeddable":true,"href":"https:\/\/redsemlac.com\/semmexico\/wp-json\/wp\/v2\/comments?post=56801"}],"version-history":[{"count":0,"href":"https:\/\/redsemlac.com\/semmexico\/wp-json\/wp\/v2\/posts\/56801\/revisions"}],"wp:featuredmedia":[{"embeddable":true,"href":"https:\/\/redsemlac.com\/semmexico\/wp-json\/wp\/v2\/media\/7843"}],"wp:attachment":[{"href":"https:\/\/redsemlac.com\/semmexico\/wp-json\/wp\/v2\/media?parent=56801"}],"wp:term":[{"taxonomy":"category","embeddable":true,"href":"https:\/\/redsemlac.com\/semmexico\/wp-json\/wp\/v2\/categories?post=56801"},{"taxonomy":"post_tag","embeddable":true,"href":"https:\/\/redsemlac.com\/semmexico\/wp-json\/wp\/v2\/tags?post=56801"}],"curies":[{"name":"wp","href":"https:\/\/api.w.org\/{rel}","templated":true}]}}