{"id":56799,"date":"2022-10-03T10:24:42","date_gmt":"2022-10-03T16:24:42","guid":{"rendered":"https:\/\/redsemlac.com\/semmexico\/?p=56799"},"modified":"2023-07-21T19:17:34","modified_gmt":"2023-07-22T00:17:34","slug":"violeta-del-anahuac-amlo-libro-o-enfermedad-el-distractor","status":"publish","type":"post","link":"https:\/\/redsemlac.com\/semmexico\/violeta-del-anahuac-amlo-libro-o-enfermedad-el-distractor\/","title":{"rendered":"Violeta del An\u00e1huac| \u00abAMLO: Libro o enfermedad, el distractor\u00bb"},"content":{"rendered":"\n<p class=\"wp-block-paragraph\"><strong>Isabel Ortega Morales<\/strong><\/p>\n\n\n\n<p class=\"wp-block-paragraph\">SemM\u00e9xico, Chilpancingo, Guerrero, 3 de octubre del 2022.- Don Andr\u00e9s Manuel L\u00f3pez Obrador nos acostumbr\u00f3 a tenerlo siempre en medios. Ocupaba los espacios de tiempos oficiales del PT, como en su momento del PRD, y era tan convincente en sus cr\u00edticas que se convirti\u00f3 si, en la esperanza de M\u00e9xico. O era \u00e9l, o al pa\u00eds se lo llevaba la chinampa. Por ejemplo, si se enfermaba el Titular del Poder Ejecutivo, r\u00e1pido sal\u00eda a decir \u201cque renuncie\u201d si est\u00e1 enfermo. Era un opositor fant\u00e1stico y lograba colocar la nota. Hasta que se convirti\u00f3 en lo que buscaba, ser Presidente.<\/p>\n\n\n\n<p class=\"wp-block-paragraph\">Don Andr\u00e9s ha reconocido que est\u00e1 enfermo. Esto, despu\u00e9s de que el sistema de seguridad del grupo de seguridad de \u00e9lite del pa\u00eds fue vulnerado y quiz\u00e1 ya no est\u00e9 tan seguro cuando empiecen a decodificarse los documentos que han sido extra\u00eddos.<\/p>\n\n\n\n<p class=\"wp-block-paragraph\">Convertido en un Presidente que no logra superar el tiempo de su mandato hasta llegar a preguntarme que tan preparados est\u00e1n los que aspiran a gobernar un espacio territorial para tomarlo como est\u00e1n, as\u00ed, como los dejaron sus antecesores, y ser como el ave f\u00e9nix, hacerlos surgir de sus cenizas para, \u00a1por fin!, mostrarnos que la elecci\u00f3n fue la adecuada y los estrategas se conviertan en estadistas y lleven a buen puerto las naves en las que nos suben, o solo son figuras de campa\u00f1a.<\/p>\n\n\n\n<p class=\"wp-block-paragraph\">Pero don Andr\u00e9s que nos ha presumido que gana muy poco, pero su oficina est\u00e1 fortalecida m\u00e1s econ\u00f3micamente. Que nos dice que no tiene cuentas en los bancos, que ha vivido de la solidaridad, perd\u00f3n, de la cooperaci\u00f3n de un pueblo que manten\u00eda su vida y su familia, est\u00e1 en una tabla que puede mostrar a una persona distinta de lo que nos dice es cuando enarbola los principios de: no mentir, no robar, no traicionar.<\/p>\n\n\n\n<p class=\"wp-block-paragraph\">Que tan delicado puede ser la publicaci\u00f3n de un libro que se est\u00e1 convirtiendo en betseller antes de ponerse en circulaci\u00f3n, al ser comprada, dicen, por completo la edici\u00f3n, claro \u00bfla primera? Qui\u00e9n puede tener el poder adquisitivo para hacerlo. O \u00bfpor qu\u00e9 raz\u00f3n se comprar\u00eda una edici\u00f3n completa de un libro? \u00bfPor qu\u00e9 habla bien de uno? O \u00bfpor qu\u00e9\u2026 no favorece porque desvelar\u00eda un personaje que no es como se pinta?<\/p>\n\n\n\n<p class=\"wp-block-paragraph\">Qu\u00e9 grave debe ser el contenido de un libro que el Mandatario decidi\u00f3 tambi\u00e9n como estrategia, asumirse enfermo antes de que alguien intente vulnerar su tranquilidad aunque sea con una verdad.<\/p>\n\n\n\n<p class=\"wp-block-paragraph\">Quiz\u00e1 debamos esperar la segunda o tercera edici\u00f3n antes de que la tengamos a la vista, o que podamos tener un volumen digital.<\/p>\n\n\n\n<p class=\"wp-block-paragraph\">O tal vez debamos esperar a que el tiempo avance y, aunque lo declaren enlatado por seguridad, como \u201cla Sombra del Caudillo\u201d, en su momento, este libro tambi\u00e9n pueda salir a la luz.<\/p>\n","protected":false},"excerpt":{"rendered":"<p>Don Andr\u00e9s Manuel L\u00f3pez Obrador nos acostumbr\u00f3 a tenerlo siempre en medios. Ocupaba los espacios de tiempos oficiales del PT<\/p>\n","protected":false},"author":3,"featured_media":38055,"comment_status":"open","ping_status":"open","sticky":false,"template":"","format":"standard","meta":{"_monsterinsights_skip_tracking":false,"footnotes":""},"categories":[693,198,35,197],"tags":[],"class_list":["post-56799","post","type-post","status-publish","format-standard","has-post-thumbnail","category-693","category-isabel-ortega-morales","category-opinion","category-violeta-del-anahuac"],"_links":{"self":[{"href":"https:\/\/redsemlac.com\/semmexico\/wp-json\/wp\/v2\/posts\/56799","targetHints":{"allow":["GET"]}}],"collection":[{"href":"https:\/\/redsemlac.com\/semmexico\/wp-json\/wp\/v2\/posts"}],"about":[{"href":"https:\/\/redsemlac.com\/semmexico\/wp-json\/wp\/v2\/types\/post"}],"author":[{"embeddable":true,"href":"https:\/\/redsemlac.com\/semmexico\/wp-json\/wp\/v2\/users\/3"}],"replies":[{"embeddable":true,"href":"https:\/\/redsemlac.com\/semmexico\/wp-json\/wp\/v2\/comments?post=56799"}],"version-history":[{"count":0,"href":"https:\/\/redsemlac.com\/semmexico\/wp-json\/wp\/v2\/posts\/56799\/revisions"}],"wp:featuredmedia":[{"embeddable":true,"href":"https:\/\/redsemlac.com\/semmexico\/wp-json\/wp\/v2\/media\/38055"}],"wp:attachment":[{"href":"https:\/\/redsemlac.com\/semmexico\/wp-json\/wp\/v2\/media?parent=56799"}],"wp:term":[{"taxonomy":"category","embeddable":true,"href":"https:\/\/redsemlac.com\/semmexico\/wp-json\/wp\/v2\/categories?post=56799"},{"taxonomy":"post_tag","embeddable":true,"href":"https:\/\/redsemlac.com\/semmexico\/wp-json\/wp\/v2\/tags?post=56799"}],"curies":[{"name":"wp","href":"https:\/\/api.w.org\/{rel}","templated":true}]}}