{"id":56793,"date":"2022-10-03T10:07:12","date_gmt":"2022-10-03T16:07:12","guid":{"rendered":"https:\/\/redsemlac.com\/semmexico\/?p=56793"},"modified":"2023-07-21T19:17:34","modified_gmt":"2023-07-22T00:17:34","slug":"hallazgos-callada","status":"publish","type":"post","link":"https:\/\/redsemlac.com\/semmexico\/hallazgos-callada\/","title":{"rendered":"Hallazgos| Callada"},"content":{"rendered":"\n<p class=\"wp-block-paragraph\"><strong>Roc\u00edo Fiallega<\/strong><\/p>\n\n\n\n<p class=\"wp-block-paragraph\">SemM\u00e9xico, Ciudad de M\u00e9xico, 3 de octubre del 2022.- De qu\u00e9 callada manera nos vamos transformando. Los sue\u00f1os insultan nuestros intentos de asir la realidad; lo verdaderamente importante lo vamos ocultando, las furias interiores, los laberintos que construimos, pero no queremos recorrer nuevamente (quiz\u00e1 olvidamos que tienen su propio movimiento y nos reencontramos con el af\u00e1n perverso de redescubrirnos).<\/p>\n\n\n\n<p class=\"wp-block-paragraph\">El punto es que ya no hay cuentos que crear, la realidad nos rebasa y tenemos que inventar palabras nuevas para nombrar (nos). Vamos corriendo haca el diccionario: Sentimientos, S de Sentir y Soledad, ya no hay opciones, el mundo se agota, ya no cabe en las letras, una nueva mutaci\u00f3n, ahora una carencia.<\/p>\n\n\n\n<p class=\"wp-block-paragraph\">Entonces nos preguntamos para qu\u00e9 tantas letras todas juntas y agolpadas (o a galope), hay demasiados discursos en el mundo, las nuevas ideas sobre lo mismo, los silencios (el silencio tambi\u00e9n es un discurso) y entonces nos refugiamos en el arte, la ilusi\u00f3n preferida. La verdad los har\u00e1 libres dijo alguien que nunca se asumi\u00f3 como poeta.<\/p>\n\n\n\n<p class=\"wp-block-paragraph\">Todas estas letras surgen desde el sue\u00f1o, la madrugada sorprendida por unos ojos distintos a los que horas antes sab\u00edan llorar. El momento preciso del ataque, las venas no resistieron m\u00e1s, le comunicaron al coraz\u00f3n que surgiera desde dentro, que liberara el estern\u00f3n para que las costillas dejaran de ser una jaula, el cuerpo desencajado, la sangre viviendo, cintura destrozada.<\/p>\n\n\n\n<p class=\"wp-block-paragraph\">Preferimos volver a la vigilia para no caer en la provocaci\u00f3n. Madrugada asustada sin luna, Cobard\u00eda de coraz\u00f3n enroscado en s\u00e1banas fr\u00edas, no comprendemos la muerte como liberaci\u00f3n. Habr\u00e1 otra oportunidad, no despertar, volver al silencio para volver a hablar\u2026<\/p>\n","protected":false},"excerpt":{"rendered":"<p>De qu\u00e9 callada manera nos vamos transformando. Los sue\u00f1os insultan nuestros intentos de asir la realidad; lo verdaderamente importante lo vamos ocultando, las furias interiores, los laberintos que construimos<\/p>\n","protected":false},"author":3,"featured_media":39324,"comment_status":"open","ping_status":"open","sticky":false,"template":"","format":"standard","meta":{"_monsterinsights_skip_tracking":false,"footnotes":""},"categories":[693,620,35,621],"tags":[459],"class_list":["post-56793","post","type-post","status-publish","format-standard","has-post-thumbnail","category-693","category-hallazgos","category-opinion","category-rocio-fiallega","tag-opinion"],"_links":{"self":[{"href":"https:\/\/redsemlac.com\/semmexico\/wp-json\/wp\/v2\/posts\/56793","targetHints":{"allow":["GET"]}}],"collection":[{"href":"https:\/\/redsemlac.com\/semmexico\/wp-json\/wp\/v2\/posts"}],"about":[{"href":"https:\/\/redsemlac.com\/semmexico\/wp-json\/wp\/v2\/types\/post"}],"author":[{"embeddable":true,"href":"https:\/\/redsemlac.com\/semmexico\/wp-json\/wp\/v2\/users\/3"}],"replies":[{"embeddable":true,"href":"https:\/\/redsemlac.com\/semmexico\/wp-json\/wp\/v2\/comments?post=56793"}],"version-history":[{"count":0,"href":"https:\/\/redsemlac.com\/semmexico\/wp-json\/wp\/v2\/posts\/56793\/revisions"}],"wp:featuredmedia":[{"embeddable":true,"href":"https:\/\/redsemlac.com\/semmexico\/wp-json\/wp\/v2\/media\/39324"}],"wp:attachment":[{"href":"https:\/\/redsemlac.com\/semmexico\/wp-json\/wp\/v2\/media?parent=56793"}],"wp:term":[{"taxonomy":"category","embeddable":true,"href":"https:\/\/redsemlac.com\/semmexico\/wp-json\/wp\/v2\/categories?post=56793"},{"taxonomy":"post_tag","embeddable":true,"href":"https:\/\/redsemlac.com\/semmexico\/wp-json\/wp\/v2\/tags?post=56793"}],"curies":[{"name":"wp","href":"https:\/\/api.w.org\/{rel}","templated":true}]}}