{"id":56791,"date":"2022-10-03T10:05:43","date_gmt":"2022-10-03T16:05:43","guid":{"rendered":"https:\/\/redsemlac.com\/semmexico\/?p=56791"},"modified":"2023-07-21T19:17:34","modified_gmt":"2023-07-22T00:17:34","slug":"miradas-de-reportero-periodismo-hiperlocal-y-empresas-no-lucrativas-para-conseguir-mas-empatia-social-y-evitar-asesinatos-de-colegas-en-los-estados","status":"publish","type":"post","link":"https:\/\/redsemlac.com\/semmexico\/miradas-de-reportero-periodismo-hiperlocal-y-empresas-no-lucrativas-para-conseguir-mas-empatia-social-y-evitar-asesinatos-de-colegas-en-los-estados\/","title":{"rendered":"Miradas de Reportero| Periodismo hiperlocal y empresas no lucrativas para conseguir m\u00e1s empat\u00eda social y evitar asesinatos de colegas en los estados"},"content":{"rendered":"\n<p class=\"wp-block-paragraph\"><strong>Rogelio Hern\u00e1ndez L\u00f3pez<\/strong><\/p>\n\n\n\n<p class=\"wp-block-paragraph\">SemM\u00e9xico, Ciudad de M\u00e9xico, 3 de octubre del 2022.- \u00ad\u2013Tras cada agresi\u00f3n o asesinato a periodistas se acumula la frustraci\u00f3n e impotencia, sobre todo entre colegas en los estados, que son los m\u00e1s castigados. Las y los periodistas s\u00ed podemos aportar otras v\u00edas para ir frenando lo violento de este ciclo. Para la maduraci\u00f3n de estas rutas es indispensable que contemos con el apoyo social, adem\u00e1s del gubernamental\u2013 insist\u00ed a dos funcionarios del gobierno federal que preparan la propuesta de una nueva ley de protecci\u00f3n. Escucharon con inter\u00e9s el resumen.<\/p>\n\n\n\n<p class=\"wp-block-paragraph\">El punto de partida es aceptar que la mayor vulnerabilidad de las y los periodistas es la muy poca simpat\u00eda de la gente com\u00fan a nuestra funci\u00f3n, que por esencia es de inter\u00e9s p\u00fablico. Un reflejo es nuestra soledad cuando salimos a protestar en cada asesinato de colegas.<\/p>\n\n\n\n<p class=\"wp-block-paragraph\">Por eso las y los periodistas, preocupados por nuestra seguridad y nuestra profesi\u00f3n, tenemos que conseguir que muchas m\u00e1s personas sientan cercan\u00eda y confianza con quienes son profesionales de la informaci\u00f3n. De las v\u00edas para lograrlo hay ejemplos pr\u00e1cticos en casi todos los estados:<\/p>\n\n\n\n<p class=\"wp-block-paragraph\"><strong>Para la cercan\u00eda<\/strong> hay colegas que consiguieron ampliar sus p\u00fablicos al hacer periodismo hiperlocal, con los asuntos que interesan directamente a la gente porque son de su entorno cercano e intereses directos.<\/p>\n\n\n\n<p class=\"wp-block-paragraph\"><strong>Para elevar la confianza<\/strong>, la otra v\u00eda es consolidar legal y econ\u00f3micamente a cientos, quiz\u00e1 miles, de empresas peque\u00f1as de servicios informativos con car\u00e1cter no lucrativo y comportamientos \u00e9ticos.<\/p>\n\n\n\n<h2 class=\"wp-block-heading\"><strong>Los m\u00e1s sufrientes<\/strong><\/h2>\n\n\n\n<p class=\"wp-block-paragraph\">Si alguien dudar\u00e1 de los flagelos que padecen colegas periodistas de los estados, bastar\u00eda observar las noticias m\u00e1s recientes:<\/p>\n\n\n\n<p class=\"wp-block-paragraph\">El 26 de septiembre se report\u00f3 oficialmente como desaparecido, desde seis d\u00edas antes, al periodista Roberto Carlos Flores Mendoza, autor y director de un sitio informativo digital en Comit\u00e1n de Dom\u00ednguez, Chiapas.<\/p>\n\n\n\n<p class=\"wp-block-paragraph\">El diario digital <a><em>Sin embargo<\/em><\/a> mantiene en sus p\u00e1ginas el entristecedor recuento de los 15 periodistas asesinados\/as en M\u00e9xico tan solo en 2022. Todos en las entidades con mayor violencia:<\/p>\n\n\n\n<p class=\"wp-block-paragraph\">Jos\u00e9 Luis Gamboa Arenas, el 10 de enero en el Puerto de Veracruz;<\/p>\n\n\n\n<p class=\"wp-block-paragraph\">Margarito Mart\u00ednez Esquivel, el 17 de enero en Tijuana, BC;<\/p>\n\n\n\n<p class=\"wp-block-paragraph\">Lourdes Maldonado L\u00f3pez, el 23 de enero en Tijuana, BC;<\/p>\n\n\n\n<p class=\"wp-block-paragraph\">Roberto Toledo, el 31 de enero en Zit\u00e1cuaro, Michoac\u00e1n;<\/p>\n\n\n\n<p class=\"wp-block-paragraph\">Heber Fernando L\u00f3pez V\u00e1squez, el 10 de febrero en Salina Cruz, Oaxaca;<\/p>\n\n\n\n<p class=\"wp-block-paragraph\">Jorge Luis Camero Zazueta, el 24 de febrero en Empalme, Sonora;<\/p>\n\n\n\n<p class=\"wp-block-paragraph\">Juan Carlos Mu\u00f1iz Hern\u00e1ndez, el 4 de marzo en Fresnillo, Zacatecas;<\/p>\n\n\n\n<p class=\"wp-block-paragraph\">Armando Linares L\u00f3pez, el 16 de marzo en Zit\u00e1cuaro, Michoac\u00e1n;<\/p>\n\n\n\n<p class=\"wp-block-paragraph\">Luis Enrique Ram\u00edrez Ramos, el 5 de mayo en Culiac\u00e1n, Sinaloa;<\/p>\n\n\n\n<p class=\"wp-block-paragraph\">Yessenia Mollinedo Falconi y Sheila Johana Garc\u00eda Olivera, el 9 de mayo en Cosoleacaque, Veracruz;<\/p>\n\n\n\n<p class=\"wp-block-paragraph\">Antonio de la Cruz, el 29 de junio en Ciudad Victoria, Tamaulipas,;<\/p>\n\n\n\n<p class=\"wp-block-paragraph\">Ernesto M\u00e9ndez P\u00e9rez, el 3 de agosto en San Luis de la Paz, Guanajuato;<\/p>\n\n\n\n<p class=\"wp-block-paragraph\">Juan Arj\u00f3n L\u00f3pez, el 16 de agosto en San Luis R\u00edo Colorado, Sonora;<\/p>\n\n\n\n<p class=\"wp-block-paragraph\">Fredid Rom\u00e1n Rom\u00e1n, el 22 de agosto, en Chilpancingo, Guerrero.<\/p>\n\n\n\n<p class=\"wp-block-paragraph\">La Subsecretar\u00eda de Derechos Humanos federal reconoce que ya son 63 las personas vinculadas con el periodismo que han sido asesinadas en cuatro a\u00f1os (de diciembre de 2018 a la fecha) y que la absoluta mayor\u00eda eran reporteros locales.<\/p>\n\n\n\n<p class=\"wp-block-paragraph\">M\u00e1s de la mitad de las agresiones y asesinatos sucedieron en 8 entidades de la federaci\u00f3n: Veracruz (22 asesinatos); Guerrero (16 casos); Oaxaca (16 casos); Tamaulipas (16 casos); Chihuahua (14 casos). Estos y otros tres acumulan la mayor cantidad de agresiones: Estado de M\u00e9xico, Michoac\u00e1n y Sonora.<\/p>\n\n\n\n<p class=\"wp-block-paragraph\">Y la tipolog\u00eda promedio de los agredidos y asesinados indica que son: fr\u00e1giles profesionalmente, trabajan con muchas precariedades en localidades medianas o peque\u00f1as, en medios marginales y escaso respaldo de organizaciones gremiales fuertes. As\u00ed se verifica en cada queja o solicitud de protecci\u00f3n.<\/p>\n\n\n\n<p class=\"wp-block-paragraph\">El caso m\u00e1s reciente que comprueba este perfil es de Enrique Pastor Cruz Carranza, que el 28 de septiembre pidi\u00f3 ayuda al presidente. Dijo que representa al <em>Club de Periodistas de M\u00e9xico<\/em> (que no es un medio sino un frente gremial con d\u00e9bil estructura y deficiente vida org\u00e1nica) y que trabaja en la estaci\u00f3n Radio Delf\u00edn de Ciudad del Carmen, Campeche (estaci\u00f3n con poca audiencia). Pidi\u00f3 que en la evaluaci\u00f3n de riesgos que le har\u00edan para mantenerle o no la protecci\u00f3n del mecanismo federal, no fuese \u201cburocr\u00e1ticamente\u201d porque podr\u00eda ser fatal. \u201cNosotros, en los estados ponemos los muertos\u201d, sentenci\u00f3.<\/p>\n\n\n\n<h2 class=\"wp-block-heading\"><strong>El menoscabo social<\/strong><\/h2>\n\n\n\n<p class=\"wp-block-paragraph\">Ante asesinatos de periodistas hay sociedades que protestan masivamente pero no la mexicana.<\/p>\n\n\n\n<p class=\"wp-block-paragraph\">En Par\u00eds Francia, el 7 de enero de 2015 el semanario sat\u00edrico Charlie Hebdo sufri\u00f3 un tiroteo por dos hombres enmascarados pertenecientes a Al-Qaeda. Y desde ese mismo d\u00eda y hasta el 11 de enero se manifestaron no menos de 2 millones de personas en la capital. Diversas fuentes informan que fueron 3 millones 700 mil personas en las manifestaciones celebradas en toda Francia, con el lema: \u201cJe suis Charlie\u201d (Yo soy Charlie).<\/p>\n\n\n\n<p class=\"wp-block-paragraph\">En M\u00e9xico de los 63 cr\u00edmenes ocurridos desde diciembre de 2018, han sido contadas las manifestaciones de protesta, pero casi todas con puros periodistas. En 3 o 4 casos han sido marchas un tanto m\u00e1s cuantiosas o paradas tipo mitin en varios estados. Y solo con periodistas. La sociedad no participa en la inconformidad activa, ni siquiera las organizaciones urbanas, campesinas o de derechos humanos m\u00e1s notables.<\/p>\n\n\n\n<p class=\"wp-block-paragraph\">La explicaci\u00f3n m\u00e1s reciente de ello la ofreci\u00f3 en un seminario internacional de derecho penal el reportero y especialista en \u00e9tica period\u00edstica Gerardo Albarr\u00e1n de Alba el 22 de septiembre:<\/p>\n\n\n\n<p class=\"wp-block-paragraph\">\u201cEl distanciamiento de la sociedad mexicana con los periodistas tiene que ver con el origen y comportamiento corrupto de los medios industriales (1919)\u2026 Aqu\u00ed no ha habido una prensa dedicada a la sociedad. Lo que hemos tenido es un sistema de medios c\u00f3mplice y servil con los gobiernos\u2026 No existen condiciones para que se desarrolle una prensa al servicio de la sociedad\u2026 Hist\u00f3ricamente los due\u00f1os de los medios se han acomodado al servicio del poder pol\u00edtico que les conviene\u2026 Ahora tenemos que la inmensa mayor\u00eda de impresos, estaciones de radio y canales de televisi\u00f3n que se sienten afectados no hacen periodismo sino propaganda en abierta oposici\u00f3n a un gobierno con el que no est\u00e1n de acuerdo y tienen todo el derecho del mundo para discrepar\u2026 Pero no cumplen con su obligaci\u00f3n de informar\u201d.<\/p>\n\n\n\n<p class=\"wp-block-paragraph\">Tambi\u00e9n por eso, en contraparte, ha proliferado cualquier cantidad de medios de periodistas hartos de este sistema hist\u00f3rico.<\/p>\n\n\n\n<h2 class=\"wp-block-heading\"><strong>Otras v\u00edas.<\/strong><\/h2>\n\n\n\n<p class=\"wp-block-paragraph\">Esta \u00faltima afirmaci\u00f3n de Albarr\u00e1n se verifica con muchos casos de agrupamientos o peque\u00f1as empresas de periodistas profesionales que se han desarrollado con periodismo hiperlocal, investigado y con c\u00f3digos \u00e9ticos. Han conseguido audiencias muy distintas a las que creen en los llamados influencers, youtuberos o comunicadores improvisados y oportunistas en redes sociales.<\/p>\n\n\n\n<p class=\"wp-block-paragraph\">De los que han abierto otras v\u00edas se pueden citar los casos de los colegas de Julio Astillero, el grupo V\u00eda Libre (Hidalgo), La Lupa (Quer\u00e9taro), Billie Parker Noticias (Veracruz), La Plaza (Guerrero), Red Acci\u00f3n (Ecatepec), La Calle (Toluca), Tuc\u00e1n (Oaxaca) Entre todos, expresi\u00f3n universitaria (Coahuila), Nayarit en L\u00ednea y otros que este reportero conoce directamente.<\/p>\n\n\n\n<p class=\"wp-block-paragraph\">La Red de Periodistas de a Pie, adem\u00e1s de su sitio web y su canal digital Rompe Viento, ha construido una Alianza con 15 medios locales que realizan periodismo de investigaci\u00f3n, con un c\u00f3digo \u00e9tico prototipo y en la mayor\u00eda de los casos sobre temas hiperlocales. Estos son:<\/p>\n\n\n\n<p class=\"wp-block-paragraph\">Raichali y La Verdad de Chihuahua, Revista Espejo e Inndaga de Sinaloa, Amapola de Guerrero, P\u00e1gina 3 e Itsmo Press de Oaxaca, LADO B de Puebla, Chiapas Paralelo de Chiapas, Pie de P\u00e1gina de Ciudad de M\u00e9xico, Pop Lab de Guanajuato, Perimetral, Letra Fr\u00eda, Zona Docs de Jalisco y Elefante Blanco de Tamaulipas.<\/p>\n\n\n\n<p class=\"wp-block-paragraph\">Podr\u00edan ser muchos m\u00e1s. Por conocimiento directo en la mayor\u00eda de las entidades del pa\u00eds se puede calcular que desde 2005 ha ido creciendo el n\u00famero de medios peque\u00f1os, la mayor\u00eda digitales. Para 2022 el total podr\u00eda rebasar los 4 mil medios informativos con dos y hasta 20 periodistas.<\/p>\n\n\n\n<h2 class=\"wp-block-heading\"><strong>No basta con una nueva ley<\/strong><\/h2>\n\n\n\n<p class=\"wp-block-paragraph\">La violencia contra periodistas no se ha podido frenar con los dos instrumentos que se han creado en el gobierno federal: el mecanismo de protecci\u00f3n y la fiscal\u00eda especial.<\/p>\n\n\n\n<p class=\"wp-block-paragraph\">En los estados, donde se registra la mayor parte de actos negativos solo existen 14 leyes relativas, pero solo operan tres medianamente. Ser\u00eda \u00fatil una nueva ley de alcance general que obligue a los estados a proteger a sus periodistas, pero insuficiente porque es indispensable allegarles fortalezas.<\/p>\n\n\n\n<p class=\"wp-block-paragraph\">Por eso se insiste en otro andamiaje jur\u00eddico y pol\u00edticas p\u00fablicas, sobre todo preventivas que reconozcan las nuevas expresiones del periodismo y se apoye su desarrollo para que las y los periodistas obtengan fuerza suficiente para su autoprotecci\u00f3n y continuar profesionalmente.<\/p>\n\n\n\n<p class=\"wp-block-paragraph\"><em>Esta otra v\u00eda se puede desarrollar con las y los periodistas <\/em>&#8211;dijimos a los funcionarios de la Secretar\u00eda de Gobernaci\u00f3n\u2014. <em>Se requieren otras reformas y pol\u00edticas p\u00fablicas para institucionalizar la figura legal de \u201cmedios informativos peque\u00f1os no lucrativos de inter\u00e9s p\u00fablico\u201d, que se comprometan a tener una l\u00ednea editorial de cercan\u00eda con la gente, como hay bastantes casos; empresas que se obliguen a reinvertir las ganancias en capacitaci\u00f3n continua y mejorar equipamiento, que elaboren voluntariamente c\u00f3digos de \u00e9tica supervisados por universidades o grupos de pares electos para ese fin.<\/em><\/p>\n\n\n\n<p class=\"wp-block-paragraph\">Con el concurso de periodistas s\u00ed se puede desarrollar esta v\u00eda complementaria para la protecci\u00f3n integral para: disminuir vulnerabilidades de miles de colegas en los estados; acortar el distanciamiento de la sociedad con la prensa y periodistas; enfrentar el subempleo y precariedad de los miles que trabajan por su cuenta (El INEGI inform\u00f3 que son m\u00e1s de 7 mil); institucionalizar a un nuevo actor en el mercado de la informaci\u00f3n y la publicidad para restar la preponderancia de los corporativos y, sobre todo para la democratizaci\u00f3n aut\u00e9ntica de la informaci\u00f3n. Mirada de reportero.<\/p>\n","protected":false},"excerpt":{"rendered":"<p>Tras cada agresi\u00f3n o asesinato a periodistas se acumula la frustraci\u00f3n e impotencia, sobre todo entre colegas en los estados, que son los m\u00e1s castigados<\/p>\n","protected":false},"author":3,"featured_media":38348,"comment_status":"open","ping_status":"open","sticky":false,"template":"","format":"standard","meta":{"_monsterinsights_skip_tracking":false,"footnotes":""},"categories":[693,106,35,85],"tags":[459],"class_list":["post-56791","post","type-post","status-publish","format-standard","has-post-thumbnail","category-693","category-mirada-de-reportero","category-opinion","category-rogelio-hernandez-lopez","tag-opinion"],"_links":{"self":[{"href":"https:\/\/redsemlac.com\/semmexico\/wp-json\/wp\/v2\/posts\/56791","targetHints":{"allow":["GET"]}}],"collection":[{"href":"https:\/\/redsemlac.com\/semmexico\/wp-json\/wp\/v2\/posts"}],"about":[{"href":"https:\/\/redsemlac.com\/semmexico\/wp-json\/wp\/v2\/types\/post"}],"author":[{"embeddable":true,"href":"https:\/\/redsemlac.com\/semmexico\/wp-json\/wp\/v2\/users\/3"}],"replies":[{"embeddable":true,"href":"https:\/\/redsemlac.com\/semmexico\/wp-json\/wp\/v2\/comments?post=56791"}],"version-history":[{"count":0,"href":"https:\/\/redsemlac.com\/semmexico\/wp-json\/wp\/v2\/posts\/56791\/revisions"}],"wp:featuredmedia":[{"embeddable":true,"href":"https:\/\/redsemlac.com\/semmexico\/wp-json\/wp\/v2\/media\/38348"}],"wp:attachment":[{"href":"https:\/\/redsemlac.com\/semmexico\/wp-json\/wp\/v2\/media?parent=56791"}],"wp:term":[{"taxonomy":"category","embeddable":true,"href":"https:\/\/redsemlac.com\/semmexico\/wp-json\/wp\/v2\/categories?post=56791"},{"taxonomy":"post_tag","embeddable":true,"href":"https:\/\/redsemlac.com\/semmexico\/wp-json\/wp\/v2\/tags?post=56791"}],"curies":[{"name":"wp","href":"https:\/\/api.w.org\/{rel}","templated":true}]}}