{"id":56788,"date":"2022-10-03T07:55:23","date_gmt":"2022-10-03T13:55:23","guid":{"rendered":"https:\/\/redsemlac.com\/semmexico\/?p=56788"},"modified":"2023-07-21T19:17:34","modified_gmt":"2023-07-22T00:17:34","slug":"brasil-a-segunda-vuelta-de-presidenciales-bolsonaro-le-pisa-los-talones-a-lula-da-silva","status":"publish","type":"post","link":"https:\/\/redsemlac.com\/semmexico\/brasil-a-segunda-vuelta-de-presidenciales-bolsonaro-le-pisa-los-talones-a-lula-da-silva\/","title":{"rendered":"Brasil a segunda vuelta de presidenciales; Bolsonaro le pisa los talones a Lula da Silva"},"content":{"rendered":"\n<ul class=\"wp-block-list\"><li><strong>Brasil ir\u00e1 a segunda vuelta el pr\u00f3ximo 30 de octubre tras el sorpresivo desempe\u00f1o del mandatario ultraderechista Jair Bolsonaro en la primera vuelta de las presidenciales frente al izquierdista Luiz In\u00e1cio Lula da Silva, que gan\u00f3 por estrecho margen.<\/strong><\/li><\/ul>\n\n\n\n<p class=\"wp-block-paragraph\"><strong>Redacci\u00f3n<\/strong><\/p>\n\n\n\n<p class=\"wp-block-paragraph\">SemM\u00e9xico\/CCONoticias, Ciudad de M\u00e9xico, 3 de octubre del 2022.- Al t\u00e9rmino de un conteo ag\u00f3nico que empez\u00f3 dando a Bolsonaro una ventaja de hasta siete puntos, pero que luego se fue reduciendo a cuentagotas, los resultados situaron al expresidente Lula con 48 por ciento de los votos, frente a 43 por ciento para el mandatario, con el 99 por ciento de los colegios electorales escrutados.<\/p>\n\n\n\n<p class=\"wp-block-paragraph\">Las principales encuestadoras hab\u00edan vaticinado una amplia ventaja para Lula desde hac\u00eda meses e incluso hab\u00edan previsto la posibilidad de que el expresidente ganara ya este domingo sin necesidad de balotaje.<\/p>\n\n\n\n<p class=\"wp-block-paragraph\">Sin embargo, el mandatario ultraderechista resisti\u00f3 y logr\u00f3 un resultado que s\u00f3lo sus partidarios se empe\u00f1aban en creer.<\/p>\n\n\n\n<p class=\"wp-block-paragraph\">El bolsonarismo sali\u00f3 adem\u00e1s reforzado en las elecciones legislativas y de gobernadores, celebradas en paralelo. En el Congreso, por ejemplo, fue elegido diputado el exministro de Medioambiente Ricardo Salles, que tuvo que dejar el gobierno por sospechas de corrupci\u00f3n.<\/p>\n\n\n\n<p class=\"wp-block-paragraph\">\u201cMe atrever\u00eda incluso a decir que el bolsonarismo gan\u00f3 la primera vuelta\u201d, dijo Bruna Santos, del Instituto Brasil del Wilson Center, un centro de an\u00e1lisis en Washington. \u201cSali\u00f3 reforzado en el Congreso y el Senado. Sin mencionar que extendi\u00f3 su base en las gobernaciones\u201d, agreg\u00f3.<\/p>\n\n\n\n<p class=\"wp-block-paragraph\">Mientras, Lula, que hab\u00eda previsto celebrar su victoria en primera vuelta por todo lo alto en Sao Paulo, tendr\u00e1 que pelear ahora por cada voto.<\/p>\n\n\n\n<p class=\"wp-block-paragraph\">\u201cLa lucha contin\u00faa hasta la victoria final\u201d, dijo el expresidente, de 76 a\u00f1os, en el hotel paulista donde aguard\u00f3 los resultados.<\/p>\n\n\n\n<p class=\"wp-block-paragraph\">\u201cTendremos que viajar m\u00e1s para convencer a la sociedad brasile\u00f1a de nuestras propuestas\u201d, agreg\u00f3, visiblemente fatigado.<\/p>\n\n\n\n<p class=\"wp-block-paragraph\">\u201cLos resultados de hoy forzar\u00e1n a Lula a cortejar a los votantes centristas e incluso los conservadores de manera m\u00e1s agresiva en las pr\u00f3ximas cuatro semanas\u201d, dijo en un tuit Oliver Stuenkel, profesor de Relaciones Internacionales de la Fundaci\u00f3n Getulio Vargas (FGV) en Sao Paulo.<\/p>\n\n\n\n<h2 class=\"wp-block-heading\"><strong>Apoyos de Bolsonaro<\/strong><\/h2>\n\n\n\n<p class=\"wp-block-paragraph\">Bolsonaro, un excapit\u00e1n del ej\u00e9rcito de 67 a\u00f1os, ha centrado su estrategia de campa\u00f1a en los valores morales como la familia y la Biblia, un discurso patri\u00f3tico y los ataques a su adversario, al que se refiere como el <em>ladr\u00f3n<\/em>.<\/p>\n\n\n\n<p class=\"wp-block-paragraph\">Mantiene un s\u00f3lido apoyo entre las y los evang\u00e9licos, que representan un tercio del electorado, el agronegocio y parte de los sectores populares que no perdonan al Partido de los Trabajadores (PT) de Lula sus esc\u00e1ndalos de corrupci\u00f3n.<\/p>\n\n\n\n<p class=\"wp-block-paragraph\">El ultraderechista hab\u00eda atacado en sus m\u00edtines las encuestas: asegur\u00f3 que la temperatura electoral hab\u00eda que tomarla en las calles, y que en ese caso iba a ganar de sobras. Hace dos semanas dijo que ser\u00eda <em>anormal<\/em> no ganar por 60 por ciento en la primera vuelta.<\/p>\n\n\n\n<p class=\"wp-block-paragraph\">\u201cNo me sorprenden los resultados. Vencer toda una estructura para elegir un candidato (Lula) no es f\u00e1cil y tener un segundo turno muestra la fuerza de Bolsonaro\u201d, dijo a la AFP Paulo Ferreira, un jubilado de 70 a\u00f1os de la estatal Petrobras.<\/p>\n\n\n\n<p class=\"wp-block-paragraph\">El mandato de Bolsonaro estuvo marcado por una turbulenta gesti\u00f3n de la pandemia que dej\u00f3 686.000 muertos, un avance de la pobreza y el hambre, niveles r\u00e9cord de deforestaci\u00f3n en la Amazon\u00eda y ataques contra las instituciones judiciales y la prensa.<\/p>\n\n\n\n<h2 class=\"wp-block-heading\"><strong>La mancha de la corrupci\u00f3n<\/strong><\/h2>\n\n\n\n<p class=\"wp-block-paragraph\">Por su lado, Lula contaba con imponerse holgadamente este domingo apoyado en el voto de los m\u00e1s pobres, las mujeres y los j\u00f3venes, tras haber gobernado Brasil de 2003 a 2010 y haber dejado el poder con casi 90 por ciento de popularidad.<\/p>\n\n\n\n<p class=\"wp-block-paragraph\">Pero Lula no ha podido sacudirse a ojos de buena parte de la sociedad la mancha de la corrupci\u00f3n. Fue sentenciado y encarcelado antes de obtener la anulaci\u00f3n de sus condenas en 2021 por motivos procesales por el esc\u00e1ndalo <em>Lava Jato<\/em> sobre una red de sobornos en la petrolera estatal Petrobras.<\/p>\n\n\n\n<p class=\"wp-block-paragraph\">En el centro de Rio, Viviane Laureano da Silva, una funcionaria p\u00fablica de 36 a\u00f1os, se mostr\u00f3 confiada en que Lula <em>ganar\u00e1 en un segundo turno<\/em>.<\/p>\n\n\n\n<p class=\"wp-block-paragraph\">\u201cLa campa\u00f1a va a ser dif\u00edcil. Soy de la periferia y veo c\u00f3mo el pueblo apoya a Lula\u201d, dijo a la AFP tras conocerse los resultados.<\/p>\n\n\n\n<p class=\"wp-block-paragraph\">De ganar en segunda vuelta, Lula promete combatir el hambre en Brasil, sacar al pa\u00eds de su aislamiento diplom\u00e1tico y poner fin a su imagen de <em>paria<\/em> medioambiental, debido a la deforestaci\u00f3n de la Amazon\u00eda registrada bajo Bolsonaro.<\/p>\n\n\n\n<p class=\"wp-block-paragraph\">SEM\/MG<\/p>\n","protected":false},"excerpt":{"rendered":"<p>Brasil ir\u00e1 a segunda vuelta el pr\u00f3ximo 30 de octubre tras el sorpresivo desempe\u00f1o del mandatario ultraderechista Jair Bolsonaro en la primera vuelta de las presidenciales frente al izquierdista Luiz In\u00e1cio Lula da Silva, que gan\u00f3 por estrecho margen.<\/p>\n","protected":false},"author":3,"featured_media":56789,"comment_status":"open","ping_status":"open","sticky":false,"template":"","format":"standard","meta":{"_monsterinsights_skip_tracking":false,"footnotes":""},"categories":[693,53],"tags":[],"class_list":["post-56788","post","type-post","status-publish","format-standard","has-post-thumbnail","category-693","category-internacional"],"_links":{"self":[{"href":"https:\/\/redsemlac.com\/semmexico\/wp-json\/wp\/v2\/posts\/56788","targetHints":{"allow":["GET"]}}],"collection":[{"href":"https:\/\/redsemlac.com\/semmexico\/wp-json\/wp\/v2\/posts"}],"about":[{"href":"https:\/\/redsemlac.com\/semmexico\/wp-json\/wp\/v2\/types\/post"}],"author":[{"embeddable":true,"href":"https:\/\/redsemlac.com\/semmexico\/wp-json\/wp\/v2\/users\/3"}],"replies":[{"embeddable":true,"href":"https:\/\/redsemlac.com\/semmexico\/wp-json\/wp\/v2\/comments?post=56788"}],"version-history":[{"count":0,"href":"https:\/\/redsemlac.com\/semmexico\/wp-json\/wp\/v2\/posts\/56788\/revisions"}],"wp:featuredmedia":[{"embeddable":true,"href":"https:\/\/redsemlac.com\/semmexico\/wp-json\/wp\/v2\/media\/56789"}],"wp:attachment":[{"href":"https:\/\/redsemlac.com\/semmexico\/wp-json\/wp\/v2\/media?parent=56788"}],"wp:term":[{"taxonomy":"category","embeddable":true,"href":"https:\/\/redsemlac.com\/semmexico\/wp-json\/wp\/v2\/categories?post=56788"},{"taxonomy":"post_tag","embeddable":true,"href":"https:\/\/redsemlac.com\/semmexico\/wp-json\/wp\/v2\/tags?post=56788"}],"curies":[{"name":"wp","href":"https:\/\/api.w.org\/{rel}","templated":true}]}}