{"id":56785,"date":"2022-10-03T07:43:25","date_gmt":"2022-10-03T13:43:25","guid":{"rendered":"https:\/\/redsemlac.com\/semmexico\/?p=56785"},"modified":"2023-07-21T19:17:34","modified_gmt":"2023-07-22T00:17:34","slug":"se-trabaja-en-guerrero-para-abatir-el-embarazo-en-ninas-y-adolescentes","status":"publish","type":"post","link":"https:\/\/redsemlac.com\/semmexico\/se-trabaja-en-guerrero-para-abatir-el-embarazo-en-ninas-y-adolescentes\/","title":{"rendered":"Se trabaja en Guerrero para abatir el embarazo en ni\u00f1as y adolescentes"},"content":{"rendered":"\n<ul class=\"wp-block-list\"><li><strong>Los usos y costumbres en zonas ind\u00edgenas, el principal problema: COESPO<\/strong><\/li><\/ul>\n\n\n\n<p class=\"wp-block-paragraph\"><strong>Redacci\u00f3n<\/strong><\/p>\n\n\n\n<p class=\"wp-block-paragraph\">SemM\u00e9xico\/Ceprovysa, Chilpancingo, Guerrero, 3 de octubre del 2022.- Con unas conferencias y una feria de salud, el Consejo Estatal de Poblaci\u00f3n, cerr\u00f3 la semana para conmemorar el D\u00eda Mundial para la Prevenci\u00f3n del Embarazo en Adolescentes inform\u00f3 Mar\u00eda de los \u00c1ngeles Santiago Dionisio, secretar\u00eda T\u00e9cnica del organismo encargado de las pol\u00edticas p\u00fablicas para abatir esta problem\u00e1tica.<\/p>\n\n\n\n<p class=\"wp-block-paragraph\">La funcionaria dijo que en las zonas ind\u00edgenas donde el machismo, los usos y costumbres, se naturalizan los matrimonios y embarazos en ni\u00f1as y adolescentes; para atender esta situaci\u00f3n, recientemente la gobernadora Evelyn Salgado Pineda firm\u00f3 la iniciativa para sancionar esta pr\u00e1ctica, lo que se suma al resto de actividades que se hacen con otras instituciones como Salud y Educaci\u00f3n.<\/p>\n\n\n\n<p class=\"wp-block-paragraph\">Agreg\u00f3 que existe un Grupo Especial para la Prevenci\u00f3n del Embarazo Adolescente (GPEA), integrado por 20 instituciones como Salud, Educaci\u00f3n, SEJUVE, CONAPO y SEMUJER, entre otras que convergen actividades para sacar a Guerrero de las estad\u00edsticas nacionales de embarazos en ni\u00f1as y adolescentes.<\/p>\n\n\n\n<p class=\"wp-block-paragraph\">Para ello, dijo que se trabaja a trav\u00e9s de actividades en escuelas de educaci\u00f3n b\u00e1sica para generar conciencia entre las y los adolescentes sobre sus derechos sexuales y reproductivos, adem\u00e1s de la gran responsabilidad que se asume cuando se trae a una hija y\/o hijo al mundo, porque generalmente les trunca su proyecto de vida<\/p>\n\n\n\n<p class=\"wp-block-paragraph\">La funcionaria dijo que el n\u00famero de embarazos en las edades de 10 a 19 a\u00f1os, es preocupante en el estado, sobre todo en la regi\u00f3n de la Monta\u00f1a y zonas ind\u00edgenas, por lo que es ah\u00ed donde se concentran los esfuerzos de este gobierno.<\/p>\n\n\n\n<p class=\"wp-block-paragraph\">Inform\u00f3 que ya crearon un municipio modelo de atenci\u00f3n en San Luis Acatl\u00e1n con la formaci\u00f3n de comit\u00e9 municipal para la prevenci\u00f3n de embarazo en ni\u00f1as y adolescentes, con la participaci\u00f3n de todas las instituciones y poder replicarlo en los otros municipios.<\/p>\n\n\n\n<p class=\"wp-block-paragraph\">El cierre de estas actividades, se realiz\u00f3 en el auditorio Jos\u00e9 Joaqu\u00edn de Herrera, con el mon\u00f3logo Gotita de Suerte por parte de Nora San y la conferencia \u201c\u00a1ah! Bueno, pa\u00b4saber sexualidad y prevenci\u00f3n del embarazo\u201d disertado por el psic\u00f3logo Alexis Sorel Flores Sixto, ante unos 800 alumnos provenientes de diferentes escuelas de nivel bachillerato y representantes de las instituciones que integran el GPEA, as\u00ed como la secretaria general del Consejo Nacional de Poblaci\u00f3n.<\/p>\n\n\n\n<p class=\"wp-block-paragraph\">SEM\/MG<\/p>\n","protected":false},"excerpt":{"rendered":"<p>Los usos y costumbres en zonas ind\u00edgenas, el principal problema: COESPO<\/p>\n","protected":false},"author":3,"featured_media":56786,"comment_status":"open","ping_status":"open","sticky":false,"template":"","format":"standard","meta":{"_monsterinsights_skip_tracking":false,"footnotes":""},"categories":[693,51],"tags":[],"class_list":["post-56785","post","type-post","status-publish","format-standard","has-post-thumbnail","category-693","category-ejecutivo"],"_links":{"self":[{"href":"https:\/\/redsemlac.com\/semmexico\/wp-json\/wp\/v2\/posts\/56785","targetHints":{"allow":["GET"]}}],"collection":[{"href":"https:\/\/redsemlac.com\/semmexico\/wp-json\/wp\/v2\/posts"}],"about":[{"href":"https:\/\/redsemlac.com\/semmexico\/wp-json\/wp\/v2\/types\/post"}],"author":[{"embeddable":true,"href":"https:\/\/redsemlac.com\/semmexico\/wp-json\/wp\/v2\/users\/3"}],"replies":[{"embeddable":true,"href":"https:\/\/redsemlac.com\/semmexico\/wp-json\/wp\/v2\/comments?post=56785"}],"version-history":[{"count":0,"href":"https:\/\/redsemlac.com\/semmexico\/wp-json\/wp\/v2\/posts\/56785\/revisions"}],"wp:featuredmedia":[{"embeddable":true,"href":"https:\/\/redsemlac.com\/semmexico\/wp-json\/wp\/v2\/media\/56786"}],"wp:attachment":[{"href":"https:\/\/redsemlac.com\/semmexico\/wp-json\/wp\/v2\/media?parent=56785"}],"wp:term":[{"taxonomy":"category","embeddable":true,"href":"https:\/\/redsemlac.com\/semmexico\/wp-json\/wp\/v2\/categories?post=56785"},{"taxonomy":"post_tag","embeddable":true,"href":"https:\/\/redsemlac.com\/semmexico\/wp-json\/wp\/v2\/tags?post=56785"}],"curies":[{"name":"wp","href":"https:\/\/api.w.org\/{rel}","templated":true}]}}