{"id":56771,"date":"2022-10-01T10:47:53","date_gmt":"2022-10-01T16:47:53","guid":{"rendered":"https:\/\/redsemlac.com\/semmexico\/?p=56771"},"modified":"2023-07-21T19:17:35","modified_gmt":"2023-07-22T00:17:35","slug":"mishael-al-shamimari-primera-mujer-saudi-con-alto-cargo-en-la-federacion-astronautica-internacional","status":"publish","type":"post","link":"https:\/\/redsemlac.com\/semmexico\/mishael-al-shamimari-primera-mujer-saudi-con-alto-cargo-en-la-federacion-astronautica-internacional\/","title":{"rendered":"Mishael Al-Shamimari, primera mujer saud\u00ed con alto cargo en la Federaci\u00f3n Astron\u00e1utica Internacional"},"content":{"rendered":"\n<p class=\"wp-block-paragraph\">La ingeniera fue elegida para el cargo de vicepresidente de la Federaci\u00f3n Astron\u00e1utica Internacional (IAF) en Par\u00eds.<\/p>\n\n\n\n<p class=\"wp-block-paragraph\">Las actividades, las publicaciones y la red global de la IAF preparan a la futura fuerza laboral del sector espacial<\/p>\n\n\n\n<p class=\"wp-block-paragraph\"><a href=\"https:\/\/amecopress.net\/Redaccion-399\">Redacci\u00f3n<\/a><\/p>\n\n\n\n<p class=\"wp-block-paragraph\">SemM\u00e9xico\/AmecoPresss, Par\u00eds, 1\u00ba. de Octubre, 2022.- Elcorreodelgolfo. &#8211;&nbsp;<em>La Federaci\u00f3n Astron\u00e1utica Internacional (IAF) anunci\u00f3 que la representante de Arabia Saudita Mishael Al-Shamimari ha sido elegida para el cargo de vicepresidenta, luego de asegurar los votos de 14 candidatos internacionales.<\/em><\/p>\n\n\n\n<p class=\"wp-block-paragraph\"><em>Como representante de Arabia Saudita, la ingeniera Al-Shamimari tiene una ambiciosa visi\u00f3n para el desarrollo del sector espacial global. Fue elegida para el cargo porque podr\u00eda contribuir al desarrollo de las direcciones estrat\u00e9gicas de la Federaci\u00f3n Astron\u00e1utica Internacional, adem\u00e1s de consolidar la posici\u00f3n de liderazgo del Reino en el sector espacial, al desarrollar la cooperaci\u00f3n internacional.<\/em><\/p>\n\n\n\n<figure class=\"wp-block-image size-full\"><a href=\"https:\/\/redsemlac.com\/semmexico\/wp-content\/uploads\/2022\/10\/mishael-al-02.jpg\"><img loading=\"lazy\" decoding=\"async\" width=\"668\" height=\"455\" src=\"https:\/\/redsemlac.com\/semmexico\/wp-content\/uploads\/2022\/10\/mishael-al-02.jpg\" alt=\"\" class=\"wp-image-56772\"\/><\/a><\/figure>\n\n\n\n<p class=\"wp-block-paragraph\">La membres\u00eda de la IAF est\u00e1 compuesta por m\u00e1s de 400 representantes de instituciones y organizaciones de todo el mundo. Tiene estrechas relaciones con la Academia Internacional de Astron\u00e1utica y el Instituto Internacional de Derecho Espacial, y constituye una plataforma para que expertos de agencias espaciales investiguen, compartan conocimientos y reconozcan logros a trav\u00e9s de sus prestigiosos premios anuales.<\/p>\n\n\n\n<p class=\"wp-block-paragraph\">Las actividades, las publicaciones y la red global de la IAF preparan a la futura fuerza laboral del sector espacial, al apoyar a estudiantes y j\u00f3venes profesionales y al crear conciencia sobre los problemas del sector espacial.<\/p>\n\n\n\n<p class=\"wp-block-paragraph\">Foto: Saud\u00ed Gazette<\/p>\n","protected":false},"excerpt":{"rendered":"<p>La Federaci\u00f3n Astron\u00e1utica Internacional (IAF) anunci\u00f3 que la representante de Arabia Saudita Mishael Al-Shamimari ha sido elegida para el cargo de vicepresidenta, luego de asegurar los votos de 14 candidatos internacionales.<\/p>\n","protected":false},"author":3,"featured_media":56773,"comment_status":"open","ping_status":"open","sticky":false,"template":"","format":"standard","meta":{"_monsterinsights_skip_tracking":false,"footnotes":""},"categories":[693,53],"tags":[],"class_list":["post-56771","post","type-post","status-publish","format-standard","has-post-thumbnail","category-693","category-internacional"],"_links":{"self":[{"href":"https:\/\/redsemlac.com\/semmexico\/wp-json\/wp\/v2\/posts\/56771","targetHints":{"allow":["GET"]}}],"collection":[{"href":"https:\/\/redsemlac.com\/semmexico\/wp-json\/wp\/v2\/posts"}],"about":[{"href":"https:\/\/redsemlac.com\/semmexico\/wp-json\/wp\/v2\/types\/post"}],"author":[{"embeddable":true,"href":"https:\/\/redsemlac.com\/semmexico\/wp-json\/wp\/v2\/users\/3"}],"replies":[{"embeddable":true,"href":"https:\/\/redsemlac.com\/semmexico\/wp-json\/wp\/v2\/comments?post=56771"}],"version-history":[{"count":0,"href":"https:\/\/redsemlac.com\/semmexico\/wp-json\/wp\/v2\/posts\/56771\/revisions"}],"wp:featuredmedia":[{"embeddable":true,"href":"https:\/\/redsemlac.com\/semmexico\/wp-json\/wp\/v2\/media\/56773"}],"wp:attachment":[{"href":"https:\/\/redsemlac.com\/semmexico\/wp-json\/wp\/v2\/media?parent=56771"}],"wp:term":[{"taxonomy":"category","embeddable":true,"href":"https:\/\/redsemlac.com\/semmexico\/wp-json\/wp\/v2\/categories?post=56771"},{"taxonomy":"post_tag","embeddable":true,"href":"https:\/\/redsemlac.com\/semmexico\/wp-json\/wp\/v2\/tags?post=56771"}],"curies":[{"name":"wp","href":"https:\/\/api.w.org\/{rel}","templated":true}]}}