{"id":56688,"date":"2022-09-29T10:50:30","date_gmt":"2022-09-29T16:50:30","guid":{"rendered":"https:\/\/redsemlac.com\/semmexico\/?p=56688"},"modified":"2023-07-21T19:17:38","modified_gmt":"2023-07-22T00:17:38","slug":"concreta-diputacion-retroceso-en-materia-de-paridad-en-sni-en-oaxaca","status":"publish","type":"post","link":"https:\/\/redsemlac.com\/semmexico\/concreta-diputacion-retroceso-en-materia-de-paridad-en-sni-en-oaxaca\/","title":{"rendered":"<strong>Concreta diputaci\u00f3n retroceso en materia de paridad en SNI en Oaxaca<\/strong>"},"content":{"rendered":"\n<ul class=\"wp-block-list\"><li><strong>Aprueban reforma al eliminar la temporalidad por gradualidad.<\/strong><\/li><li><strong>Humphrey Jord\u00e1n hab\u00eda llamado a no postergar la medida. <\/strong><strong><\/strong><\/li><\/ul>\n\n\n\n<p class=\"wp-block-paragraph\"><strong>Soledad Jarqu\u00edn Edgar<\/strong><\/p>\n\n\n\n<p class=\"wp-block-paragraph\">SemM\u00e9xico, Oaxaca, 29 de septiembre del 2022.- Con 23 votos a favor y 14 en contra, integrantes de la LXV Legislatura local aprobaron la modificaci\u00f3n al art\u00edculo transitorio tercero del decreto 1511 de la Ley de Instituciones y Procedimientos Electorales del Estado, por lo que se pospone, sin tiempo definido, la paridad en municipios de sistemas normativos ind\u00edgenas al eliminar la gradualidad establecida en mayo de 2020 y que establec\u00eda como plazo para elecciones en paridad para el 2023 en los 417 ayuntamientos que se rigen por ese sistema.<\/p>\n\n\n\n<p class=\"wp-block-paragraph\">Esta reforma, se\u00f1alada como un retroceso para la participaci\u00f3n pol\u00edtica de las ciudadanas, fue aprobada por las bancadas de Morena, PT y Verde Ecologista.<\/p>\n\n\n\n<p class=\"wp-block-paragraph\">En este sentido, apenas unas horas antes, en Foro: \u201cLa Paridad y la Fuerza Pol\u00edtica de las Legisladoras Locales\u201d, realizado en un auditorio de la C\u00e1mara de Diputados, la consejera del Instituto Nacional Electoral, Carla Astrid Humphrey Jord\u00e1n, se\u00f1al\u00f3 su preocupaci\u00f3n porque en Oaxaca solo el cinco por ciento de las presidencias municipales en sistemas normativos ind\u00edgenas son ocupadas por mujeres. Cinco por ciento de 417 ayuntamientos, repiti\u00f3.<\/p>\n\n\n\n<p class=\"wp-block-paragraph\">Humphrey Jord\u00e1n apunt\u00f3 que resulta por ello \u201cabsolutamente necesario incrementar la participaci\u00f3n de las mujeres en esas elecciones para cumplir con la paridad\u201d y sostuvo que es evidente que hay un incumplimiento, \u201cno puede ser postergada, la Constituci\u00f3n no dice apl\u00edquese a partir del 2032 o 2038 o lo que sea, se tiene que aplicar ya\u201d.<\/p>\n\n\n\n<p class=\"wp-block-paragraph\">La recomendaci\u00f3n no lleg\u00f3 al pleno de la LXV Legislatura local que decidi\u00f3 echar atr\u00e1s la paridad en los sistemas normativos internos en los 417 municipios de la entidad que se rigen por sistemas normativos internos, y aprobaron la iniciativa propuesta por las diputadas Yesenia Nolasco Ram\u00edrez, Hayde\u00e9 Irma Reyes Soto y Nancy Natalia Ben\u00edtez Z\u00e1rate, el grupo parlamentario de Morena, al eliminar la temporalidad por la gradualidad.<\/p>\n\n\n\n<p class=\"wp-block-paragraph\">Tambi\u00e9n son promoventes de esa reforma, es propuesta de mujeres ind\u00edgenas de diversos municipios del distrito de Ixtl\u00e1n de Ju\u00e1rez, as\u00ed como de la Uni\u00f3n Liberal del Ayuntamiento del distrito de Ixtl\u00e1n (ULADI), conformada por mujeres de 25 ayuntamientos zapotecos y chinantecos. 25 ayuntamientos de un total de 417 que eligen autoridades por sistemas normativos ind\u00edgenas.<\/p>\n\n\n\n<p class=\"wp-block-paragraph\"><strong>8 de 100 municipios no cumplieron con la paridad este a\u00f1o<\/strong><\/p>\n\n\n\n<p class=\"wp-block-paragraph\">Antes de la sesi\u00f3n de este d\u00eda, mujeres y organizaciones llamaron a no concretar esa reforma y m\u00e1s tarde cuestionaron a la diputaci\u00f3n por concretar el retroceso. Un ejemplo fue el pronunciamiento hecho por Mujeres Autoridades, quienes se\u00f1alaron que de cien municipios de los 417 que en este a\u00f1o ya han realizado sus asambleas generales, comunitarias electivas, \u201chasta ahora solo ocho municipios no han cumplido con esta medida\u201d, seg\u00fan datos del propio Instituto Estatal Electoral y de Participaci\u00f3n Ciudadana de Oaxaca (IEEPCO).<\/p>\n\n\n\n<p class=\"wp-block-paragraph\">La reforma \u201crevertir\u00eda los avances que se tienen en los municipios donde ya se vienen ejerciendo y se han nombrado a las nuevas autoridades bajo criterios de paridad. Para nosotras el hecho de que la ley garantice nuestra participaci\u00f3n, es una herramienta, como la pala cuando limpias la maleza del campo\u201d.<\/p>\n\n\n\n<p class=\"wp-block-paragraph\">Tambi\u00e9n advirtieron que la violencia pol\u00edtica contra las mujeres no se resuelve con esa iniciativa (ahora reforma), porque esa violencia no es consecuencia de la paridad y consideraron \u201cgrave\u201d que \u201cen un Congreso donde hay paridad est\u00e9n dej\u00e1ndonos en estado de indefensi\u00f3n con este tipo de normas\u201d.<\/p>\n\n\n\n<p class=\"wp-block-paragraph\">En la carta firmada por ex presidentas municipales, regidoras, ex regidoras, secretarias municipales, alcaldesas, mayordomas y representantes de instancias de las mujeres, entre otras, llamaron a las mujeres a tomarse su papel en serio y garantizar las condiciones para que las futuras generaciones ejerzan sus derechos.<\/p>\n\n\n\n<p class=\"wp-block-paragraph\">\u201cNo tenemos derecho a retroceder en lo que se ha construido. Nuestra dignidad y participaci\u00f3n se har\u00e1 costumbre, pero necesitamos leyes que nos protejan\u201d, puntualiza la carta.<\/p>\n\n\n\n<p class=\"wp-block-paragraph\"><strong>Morenistas le cumplen al gobernador electo<\/strong><\/p>\n\n\n\n<p class=\"wp-block-paragraph\">Por otra parte, tras la reforma concretada la tarde de este jueves, la abogada Flora Guti\u00e9rrez cuestion\u00f3 a las diputadas al exponer:<\/p>\n\n\n\n<p class=\"wp-block-paragraph\">\u201cEsas Diputadas que votaron por modificar el transitorio tercero de la reforma del Decreto 1511, que saben de la lucha de las mujeres y sobre todo de las mujeres ind\u00edgenas, que saben de conciencia de g\u00e9nero, cuando han exigido o se han sumado a los reclamos o denuncias de las mujeres NUNCA, pero eso as\u00ed, se han beneficiado del resultado de las luchas del movimiento de mujeres, as\u00ed de claro, dicen que no hay capacidad, que hacen lo que dicen los asesores, pero ellas obedecen a sus jefes pol\u00edticos del patriarcado, no distinguen perspectiva de g\u00e9nero e intercultural\u201d.<\/p>\n\n\n\n<p class=\"wp-block-paragraph\">La misma Guti\u00e9rrez hab\u00eda denuncia previamente que la medicaci\u00f3n al art\u00edculo tercero transitorio, no garantizaba la paridad de g\u00e9nero en municipios que se rigen por SIN (sistemas normativos ind\u00edgenas), y hacerlo de manera \u00abgradual\u00bb e \u00abindefinida\u00bb solo porque las autoridades vinculadas no hicieron su trabajo y porque no se entiende que la paridad de g\u00e9nero debe garantizarse desde la diversidad cultural, es decir, utilizando la perspectiva intercultural que luego tantos acad\u00e9micos se llenan la boca de decirlo, lo est\u00e1n aprobando al vapor, solo para cumplirle al gobernador electo, sin consultar a todas las mujeres. \u201cPretenden evitar conflictos y solo van a generar conflictos\u201d.<\/p>\n\n\n\n<p class=\"wp-block-paragraph\">Por otra parte Elizabeth Olvera apunt\u00f3:<\/p>\n\n\n\n<p class=\"wp-block-paragraph\">\u201cLa interculturalidad no es s\u00f3lo decirlo ni escribirlo, es aplicarlo en eso consiste saber que se ha entendido ese enfoque. Ahora las diputadas ni siquiera saben lo que implica vivir en municipio que se rugen por SNI, deben consultar a las mujeres que&nbsp;han tenido la experiencia y las autoridades mujeres se han pronunciado que la paridad debe permanecer. La paridad ha llevado a muchas mujeres a espacios de toma de decisiones y lo han ocupado s\u00f3lo para quedar bien con los que dirigen sus partidos o dirigentes, es decir a hombres\u201d.<\/p>\n\n\n\n<p class=\"wp-block-paragraph\"><strong>Privilegios patriarcales<\/strong><\/p>\n\n\n\n<p class=\"wp-block-paragraph\">La activista y defensora de derechos humanos, Y\u00e9sica S\u00e1nchez Maya:<\/p>\n\n\n\n<p class=\"wp-block-paragraph\">\u201cFrente a la inacci\u00f3n del Ejecutivo y el IEEPCO, \u00a1las mujeres pierden! \u00a1La propuesta\u2026 es un grave retroceso y favorece absolutamente al PATRIARCADO!<\/p>\n\n\n\n<p class=\"wp-block-paragraph\">La abogada B\u00e1rbara Garc\u00eda Ch\u00e1vez se\u00f1al\u00f3: \u201cel negarles a las mujeres de m\u00e1s de 400 municipios sus derechos pol\u00edticos resulta muy c\u00f3modo al Estado que tendr\u00eda que ser garante de sus Derechos Humanos,&nbsp;adem\u00e1s resulta una actitud racista y mis\u00f3gina al considerarlas inferiores y sin la suficiente capacidad para ejercer a plenitud sus derechos&#8230; El problema tambi\u00e9n son las y los actores pol\u00edticos de Oaxaca que pugnan para dejar amplios espacios de privilegios patriarcales&#8230;\u201d<\/p>\n\n\n\n<p class=\"wp-block-paragraph\">Camelia Gaspar, feminista y abogada ind\u00edgena zapoteca consider\u00f3 que la medida es totalmente un retroceso, \u201cni la simulaci\u00f3n, ni la violencia pol\u00edtica contra las mujeres se detendr\u00e1 ahora que ya no hay t\u00e9rmino para la paridad, ni mejorar\u00e1 la situaci\u00f3n de las mujeres\u201d.<\/p>\n\n\n\n<p class=\"wp-block-paragraph\">La feminista y abogada Adriana Salazar Rivas, expuso que con esta medida \u201clas mujeres deber\u00e1n judicializar el acceso a sus derechos\u201d.<\/p>\n\n\n\n<p class=\"wp-block-paragraph\">Tambi\u00e9n en redes sociales se manifest\u00f3 la ex diputada Magaly L\u00f3pez Dom\u00ednguez destac\u00f3 que en 2020 el Congreso de Oaxaca hab\u00eda logrado una reforma hist\u00f3rica: el cumplimiento de la paridad de g\u00e9nero como requisito para validar las elecciones municipales bajo sistemas normativos ind\u00edgenas y advirti\u00f3 que esta medida legislativa era el \u00fanico mecanismo para garantizar el derecho de las mujeres a la participaci\u00f3n pol\u00edtica en municipios ind\u00edgenas.<\/p>\n\n\n\n<p class=\"wp-block-paragraph\">Consider\u00f3 que la reforma de este jueves al decreto 15 11 como \u201cuna aberraci\u00f3n jur\u00eddica, un atentado contra los derechos pol\u00edticos de las mujeres ind\u00edgenas\u201d.<\/p>\n\n\n\n<p class=\"wp-block-paragraph\">SEM\/sj<\/p>\n\n\n\n<p class=\"wp-block-paragraph\"><\/p>\n","protected":false},"excerpt":{"rendered":"<p>Con 23 votos a favor y 14 en contra, integrantes de la LXV Legislatura local aprobaron la modificaci\u00f3n al art\u00edculo transitorio tercero del decreto 1511 de la Ley de Instituciones y Procedimientos Electorales del Estado<\/p>\n","protected":false},"author":3,"featured_media":56689,"comment_status":"open","ping_status":"open","sticky":false,"template":"","format":"standard","meta":{"_monsterinsights_skip_tracking":false,"footnotes":""},"categories":[693,50],"tags":[],"class_list":["post-56688","post","type-post","status-publish","format-standard","has-post-thumbnail","category-693","category-congreso"],"_links":{"self":[{"href":"https:\/\/redsemlac.com\/semmexico\/wp-json\/wp\/v2\/posts\/56688","targetHints":{"allow":["GET"]}}],"collection":[{"href":"https:\/\/redsemlac.com\/semmexico\/wp-json\/wp\/v2\/posts"}],"about":[{"href":"https:\/\/redsemlac.com\/semmexico\/wp-json\/wp\/v2\/types\/post"}],"author":[{"embeddable":true,"href":"https:\/\/redsemlac.com\/semmexico\/wp-json\/wp\/v2\/users\/3"}],"replies":[{"embeddable":true,"href":"https:\/\/redsemlac.com\/semmexico\/wp-json\/wp\/v2\/comments?post=56688"}],"version-history":[{"count":0,"href":"https:\/\/redsemlac.com\/semmexico\/wp-json\/wp\/v2\/posts\/56688\/revisions"}],"wp:featuredmedia":[{"embeddable":true,"href":"https:\/\/redsemlac.com\/semmexico\/wp-json\/wp\/v2\/media\/56689"}],"wp:attachment":[{"href":"https:\/\/redsemlac.com\/semmexico\/wp-json\/wp\/v2\/media?parent=56688"}],"wp:term":[{"taxonomy":"category","embeddable":true,"href":"https:\/\/redsemlac.com\/semmexico\/wp-json\/wp\/v2\/categories?post=56688"},{"taxonomy":"post_tag","embeddable":true,"href":"https:\/\/redsemlac.com\/semmexico\/wp-json\/wp\/v2\/tags?post=56688"}],"curies":[{"name":"wp","href":"https:\/\/api.w.org\/{rel}","templated":true}]}}