{"id":56673,"date":"2022-09-29T08:37:55","date_gmt":"2022-09-29T14:37:55","guid":{"rendered":"https:\/\/redsemlac.com\/semmexico\/?p=56673"},"modified":"2023-07-21T19:17:38","modified_gmt":"2023-07-22T00:17:38","slug":"28s-marchan-en-exigencia-por-la-despenalizacion-del-aborto-en-chiapas","status":"publish","type":"post","link":"https:\/\/redsemlac.com\/semmexico\/28s-marchan-en-exigencia-por-la-despenalizacion-del-aborto-en-chiapas\/","title":{"rendered":"<strong>#28S Marchan en exigencia por la despenalizaci\u00f3n del aborto en Chiapas<\/strong>"},"content":{"rendered":"\n<ul class=\"wp-block-list\"><li><strong>\u00abAborto si, aborto no, eso lo decido yo\u00bb: Colectivas feministas.<\/strong><\/li><li><strong>Exigieron al Congreso del Estado retome el di\u00e1logo con respecto a la iniciativa para la despenalizaci\u00f3n del aborto.<\/strong><\/li><li><strong>Chiapas presenta la tasa de fecundidad en adolescentes m\u00e1s alta del pa\u00eds, incluyendo a ni\u00f1as de entre 9 y 14 a\u00f1os.<\/strong><\/li><\/ul>\n\n\n\n<p class=\"wp-block-paragraph\"><strong>Gabriela Couti\u00f1o<\/strong><\/p>\n\n\n\n<p class=\"wp-block-paragraph\">SemM\u00e9xico, Tuxtla Guti\u00e9rrez, Chiapas, 29 de septiembre del 2022.- La jornada por el D\u00eda de Acci\u00f3n Global por un Aborto Legal y Seguro, tuvo lugar en Tuxtla Guti\u00e9rrez y San Crist\u00f3bal de las Casas, donde cientos de mujeres j\u00f3venes con pa\u00f1uelos verdes, marcharon por la principal avenida, realizando pintas y lanzando consignas como: \u00abhartas de que decidan por nosotras\u00bb; \u00ababorto legal, derecho fundamental\u00bb; \u00abnosotras partimos, nosotras decidimos\u00bb.<\/p>\n\n\n\n<p class=\"wp-block-paragraph\">Son \u00abla marea verde\u00bb, mujeres j\u00f3venes que han demandado al Congreso del Estado retome el an\u00e1lisis de las iniciativas presentadas para que se reforme el C\u00f3digo Penal del Estado, y se despenalice el aborto en Chiapas, porque se presentan embarazos hasta \u00aben ni\u00f1as de 10 a\u00f1os que est\u00e1n siendo obligadas a parir\u00bb.<\/p>\n\n\n\n<p class=\"wp-block-paragraph\">En Chiapas, se\u00f1alaron en un pronunciamiento, \u00abtiene la tasa global de fecundidad m\u00e1s alta de todos los estados de la Rep\u00fablica\u201d, estad\u00edstica que tiene una relaci\u00f3n directamente proporcional con el rezago en \u00e1reas como la salud y la educaci\u00f3n.<\/p>\n\n\n\n<p class=\"wp-block-paragraph\">\u00abSomos la segunda entidad con la tasa de fecundidad en adolescentes m\u00e1s alta del pa\u00eds, incluyendo a ni\u00f1as de entre 9 y 14 a\u00f1os. En nuestro estado ocurren el 7 por ciento de las defunciones maternas en todo el pa\u00eds, de las cuales el 16 por ciento sucedieron en ni\u00f1as y adolescentes; del porcentaje de muertes por aborto, el 21 por ciento fueron menores de edad\u00bb.<\/p>\n\n\n\n<p class=\"wp-block-paragraph\">Por lo que el aborto es un tema de salud p\u00fablica porque el Estado, al no reconocer ni garantizar estos derechos, propicia que las mujeres aborten en condiciones inseguras que no cuenten con acceso a redes feministas, de mujeres, de parteras, y de acompa\u00f1amiento, \u00abuno de los derechos b\u00e1sicos como el acceso a la informaci\u00f3n, nos es negado\u00bb.<\/p>\n\n\n\n<p class=\"wp-block-paragraph\">En el documento entregado a las puertas del Congreso local, las colectivas feministas expusieron que en la regi\u00f3n de los Altos de Chiapas, \u00abla sociedad como en todo el pa\u00eds, vive una precarizaci\u00f3n al acceso a la informaci\u00f3n sobre temas de salud sexual para que ni\u00f1as y mujeres puedan conocer su cuerpo, tener medidas de autocuidado y decidir sobre su vida\u00bb.<\/p>\n\n\n\n<p class=\"wp-block-paragraph\">\u00abEn un espacio donde convergen diferentes culturas, las mujeres siguen siendo las v\u00edctimas de un sistema patriarcal, el rezago educativo y la violencia contra las mujeres justificada por el sistema de usos y costumbres. Las mujeres tzotziles, tzeltales y choles de la zona Altos de Chiapas abortan, pero lo hacen desde sus propias realidades y posibilidades\u201d.<\/p>\n\n\n\n<p class=\"wp-block-paragraph\">\u00abEn las comunidades es un tab\u00fa hablar de derechos sexuales y reproductivos porque los usos y costumbres no lo permiten, neg\u00e1ndoles incluso el acceso a m\u00e9todos anticonceptivos, salud sexual y reproductiva\u00bb.<\/p>\n\n\n\n<p class=\"wp-block-paragraph\">Y es en la regi\u00f3n Altos, expusieron, \u00abdonde se concentra un alto \u00edndice de embarazos en ni\u00f1as y adolescentes, ni\u00f1as de entre 9 y 14 a\u00f1os pariendo por primera vez, muchas veces como producto de una violaci\u00f3n, inclusive siendo sus propios esposos los violadores, porque son obligadas a casarse o a vivir con un hombre sin su consentimiento\u00bb.<\/p>\n\n\n\n<p class=\"wp-block-paragraph\">En la regi\u00f3n de la Selva, \u00ablas mujeres ind\u00edgenas y no ind\u00edgenas de diferentes municipios constantemente son violentadas en su derecho a la vida y su derecho a decidir y su derecho a la igualdad de g\u00e9nero; viven sin voz.<\/p>\n\n\n\n<p class=\"wp-block-paragraph\">\u00abAun viviendo en asentamientos urbanizados, viven con una escasa informaci\u00f3n sobre nuestros derechos reproductivos, viven pensando que la sexualidad ejercida por la autonom\u00eda individual de cada mujer es un delito; continuamos bajo el yugo patriarcal del sistema que nos ha obligado a esconder nuestros cuerpos y a avergonzarnos de la sexualidad\u00bb.<\/p>\n\n\n\n<p class=\"wp-block-paragraph\">La informaci\u00f3n que se tiene sobre la libertad de toma de decisi\u00f3n sobre el cuerpo de la mujer a\u00fan no existe, manifiestan las j\u00f3venes feministas.<\/p>\n\n\n\n<p class=\"wp-block-paragraph\">Mientras que en la frontera, las mujeres en Chiapas, nos hemos enfrentado cotidianamente al acoso callejero, a todo tipo de violaci\u00f3n de nuestros derechos humanos, \u00abeste tipo de vulneraci\u00f3n a nuestra esfera jur\u00eddica tambi\u00e9n lo viven las Mujeres que migran; sabemos que no es lo mismo hablar de hombres migrantes que de mujeres migrantes\u00bb.<\/p>\n\n\n\n<p class=\"wp-block-paragraph\">Al exigir que se retome el di\u00e1logo con respecto a la iniciativa para la despenalizaci\u00f3n del aborto inscrita desde mayo del 2021, las colectivas exigieron a las diputadas y diputados, que \u00abtoda mujer que resida en Chiapas, ya sea de manera temporal o no, merezca tener el derecho a decidir sobre su cuerpo\u00bb.<\/p>\n\n\n\n<p class=\"wp-block-paragraph\">\u00abExigimos que en Chiapas el aborto sea despenalizado, por todas las mujeres que a\u00fan siguen regidas por el sistema patriarcal de usos y costumbres; por las mujeres en condici\u00f3n de tr\u00e1nsito, por todas las personas gestantes, por todas las mujeres v\u00edctimas de violencia sexual y revictimizaci\u00f3n\u00bb.<\/p>\n\n\n\n<p class=\"wp-block-paragraph\">Las colectivas demandaron tambi\u00e9n que en los diferentes municipios, se tomen acciones para brindar campa\u00f1as de informaci\u00f3n sobre salud sexual y derechos reproductivos; \u00abExigimos m\u00e1s informaci\u00f3n en las escuelas para dar a conocer el programa de aborto seguro que existe en los hospitales p\u00fablicos\u00bb.<\/p>\n\n\n\n<p class=\"wp-block-paragraph\">La marcha feminista del D\u00eda Internacional por un aborto legal y seguro, dej\u00f3 este mi\u00e9rcoles en la capital chiapaneca da\u00f1os en puertas y ventanas de empresas automotrices, restaurantes, instituciones bancarias, la Iglesia cat\u00f3lica de Guadalupe, el Congreso local, entre otros.<\/p>\n\n\n\n<p class=\"wp-block-paragraph\">SEM\/MG<\/p>\n\n\n\n<figure class=\"wp-block-image size-full\"><a href=\"https:\/\/redsemlac.com\/semmexico\/wp-content\/uploads\/2022\/09\/chiapas-28s-02.jpg\"><img loading=\"lazy\" decoding=\"async\" width=\"610\" height=\"458\" src=\"https:\/\/redsemlac.com\/semmexico\/wp-content\/uploads\/2022\/09\/chiapas-28s-02.jpg\" alt=\"\" class=\"wp-image-56675\"\/><\/a><\/figure>\n","protected":false},"excerpt":{"rendered":"<p>La jornada por el D\u00eda de Acci\u00f3n Global por un Aborto Legal y Seguro, tuvo lugar en Tuxtla Guti\u00e9rrez y San Crist\u00f3bal de las Casas, donde cientos de mujeres marcharon por la principal avenida<\/p>\n","protected":false},"author":3,"featured_media":56674,"comment_status":"open","ping_status":"open","sticky":false,"template":"","format":"standard","meta":{"_monsterinsights_skip_tracking":false,"footnotes":""},"categories":[693,54],"tags":[664,149],"class_list":["post-56673","post","type-post","status-publish","format-standard","has-post-thumbnail","category-693","category-mujeres","tag-28s","tag-mujeres"],"_links":{"self":[{"href":"https:\/\/redsemlac.com\/semmexico\/wp-json\/wp\/v2\/posts\/56673","targetHints":{"allow":["GET"]}}],"collection":[{"href":"https:\/\/redsemlac.com\/semmexico\/wp-json\/wp\/v2\/posts"}],"about":[{"href":"https:\/\/redsemlac.com\/semmexico\/wp-json\/wp\/v2\/types\/post"}],"author":[{"embeddable":true,"href":"https:\/\/redsemlac.com\/semmexico\/wp-json\/wp\/v2\/users\/3"}],"replies":[{"embeddable":true,"href":"https:\/\/redsemlac.com\/semmexico\/wp-json\/wp\/v2\/comments?post=56673"}],"version-history":[{"count":0,"href":"https:\/\/redsemlac.com\/semmexico\/wp-json\/wp\/v2\/posts\/56673\/revisions"}],"wp:featuredmedia":[{"embeddable":true,"href":"https:\/\/redsemlac.com\/semmexico\/wp-json\/wp\/v2\/media\/56674"}],"wp:attachment":[{"href":"https:\/\/redsemlac.com\/semmexico\/wp-json\/wp\/v2\/media?parent=56673"}],"wp:term":[{"taxonomy":"category","embeddable":true,"href":"https:\/\/redsemlac.com\/semmexico\/wp-json\/wp\/v2\/categories?post=56673"},{"taxonomy":"post_tag","embeddable":true,"href":"https:\/\/redsemlac.com\/semmexico\/wp-json\/wp\/v2\/tags?post=56673"}],"curies":[{"name":"wp","href":"https:\/\/api.w.org\/{rel}","templated":true}]}}