{"id":56653,"date":"2022-09-28T18:25:38","date_gmt":"2022-09-29T00:25:38","guid":{"rendered":"https:\/\/redsemlac.com\/semmexico\/?p=56653"},"modified":"2023-07-21T19:17:38","modified_gmt":"2023-07-22T00:17:38","slug":"asesinos-asesinos-son-ustedes-en-abortos-clandestinos-el-grito-de-las-michoacanas","status":"publish","type":"post","link":"https:\/\/redsemlac.com\/semmexico\/asesinos-asesinos-son-ustedes-en-abortos-clandestinos-el-grito-de-las-michoacanas\/","title":{"rendered":"\u00abAsesinos, asesinos son ustedes en abortos clandestinos\u00bb: el grito de las michoacanas"},"content":{"rendered":"\n<ul class=\"wp-block-list\"><li><strong>Protestan mujeres en Michoac\u00e1n para exigir legislaci\u00f3n a favor del aborto.<\/strong><\/li><li><strong>Bengalas de humo con los colores verde y rojo, una virgen con la bandera manchada de M\u00e9xico, un letrero \u201clas cat\u00f3licas tambi\u00e9n abortamos\u201d, el Palacio Legislativo con pintas y cristalazos, fueron las consignas y acciones presentes durante el trayecto de la marcha que parti\u00f3 de la fuente de Las Tarascas en Morelia.<\/strong><\/li><\/ul>\n\n\n\n<p class=\"wp-block-paragraph\"><strong>Am\u00e9rica Ju\u00e1rez Navarro<\/strong><\/p>\n\n\n\n<p class=\"wp-block-paragraph\">SemM\u00e9xico, Morelia, Michoac\u00e1n, 28 de septiembre del 2022.- Con la exigencia al Congreso del Estado de legislar a favor de los derechos sexuales y reproductivos de las mujeres, la tarde de este mi\u00e9rcoles, integrantes de la Asamblea de Mujeres Michoac\u00e1n, tomaron Madero, avenida principal de la capital del estado, para protestar contra la inacci\u00f3n del Poder Legislativo para aprobar las iniciativas que a m\u00e1s de un a\u00f1o de haber ordenado la Suprema Corte de Justicia de la Naci\u00f3n (SCJN) su despenalizaci\u00f3n, no ha caminado en la entidad.<\/p>\n\n\n\n<p class=\"wp-block-paragraph\">Bengalas de humo con los colores verde y rojo, una virgen con la bandera manchada de M\u00e9xico, un letrero \u201clas cat\u00f3licas tambi\u00e9n abortamos\u201d, \u201cfuimos todas\u201d, \u00abasesinos, asesinos, asesinos son ustedes en abortos clandestinos\u201d, fueron las consignas y acciones presentes durante el trayecto de la marcha que parti\u00f3 de la fuente de Las Tarascas.<\/p>\n\n\n\n<p class=\"wp-block-paragraph\">En el marco del D\u00eda de Acci\u00f3n Global contra la despenalizaci\u00f3n del Aborto, un grupo de j\u00f3venes encapuchas y vestidas de negro, con martillo en mano rompieron cristales de algunas puertas de casonas y negocios, pero fue en el Palacio Legislativo donde se concentr\u00f3 las mayores acciones de protesta, grafitis, pintura roja, y cristales rotos, dej\u00f3 a su paso, mientras decenas de mujeres gritaban en aprobaci\u00f3n y a favor de la legalizaci\u00f3n del aborto.<\/p>\n\n\n\n<p class=\"wp-block-paragraph\">Otros negocios tambi\u00e9n tuvieron afectaciones, mientras eran cubiertas por otras mujeres j\u00f3venes con una manta negra colocaban papeles en los muros, con frases como, \u00abped\u00f3filos aborto libre\u00bb, \u00aben M\u00e9xico Pr\u00f3vida ocupa los primeros lugares de abuso infantil\u00bb.<\/p>\n\n\n\n<p class=\"wp-block-paragraph\">Acompa\u00f1adas por personal de la Comisi\u00f3n Estatal de Derechos Humanos (CEDH), gritaron, \u00absaquen el rosario de nuestros ovarios\u00bb, mientras en el templo de \u00abLas Monjas\u00bb, se encontraron con una valla conformada principalmente por j\u00f3venes para resguardar el lugar, sin que se presentar\u00e1 ninguna confrontaci\u00f3n.<\/p>\n\n\n\n<figure class=\"wp-block-gallery has-nested-images columns-2 is-cropped wp-block-gallery-1 is-layout-flex wp-block-gallery-is-layout-flex\">\n<figure class=\"wp-block-image size-large\"><a href=\"https:\/\/redsemlac.com\/semmexico\/wp-content\/uploads\/2022\/09\/20220928_180207-2-scaled.jpg\"><img decoding=\"async\" data-id=\"56662\" src=\"https:\/\/redsemlac.com\/semmexico\/wp-content\/uploads\/2022\/09\/20220928_180207-2-scaled.jpg\" alt=\"\" class=\"wp-image-56662\"\/><\/a><\/figure>\n\n\n\n<figure class=\"wp-block-image size-large\"><a href=\"https:\/\/redsemlac.com\/semmexico\/wp-content\/uploads\/2022\/09\/20220928_180141-scaled.jpg\"><img decoding=\"async\" data-id=\"56661\" src=\"https:\/\/redsemlac.com\/semmexico\/wp-content\/uploads\/2022\/09\/20220928_180141-scaled.jpg\" alt=\"\" class=\"wp-image-56661\"\/><\/a><\/figure>\n\n\n\n<figure class=\"wp-block-image size-large\"><a href=\"https:\/\/redsemlac.com\/semmexico\/wp-content\/uploads\/2022\/09\/20220928_181130-scaled.jpg\"><img decoding=\"async\" data-id=\"56658\" src=\"https:\/\/redsemlac.com\/semmexico\/wp-content\/uploads\/2022\/09\/20220928_181130-scaled.jpg\" alt=\"\" class=\"wp-image-56658\"\/><\/a><\/figure>\n\n\n\n<figure class=\"wp-block-image size-large\"><a href=\"https:\/\/redsemlac.com\/semmexico\/wp-content\/uploads\/2022\/09\/20220928_180552-scaled.jpg\"><img decoding=\"async\" data-id=\"56657\" src=\"https:\/\/redsemlac.com\/semmexico\/wp-content\/uploads\/2022\/09\/20220928_180552-scaled.jpg\" alt=\"\" class=\"wp-image-56657\"\/><\/a><\/figure>\n\n\n\n<figure class=\"wp-block-image size-large\"><a href=\"https:\/\/redsemlac.com\/semmexico\/wp-content\/uploads\/2022\/09\/20220928_180537-scaled.jpg\"><img decoding=\"async\" data-id=\"56656\" src=\"https:\/\/redsemlac.com\/semmexico\/wp-content\/uploads\/2022\/09\/20220928_180537-scaled.jpg\" alt=\"\" class=\"wp-image-56656\"\/><\/a><\/figure>\n\n\n\n<figure class=\"wp-block-image size-large\"><a href=\"https:\/\/redsemlac.com\/semmexico\/wp-content\/uploads\/2022\/09\/20220928_180515-scaled.jpg\"><img decoding=\"async\" data-id=\"56655\" src=\"https:\/\/redsemlac.com\/semmexico\/wp-content\/uploads\/2022\/09\/20220928_180515-scaled.jpg\" alt=\"\" class=\"wp-image-56655\"\/><\/a><\/figure>\n<\/figure>\n\n\n\n<p class=\"wp-block-paragraph\">Una vez que llegaron a Palacio de Gobierno, emitieron un pronunciamiento, donde se\u00f1alaron que Michoac\u00e1n forma parte de los 22 estados de la Rep\u00fablica que se niegan a reconocer que el aborto es un derecho de las mujeres mexicanas.<\/p>\n\n\n\n<p class=\"wp-block-paragraph\">Asimismo, la Asamblea de Mujeres Michoac\u00e1n, reafirm\u00f3 su postura a favor de la despenalizaci\u00f3n del aborto en todo el pa\u00eds; se\u00f1alaron que se tiene un gran desconocimiento respecto a los derechos reproductivos y sexuales de las mujeres por parte del Estado, por las diputadas y diputados del Congreso, el sector salud y la sociedad.<\/p>\n\n\n\n<figure class=\"wp-block-video\"><video height=\"352\" style=\"aspect-ratio: 640 \/ 352;\" width=\"640\" controls src=\"https:\/\/redsemlac.com\/semmexico\/wp-content\/uploads\/2022\/09\/WhatsApp-Video-2022-09-28-at-7.52.43-PM.mp4\"><\/video><\/figure>\n\n\n\n<p class=\"wp-block-paragraph\">Acusaron al Congreso michoacano de legislar bajo posturas morales y religiosas, con las cuales deja de lado los principios de laicidad, democracia y libertad. \u201cEsto lo observamos cuando se desechan y frenan las propuestas de ley para la despenalizaci\u00f3n del aborto dej\u00e1ndolas en la congeladora\u201d, expresaron.<\/p>\n\n\n\n<p class=\"wp-block-paragraph\">Advirtieron que permanecer\u00e1n vigilantes de la Asamblea, de las y los servidores p\u00fablicos, y como mujeres organizadas, no dar\u00e1n un paso atr\u00e1s para seguir exigiendo que cumplan con el trabajo de legislar a favor de las mujeres michoacanas.<\/p>\n","protected":false},"excerpt":{"rendered":"<p>Protestan mujeres en Michoac\u00e1n para exigir legislaci\u00f3n a favor del aborto.<\/p>\n","protected":false},"author":3,"featured_media":56659,"comment_status":"open","ping_status":"open","sticky":false,"template":"","format":"standard","meta":{"_monsterinsights_skip_tracking":false,"footnotes":""},"categories":[693,54],"tags":[664,149],"class_list":["post-56653","post","type-post","status-publish","format-standard","has-post-thumbnail","category-693","category-mujeres","tag-28s","tag-mujeres"],"_links":{"self":[{"href":"https:\/\/redsemlac.com\/semmexico\/wp-json\/wp\/v2\/posts\/56653","targetHints":{"allow":["GET"]}}],"collection":[{"href":"https:\/\/redsemlac.com\/semmexico\/wp-json\/wp\/v2\/posts"}],"about":[{"href":"https:\/\/redsemlac.com\/semmexico\/wp-json\/wp\/v2\/types\/post"}],"author":[{"embeddable":true,"href":"https:\/\/redsemlac.com\/semmexico\/wp-json\/wp\/v2\/users\/3"}],"replies":[{"embeddable":true,"href":"https:\/\/redsemlac.com\/semmexico\/wp-json\/wp\/v2\/comments?post=56653"}],"version-history":[{"count":0,"href":"https:\/\/redsemlac.com\/semmexico\/wp-json\/wp\/v2\/posts\/56653\/revisions"}],"wp:featuredmedia":[{"embeddable":true,"href":"https:\/\/redsemlac.com\/semmexico\/wp-json\/wp\/v2\/media\/56659"}],"wp:attachment":[{"href":"https:\/\/redsemlac.com\/semmexico\/wp-json\/wp\/v2\/media?parent=56653"}],"wp:term":[{"taxonomy":"category","embeddable":true,"href":"https:\/\/redsemlac.com\/semmexico\/wp-json\/wp\/v2\/categories?post=56653"},{"taxonomy":"post_tag","embeddable":true,"href":"https:\/\/redsemlac.com\/semmexico\/wp-json\/wp\/v2\/tags?post=56653"}],"curies":[{"name":"wp","href":"https:\/\/api.w.org\/{rel}","templated":true}]}}