{"id":56616,"date":"2022-09-28T10:14:36","date_gmt":"2022-09-28T16:14:36","guid":{"rendered":"https:\/\/redsemlac.com\/semmexico\/?p=56616"},"modified":"2023-07-21T19:17:39","modified_gmt":"2023-07-22T00:17:39","slug":"aunque-es-ley-veracruz-aun-tiene-pendientes-para-acceder-al-aborto-seguro-remufever","status":"publish","type":"post","link":"https:\/\/redsemlac.com\/semmexico\/aunque-es-ley-veracruz-aun-tiene-pendientes-para-acceder-al-aborto-seguro-remufever\/","title":{"rendered":"Aunque es ley, Veracruz a\u00fan tiene pendientes para acceder al aborto seguro: Remufever"},"content":{"rendered":"\n<p class=\"wp-block-paragraph\"><strong>Alba Alem\u00e1n<\/strong><\/p>\n\n\n\n<p class=\"wp-block-paragraph\">SemM\u00e9xico\/TestigoP\u00farpura, Veracruz, 28 de septiembre del 2022.- &nbsp;Aunque en Veracruz el aborto es legal hasta las 12 semanas, a\u00fan quedan muchas acciones por hacer, se\u00f1al\u00f3 la Red de Mujeres Feministas del Estado de Veracruz (Remufever) en el marco del&nbsp; 28 de septiembre, D\u00eda por la Despenalizaci\u00f3n del Aborto en Am\u00e9rica Latina.<\/p>\n\n\n\n<p class=\"wp-block-paragraph\">Por ello mandaron una lista de acciones que se deben de emprender de manera oportuna, como que haya medicamento (mifepristona y misoprostol) suficiente en cada uno de los hospitales para la atenci\u00f3n de calidad para las veracruzanas.<\/p>\n\n\n\n<p class=\"wp-block-paragraph\">Otra es que haya personal m\u00e9dico no objetor de conciencia en todos los hospitales de la entidad para que las mujeres sean atendidas sin esperas ni demoras y que todas las instancias del sector salud atiendan sin distinci\u00f3n a las mujeres derechohabientes y no derechohabientes en el acceso a la interrupci\u00f3n legal del embarazo.<\/p>\n\n\n\n<p class=\"wp-block-paragraph\">La Remufever indic\u00f3 que a un a\u00f1o y dos meses de que Veracruz se sumara a los estados que han reformado sus leyes para favorecer los derechos sexuales y reproductivos de las mujeres, a\u00fan quedan muchos pendientes.<\/p>\n\n\n\n<p class=\"wp-block-paragraph\">Se\u00f1alaron que la falta de capacitaci\u00f3n del personal de salud en hospitales, ha causado que mujeres opten por irse a cl\u00ednicas privadas o a otros estados a solicitar este servicio, sin embargo son minor\u00eda, ya que la mayor\u00eda de las mujeres del estado, sobre todo de sectores vulnerables, no cuentan con recursos para hacerlo.<\/p>\n\n\n\n<p class=\"wp-block-paragraph\">SEM\/MG<\/p>\n","protected":false},"excerpt":{"rendered":"<p>\u00a0Aunque en Veracruz el aborto es legal hasta las 12 semanas, a\u00fan quedan muchas acciones por hacer, se\u00f1al\u00f3 la Red de Mujeres Feministas del Estado de Veracruz (Remufever) en el marco del\u00a0 28 de septiembre, D\u00eda por la Despenalizaci\u00f3n del Aborto en Am\u00e9rica Latina.<\/p>\n","protected":false},"author":3,"featured_media":56617,"comment_status":"open","ping_status":"open","sticky":false,"template":"","format":"standard","meta":{"_monsterinsights_skip_tracking":false,"footnotes":""},"categories":[693,54],"tags":[664,149],"class_list":["post-56616","post","type-post","status-publish","format-standard","has-post-thumbnail","category-693","category-mujeres","tag-28s","tag-mujeres"],"_links":{"self":[{"href":"https:\/\/redsemlac.com\/semmexico\/wp-json\/wp\/v2\/posts\/56616","targetHints":{"allow":["GET"]}}],"collection":[{"href":"https:\/\/redsemlac.com\/semmexico\/wp-json\/wp\/v2\/posts"}],"about":[{"href":"https:\/\/redsemlac.com\/semmexico\/wp-json\/wp\/v2\/types\/post"}],"author":[{"embeddable":true,"href":"https:\/\/redsemlac.com\/semmexico\/wp-json\/wp\/v2\/users\/3"}],"replies":[{"embeddable":true,"href":"https:\/\/redsemlac.com\/semmexico\/wp-json\/wp\/v2\/comments?post=56616"}],"version-history":[{"count":0,"href":"https:\/\/redsemlac.com\/semmexico\/wp-json\/wp\/v2\/posts\/56616\/revisions"}],"wp:featuredmedia":[{"embeddable":true,"href":"https:\/\/redsemlac.com\/semmexico\/wp-json\/wp\/v2\/media\/56617"}],"wp:attachment":[{"href":"https:\/\/redsemlac.com\/semmexico\/wp-json\/wp\/v2\/media?parent=56616"}],"wp:term":[{"taxonomy":"category","embeddable":true,"href":"https:\/\/redsemlac.com\/semmexico\/wp-json\/wp\/v2\/categories?post=56616"},{"taxonomy":"post_tag","embeddable":true,"href":"https:\/\/redsemlac.com\/semmexico\/wp-json\/wp\/v2\/tags?post=56616"}],"curies":[{"name":"wp","href":"https:\/\/api.w.org\/{rel}","templated":true}]}}