{"id":56601,"date":"2022-09-28T07:46:08","date_gmt":"2022-09-28T13:46:08","guid":{"rendered":"https:\/\/redsemlac.com\/semmexico\/?p=56601"},"modified":"2023-07-21T19:17:40","modified_gmt":"2023-07-22T00:17:40","slug":"comision-de-trabajo-del-senado-aprueba-iniciativa-de-la-bancada-naranja-sobre-vacacionesdignas","status":"publish","type":"post","link":"https:\/\/redsemlac.com\/semmexico\/comision-de-trabajo-del-senado-aprueba-iniciativa-de-la-bancada-naranja-sobre-vacacionesdignas\/","title":{"rendered":"Comisi\u00f3n de Trabajo del Senado aprueba iniciativa de la Bancada Naranja sobre #VacacionesDignas"},"content":{"rendered":"\n<ul class=\"wp-block-list\"><li><strong>La iniciativa duplica de 6 a 12 d\u00edas de vacaciones a partir del primer a\u00f1o de trabajo.<\/strong><\/li><li><strong>\u201cEl d\u00eda de hoy vamos a romper una inercia muy injusta para las trabajadoras y los trabajadores de M\u00e9xico\u201d, expres\u00f3 la senadora Patricia Mercado.<\/strong><\/li><\/ul>\n\n\n\n<p class=\"wp-block-paragraph\"><strong>Redacci\u00f3n<\/strong><\/p>\n\n\n\n<p class=\"wp-block-paragraph\">SemM\u00e9xico, Ciudad de M\u00e9xico, 28 de septiembre del 2022.- La Comisi\u00f3n de Trabajo y Previsi\u00f3n Social del Senado de la Rep\u00fablica aprob\u00f3 por unanimidad, un dictamen que contiene la iniciativa de la Bancada Naranja, presentada por la senadora Patricia Mercado, en beneficio de los y las trabajadores del sector privado para duplicar de 6 a 12 d\u00edas de vacaciones a partir del primer a\u00f1o de trabajo.<\/p>\n\n\n\n<p class=\"wp-block-paragraph\">El dictamen, aprobado con 11 votos a favor, reforma los art\u00edculos 76 y 78 de la Ley Federal del Trabajo para establecer que las personas trabajadoras gozar\u00e1n de 12 d\u00edas de vacaciones a partir del primer a\u00f1o laboral y aumentar\u00e1n 2 d\u00edas por cada subsecuente a\u00f1o hasta llegar a 20 d\u00edas. Despu\u00e9s del quinto a\u00f1o, el periodo de vacaciones aumentar\u00e1 en dos d\u00edas por cada cinco de servicios.<\/p>\n\n\n\n<p class=\"wp-block-paragraph\">La senadora Patricia Mercado, promovente de esta iniciativa e integrante de la citada Comisi\u00f3n, celebr\u00f3 que con esta aprobaci\u00f3n se est\u00e1 rompiendo una inercia muy injusta hacia las personas trabajadoras, pues desde hace 50 a\u00f1os no se aumentaban los d\u00edas de vacaciones. \u201cEl d\u00eda de hoy vamos a romper una inercia muy injusta para las trabajadoras y los trabajadores de M\u00e9xico. Pasaron 50 a\u00f1os; primero 40 a\u00f1os tuvimos cuatro d\u00edas de vacaciones y en los \u00faltimos 50 a\u00f1os hemos tenido 6 d\u00edas de vacaciones, por eso decimos que realmente vamos a romper con una inercia que de ninguna manera reconoc\u00eda o reconoce ese gran esfuerzo de nuestros trabajadores mexicanos\u201d, expres\u00f3 la legisladora.<\/p>\n\n\n<div class=\"wp-block-image\">\n<figure class=\"aligncenter size-full is-resized\"><a href=\"https:\/\/redsemlac.com\/semmexico\/wp-content\/uploads\/2022\/09\/vacaciones-2.jpg\"><img loading=\"lazy\" decoding=\"async\" src=\"https:\/\/redsemlac.com\/semmexico\/wp-content\/uploads\/2022\/09\/vacaciones-2.jpg\" alt=\"\" class=\"wp-image-56602\" width=\"770\" height=\"514\"\/><\/a><\/figure>\n<\/div>\n\n\n<p class=\"wp-block-paragraph\">\u201cSe normaliz\u00f3 durante casi un siglo en nuestro pa\u00eds que ten\u00edamos que pasar el mayor n\u00famero de horas posibles en los centros de trabajo, con salarios depreciados y los periodos vacacionales m\u00e1s cortos del mundo, por no hablar de las altas tasas de informalidad. Somos el pa\u00eds que m\u00e1s horas trabaja y que menos vacaciones tiene\u201d, se\u00f1al\u00f3.<\/p>\n\n\n\n<p class=\"wp-block-paragraph\">Destac\u00f3 que son las nuevas generaciones quienes empezaron a levantar la voz, de manera espont\u00e1nea en las redes sociales, para exigir #VacacionesDignasYa, lo cual es muy alentador. De igual manera, reconoci\u00f3 a las organizaciones empresariales por haber dado su respaldo a esta iniciativa tras el Parlamento Abierto realizado en marzo pasado en esta C\u00e1mara de Senadores, as\u00ed como a las organizaciones de la sociedad civil que la acompa\u00f1aron y al diputado de la Bancada Naranja, Sergio Barrera promotor de la iniciativa en la C\u00e1mara de Diputados.<\/p>\n\n\n\n<p class=\"wp-block-paragraph\">Aunque la Organizaci\u00f3n Internacional del Trabajo (OIT) recomienda 18 d\u00edas de vacaciones desde el primer a\u00f1o de trabajo, la senadora Mercado destac\u00f3 que la iniciativa aprobada hoy en la Comisi\u00f3n de Trabajo y Previsi\u00f3n Social del Senado de la Rep\u00fablica es un paso muy importante. \u201cA\u00fan no llegamos al ideal. Nos debe quedar muy claro: es apenas el comienzo de un proceso que ya no puede detenerse, para reconocer la generaci\u00f3n de derechos laborales que la nueva realidad nos reclama y tambi\u00e9n para lograr los mecanismos que nos lleven a sumar cada vez a m\u00e1s trabajadoras y trabajadores a la formalidad, para el goce pleno de sus derechos\u201d, se\u00f1al\u00f3.<\/p>\n\n\n\n<p class=\"wp-block-paragraph\">En su oportunidad Napole\u00f3n G\u00f3mez Urrutia se\u00f1al\u00f3 que actualmente s\u00f3lo se otorgan seis d\u00edas de vacaciones pagadas al primer a\u00f1o de trabajo, lo que representa un n\u00famero muy bajo en comparaci\u00f3n de la situaci\u00f3n de otros pa\u00edses de Latinoam\u00e9rica y del resto del mundo.<\/p>\n\n\n\n<p class=\"wp-block-paragraph\">\u00c9se es el caso de Per\u00fa, Cuba, Nicaragua y Brasil, donde las y los trabajadores tienen derecho a 30 d\u00edas de vacaciones pagadas. En Rusia, un trabajador tiene derecho a 28 d\u00edas laborales de vacaciones pagadas; o bien, en Espa\u00f1a con 22 d\u00edas de vacaciones pagadas, destac\u00f3.<\/p>\n\n\n\n<figure class=\"wp-block-embed is-type-video is-provider-youtube wp-block-embed-youtube wp-embed-aspect-16-9 wp-has-aspect-ratio\"><div class=\"wp-block-embed__wrapper\">\n<iframe loading=\"lazy\" title=\"Senador Jos\u00e9 Alfredo Botello Montes, en la discusi\u00f3n de un dictamen en materia de vacaciones dignas\" width=\"696\" height=\"392\" src=\"https:\/\/www.youtube.com\/embed\/aEophcbzGT8?feature=oembed\" frameborder=\"0\" allow=\"accelerometer; autoplay; clipboard-write; encrypted-media; gyroscope; picture-in-picture; web-share\" referrerpolicy=\"strict-origin-when-cross-origin\" allowfullscreen><\/iframe>\n<\/div><\/figure>\n\n\n\n<p class=\"wp-block-paragraph\">\u201cEs preocupante que M\u00e9xico se encuentre al final de la lista como el \u00fanico que contempla menos de 10 d\u00edas de vacaciones pagadas para sus trabajadores. Esta caracter\u00edstica es una de las muchas razones por las que la Organizaci\u00f3n Internacional del Trabajo le da a M\u00e9xico una baja calificaci\u00f3n en materia de derechos laborales\u201d, coment\u00f3.<\/p>\n\n\n\n<p class=\"wp-block-paragraph\">El senador dijo que el dictamen todav\u00eda se tiene que avalar en la Comisi\u00f3n de Estudios Legislativos, Segunda, para continuar su tr\u00e1mite correspondiente.<\/p>\n\n\n\n<p class=\"wp-block-paragraph\">La Comisi\u00f3n de Trabajo y Previsi\u00f3n Social tambi\u00e9n aprob\u00f3 un dictamen para reformar los art\u00edculos 3, 25 y 512 de la Ley Federal del Trabajo, para garantizar el derecho humano a la salud mental en el trabajo, a trav\u00e9s de jornadas laborales de salud mental dos veces por a\u00f1o.<\/p>\n\n\n\n<p class=\"wp-block-paragraph\">G\u00f3mez Urrutia propuso que esas jornadas sean realizadas por profesionales de salud mental y que los patrones no las registren como jornadas laborales. El documento fue aprobado en votaci\u00f3n un\u00e1nime.&nbsp;<\/p>\n\n\n\n<p class=\"wp-block-paragraph\">Reconoci\u00f3, tambi\u00e9n, el esfuerzo y trabajo que realizaron las y los senadores Patricia Mercado Castro, de Movimiento Ciudadano; Sasil de Le\u00f3n Villard, del PES; Geovanna del Carmen Ba\u00f1uelos de la Torre, del PT; Bertha Alicia Caraveo Camarena y Ricardo Vel\u00e1zquez Meza, de Morena.<\/p>\n\n\n\n<p class=\"wp-block-paragraph\">Adem\u00e1s, las y los senadores avalaron una reforma a diversos ordenamientos, para otorgar a las mujeres trabajadoras condiciones dignas, adecuadas, privadas, higi\u00e9nicas, accesibles y seguras para lactar en los centros de trabajo.<\/p>\n\n\n\n<p class=\"wp-block-paragraph\">SEM\/MG<\/p>\n","protected":false},"excerpt":{"rendered":"<p>La iniciativa duplica de 6 a 12 d\u00edas de vacaciones a partir del primer a\u00f1o de trabajo.<\/p>\n","protected":false},"author":3,"featured_media":56603,"comment_status":"open","ping_status":"open","sticky":false,"template":"","format":"standard","meta":{"_monsterinsights_skip_tracking":false,"footnotes":""},"categories":[693,50],"tags":[],"class_list":["post-56601","post","type-post","status-publish","format-standard","has-post-thumbnail","category-693","category-congreso"],"_links":{"self":[{"href":"https:\/\/redsemlac.com\/semmexico\/wp-json\/wp\/v2\/posts\/56601","targetHints":{"allow":["GET"]}}],"collection":[{"href":"https:\/\/redsemlac.com\/semmexico\/wp-json\/wp\/v2\/posts"}],"about":[{"href":"https:\/\/redsemlac.com\/semmexico\/wp-json\/wp\/v2\/types\/post"}],"author":[{"embeddable":true,"href":"https:\/\/redsemlac.com\/semmexico\/wp-json\/wp\/v2\/users\/3"}],"replies":[{"embeddable":true,"href":"https:\/\/redsemlac.com\/semmexico\/wp-json\/wp\/v2\/comments?post=56601"}],"version-history":[{"count":0,"href":"https:\/\/redsemlac.com\/semmexico\/wp-json\/wp\/v2\/posts\/56601\/revisions"}],"wp:featuredmedia":[{"embeddable":true,"href":"https:\/\/redsemlac.com\/semmexico\/wp-json\/wp\/v2\/media\/56603"}],"wp:attachment":[{"href":"https:\/\/redsemlac.com\/semmexico\/wp-json\/wp\/v2\/media?parent=56601"}],"wp:term":[{"taxonomy":"category","embeddable":true,"href":"https:\/\/redsemlac.com\/semmexico\/wp-json\/wp\/v2\/categories?post=56601"},{"taxonomy":"post_tag","embeddable":true,"href":"https:\/\/redsemlac.com\/semmexico\/wp-json\/wp\/v2\/tags?post=56601"}],"curies":[{"name":"wp","href":"https:\/\/api.w.org\/{rel}","templated":true}]}}