{"id":56592,"date":"2022-09-28T07:16:38","date_gmt":"2022-09-28T13:16:38","guid":{"rendered":"https:\/\/redsemlac.com\/semmexico\/?p=56592"},"modified":"2023-07-21T19:17:40","modified_gmt":"2023-07-22T00:17:40","slug":"toma-protesta-el-comite-501-juvenil-en-chiapas-bajo-la-dirigencia-de-la-joven-pilar-zenteno-maza","status":"publish","type":"post","link":"https:\/\/redsemlac.com\/semmexico\/toma-protesta-el-comite-501-juvenil-en-chiapas-bajo-la-dirigencia-de-la-joven-pilar-zenteno-maza\/","title":{"rendered":"Toma protesta el comit\u00e9 50+1 juvenil en Chiapas, bajo la dirigencia de la joven Pilar Zenteno Maza"},"content":{"rendered":"\n<ul class=\"wp-block-list\"><li><strong>Las j\u00f3venes se organizan en comisiones para prevenir la violencia de g\u00e9nero.<\/strong><\/li><\/ul>\n\n\n\n<p class=\"wp-block-paragraph\"><strong>Gabriela Couti\u00f1o<\/strong><\/p>\n\n\n\n<p class=\"wp-block-paragraph\">SemM\u00e9xico, Tuxtla Guti\u00e9rrez, Chiapas, 28 de septiembre del 2022.-&nbsp; Con una diversidad de j\u00f3venes que convergen en una demanda central: alto a todas las formas de violencia contra las mujeres en todos los espacios, tom\u00f3 protesta el comit\u00e9 Chiapas 50+1 Juvenil este martes bajo la dirigencia de Pilar Zenteno Maza.<\/p>\n\n\n\n<p class=\"wp-block-paragraph\">Las nuevas voces, se organizaron en comisiones para visibilizar y denunciar la violencia y para la creaci\u00f3n de proyectos.<\/p>\n\n\n\n<p class=\"wp-block-paragraph\">\u201cLas mujeres de la nueva ola feminista, exigen una vida libre de violencia, pero no s\u00f3lo es una demanda, tambi\u00e9n trabajan para hacerla realidad\u201d, dijo Alma Rosa Cari\u00f1o Pozo, presidenta de 50+1 Chiapas al tomar la protesta.<\/p>\n\n\n\n<p class=\"wp-block-paragraph\">Katerine Esparza de 50+1 juvenil nacional, entreg\u00f3 a cada una de las j\u00f3venes certificados que las acredita como integrantes de la agrupaci\u00f3n y esta red de apoyo, pero que adem\u00e1s se conviertan en activistas feministas.<\/p>\n\n\n\n<figure class=\"wp-block-gallery has-nested-images columns-default is-cropped wp-block-gallery-1 is-layout-flex wp-block-gallery-is-layout-flex\">\n<figure class=\"wp-block-image size-large\"><a href=\"https:\/\/redsemlac.com\/semmexico\/wp-content\/uploads\/2022\/09\/cincuienta-2.jpg\"><img loading=\"lazy\" decoding=\"async\" width=\"1350\" height=\"1013\" data-id=\"56596\" src=\"https:\/\/redsemlac.com\/semmexico\/wp-content\/uploads\/2022\/09\/cincuienta-2.jpg\" alt=\"\" class=\"wp-image-56596\"\/><\/a><\/figure>\n\n\n\n<figure class=\"wp-block-image size-large\"><a href=\"https:\/\/redsemlac.com\/semmexico\/wp-content\/uploads\/2022\/09\/cincuenta-4.jpg\"><img loading=\"lazy\" decoding=\"async\" width=\"1350\" height=\"1013\" data-id=\"56595\" src=\"https:\/\/redsemlac.com\/semmexico\/wp-content\/uploads\/2022\/09\/cincuenta-4.jpg\" alt=\"\" class=\"wp-image-56595\"\/><\/a><\/figure>\n\n\n\n<figure class=\"wp-block-image size-large\"><a href=\"https:\/\/redsemlac.com\/semmexico\/wp-content\/uploads\/2022\/09\/cincuenta-1.jpg\"><img loading=\"lazy\" decoding=\"async\" width=\"1350\" height=\"1013\" data-id=\"56593\" src=\"https:\/\/redsemlac.com\/semmexico\/wp-content\/uploads\/2022\/09\/cincuenta-1.jpg\" alt=\"\" class=\"wp-image-56593\"\/><\/a><\/figure>\n<\/figure>\n\n\n\n<p class=\"wp-block-paragraph\">Vicepresidenta Paola Gamboa Iturbe; responsable de formaci\u00f3n pol\u00edtica, Mar\u00eda Jos\u00e9 Moreno; de capacitaci\u00f3n, Andrea Negr\u00f3n; medio ambiente, Cecilia Morales; violencia de g\u00e9nero, Cinthya Ovando; dise\u00f1o y medios de comunicaci\u00f3n, Ileana Zenteno; imagen, Daniela Alcazar; salud, Dalila S\u00e1nchez; emprendimiento, Elizabeth Pfeiffeer; enlace legislativo, Ana Sof\u00eda Calder\u00f3n; diversidad sexual, Alejandra Coello; Carolina Moscoso, defensor\u00eda de derechos humanos.<\/p>\n\n\n\n<p class=\"wp-block-paragraph\">Al comit\u00e9 tambi\u00e9n se unieron las activistas juveniles de los municipios de Jiquipilas y Villaflores, Lilia Moguel y Thal\u00eda Ruiz.<\/p>\n\n\n\n<p class=\"wp-block-paragraph\">En el evento, Claudia Trujillo, secretaria t\u00e9cnica de 50+1, pidi\u00f3 a las j\u00f3venes mantenerse unidas; \u201cque nos una nuestras convergencias, y no nos divida nuestras diferencias; hay mucho m\u00e1s que se puede hacer estando unidas, y vamos unidad hacia adelante\u201d, dijo a darles la bienvenida.<\/p>\n\n\n\n<p class=\"wp-block-paragraph\">En Chiapas, diversos movimientos feministas exigen demandas que incluyen derechos de las mujeres, la igualdad, freno a la violencia machista y pol\u00edtica, al machismo, la misoginia, el derecho a decidir por la maternidad, alto a los feminicidios, uno de los actos que ha estado presente en los \u00faltimos d\u00edas.<\/p>\n\n\n\n<p class=\"wp-block-paragraph\">SEM\/MG<\/p>\n","protected":false},"excerpt":{"rendered":"<p>Las j\u00f3venes se organizan en comisiones para prevenir la violencia de g\u00e9nero.<\/p>\n","protected":false},"author":3,"featured_media":56594,"comment_status":"open","ping_status":"open","sticky":false,"template":"","format":"standard","meta":{"_monsterinsights_skip_tracking":false,"footnotes":""},"categories":[693,54],"tags":[],"class_list":["post-56592","post","type-post","status-publish","format-standard","has-post-thumbnail","category-693","category-mujeres"],"_links":{"self":[{"href":"https:\/\/redsemlac.com\/semmexico\/wp-json\/wp\/v2\/posts\/56592","targetHints":{"allow":["GET"]}}],"collection":[{"href":"https:\/\/redsemlac.com\/semmexico\/wp-json\/wp\/v2\/posts"}],"about":[{"href":"https:\/\/redsemlac.com\/semmexico\/wp-json\/wp\/v2\/types\/post"}],"author":[{"embeddable":true,"href":"https:\/\/redsemlac.com\/semmexico\/wp-json\/wp\/v2\/users\/3"}],"replies":[{"embeddable":true,"href":"https:\/\/redsemlac.com\/semmexico\/wp-json\/wp\/v2\/comments?post=56592"}],"version-history":[{"count":0,"href":"https:\/\/redsemlac.com\/semmexico\/wp-json\/wp\/v2\/posts\/56592\/revisions"}],"wp:featuredmedia":[{"embeddable":true,"href":"https:\/\/redsemlac.com\/semmexico\/wp-json\/wp\/v2\/media\/56594"}],"wp:attachment":[{"href":"https:\/\/redsemlac.com\/semmexico\/wp-json\/wp\/v2\/media?parent=56592"}],"wp:term":[{"taxonomy":"category","embeddable":true,"href":"https:\/\/redsemlac.com\/semmexico\/wp-json\/wp\/v2\/categories?post=56592"},{"taxonomy":"post_tag","embeddable":true,"href":"https:\/\/redsemlac.com\/semmexico\/wp-json\/wp\/v2\/tags?post=56592"}],"curies":[{"name":"wp","href":"https:\/\/api.w.org\/{rel}","templated":true}]}}