{"id":56590,"date":"2022-09-28T07:10:46","date_gmt":"2022-09-28T13:10:46","guid":{"rendered":"https:\/\/redsemlac.com\/semmexico\/?p=56590"},"modified":"2023-07-21T19:17:41","modified_gmt":"2023-07-22T00:17:41","slug":"bellas-y-airosas-angelica-maria-78-anos","status":"publish","type":"post","link":"https:\/\/redsemlac.com\/semmexico\/bellas-y-airosas-angelica-maria-78-anos\/","title":{"rendered":"Bellas y Airosas| Ang\u00e9lica Mar\u00eda\u2026 78 a\u00f1os"},"content":{"rendered":"\n<p class=\"wp-block-paragraph\"><strong>Elvira Hern\u00e1ndez Carballido<\/strong><\/p>\n\n\n\n<pre class=\"wp-block-verse has-text-align-center\"><strong><em>Es preciosa la casita\nY la gente presente y formal que hay aqu\u00ed:\n\u00a1Sus prejuicios tan hip\u00f3critas me enferman!\n\u00a1Su dinero y sus costumbres me dan risa!\n\u00a1Lucen falsas siempre todas sus sonrisas!\n\u00a1Que triste sociedad!\nLes ofrezco mi desprecio\nY deseo se destruya su cruel mundo\nDecadente, triste y fugaz..<\/em><\/strong>.\n<\/pre>\n\n\n\n<p class=\"wp-block-paragraph\">SemM\u00e9xico, Pachuca, Hidalgo, 28 de septiembre del 2022.- Estas estrofas fueron interpretadas por Ang\u00e9lica Mar\u00eda en la pel\u00edcula que ella misma considera ha sido una de las mejores que film\u00f3: \u201cCinco de chocolate y uno de fresa\u201d (1967) donde rompi\u00f3 con el estereotipo de la novia eterna de M\u00e9xico, virginal e ingenua, representando un personaje femenino en tres Brenda\/Esperanza\/Domitila en una historia psicod\u00e9lica y provocadora, pues ella ser\u00e1 una chava de onda, desinhibida y audaz, sobre todo, luego de probar unos hongos tra\u00eddos de Oaxaca. Tal vez por eso, es raro que la transmitan en la tele y una se tenga que conformar con verla por YouTube.<\/p>\n\n\n\n<p class=\"wp-block-paragraph\">Este 27 de septiembre ella cumpli\u00f3 78 a\u00f1os, pero sigue igual de espl\u00e9ndida que desde sus inicios, cuando era solamente una ni\u00f1a que actu\u00f3 en cintas con Pedro Infante, Arturo de C\u00f3rdova y otros grandes del cine de la \u00e9poca de oro.<\/p>\n\n\n\n<p class=\"wp-block-paragraph\">Adolescente decidi\u00f3 probar suerte como cantante donde adem\u00e1s de las baladas rom\u00e1nticas que le escrib\u00eda Armando Manzanero, tambi\u00e9n trat\u00f3 de contraponerse a las otras melod\u00edas que estereotipaban a las chicas de la \u00e9poca por lo que le cantaba a Johnny el enoj\u00f3n, al chavo fortach\u00f3n o a Edy pr\u00edncipe azul. Sus \u00e9xitos la convirtieron en la preferida de esa \u00e9poca junto con C\u00e9sar Costa, Alberto V\u00e1zquez y Enrique Guzm\u00e1n, con quienes por cierto hizo pel\u00edculas color de rosa, hasta que rompi\u00f3 con los prejuicios, primero con \u201cCinco de fresa y uno de chocolate\u201d, m\u00e1s tarde con \u201cLa verdadera vocaci\u00f3n de Magdalena\u201d (1971), filme donde la dirigi\u00f3 Jaime Humberto Hermosillo, e incluso con \u201cEl premio nobel del amor\u201d (1976) donde era una muchacha que deseaba ser cient\u00edfica e inventaba cosas muy raras. &nbsp;<\/p>\n\n\n\n<p class=\"wp-block-paragraph\">Nunca olvidar\u00e9 el d\u00eda que la vi en persona, cerca de los estudios Churubusco, en un restaurante contiguo a la Cineteca Nacional, en 1976. \u00a1Qu\u00e9 hermosa! Recuerdo muy bien ese rostro con poco maquillaje, esa sonrisa generosa, ese color de piel de estrella de cine. Fue muy bondadosa, yo iba con mis amigas, est\u00e1bamos en la secundaria, y Ang\u00e9lica nos invit\u00f3 a tomar una limonada y respondi\u00f3 a todas nuestras preguntas. Adem\u00e1s, nos present\u00f3 a su novio, nos dio su aut\u00f3grafo, pero muy discreta solicit\u00f3 que tambi\u00e9n su novio, Ra\u00fal Vale, firmara la servilleta donde ella hab\u00eda estampado su firma y unas palabras cari\u00f1osas. En ese entonces era Ana del Aire, personaje de su exitosa telenovela, cuyo tema tambi\u00e9n delataba algo diferente para ver en la tele de aquellos tiempos:<\/p>\n\n\n\n<pre class=\"wp-block-verse has-text-align-center\"><strong><em>Tengo la voz libre,\r\ny en mi nombre de mujer,\r\nen los labios\r\ntengo alas de brisa,\r\nhorizontes\r\nde pensamiento.\r\nTengo un camino\r\nen el viento de cada ma\u00f1ana,\r\ntengo entre mis manos,\r\nla verdad de ser libre, libre,\r\nme llamo Ana del Aire.\r<\/em><\/strong><\/pre>\n\n\n\n<p class=\"wp-block-paragraph\">Por supuesto, me fascin\u00f3 saber que tuvo una linda relaci\u00f3n con mi escritor favorito, Jos\u00e9 Agust\u00edn, quien recuper\u00f3 parte de esa historia en su autobiograf\u00eda \u201cEl rock de la c\u00e1rcel\u201d, la describe con verdadero cari\u00f1o y recuerda que trat\u00f3 de filmar su novela \u201cDe Perfil\u201d y que Ang\u00e9lica interpretara a Raquelita, el personaje femenino de la historia, quien tambi\u00e9n era una cantante de moda -incluso dijeron que se hab\u00eda inspirado en ella o en Julissa para escribirlo. Nunca se concret\u00f3 el plan, pero filmaron otra cinta rara y provocadora titulada \u201cYa s\u00e9 qui\u00e9n eres (te he estado observando)\u201d (1970), que nunca lo dej\u00f3 satisfecho. Una vez, \u00e9l escribi\u00f3: \u201cMi encuentro con la novia. . .&nbsp; desde 1967 a 1972\u201d:<\/p>\n\n\n\n<p class=\"wp-block-paragraph\">\u201cAng\u00e9lica Mar\u00eda tiene el pelo rizado al natural. De ah\u00ed empieza la conversaci\u00f3n sobre su nueva moda y su forma tan particular de vestir, la noche se hace amena y nos empezamos a sentir m\u00e1s confiados y platicamos, sobre su carrera y sus proyectos. . . Ang\u00e9lica tiene muchas pecas lo cual permite que se le haga alg\u00fan chiste sobre su origen estadounidense y seg\u00fan yo las pecas lo corroboran, pero mis chistes sobre su gringuez no le caen muy bien. Claro que soy mexicana, aclara con pasi\u00f3n. Soy m\u00e1s mexicana que tu idiota\u2026 y desde ese momento se rompe el desencanto que me cegaba a poder estar junto a ella y aparece la mujer que enamora a cualquier ser humano&#8230;&nbsp; Cuando est\u00e1 en el escenario agarra su pat\u00edn y no hay quien la detenga, se entrega por completo vive el momento con toda la intensidad, canta como reina &#8211; es la mejor cantante que hay en M\u00e9xico &#8211; y el p\u00fablico se transfigura, y es posesionado por su encanto por completo. Ang\u00e9lica Mar\u00eda se vuelve un mundo de ternura, de pasi\u00f3n, de comprensi\u00f3n, de tolerancia de amor verdadero, complejo, intenso y contradictorio.\u201d<\/p>\n\n\n\n<p class=\"wp-block-paragraph\">Considero que los estudios e investigaciones sobre personajes de estos escenarios cinematogr\u00e1ficos y de espect\u00e1culos han hecho poca justicia y reconocimiento a la gran trayectoria de Ang\u00e9lica Mar\u00eda. Ella hizo peliculas representativas que rompieron prejuicios, realiz\u00f3 telenovelas donde sin problema alguno interpret\u00f3 desde la joven damisela hasta la mam\u00e1 madura, y produjo obras de teatro de gran \u00e9xito como Gigi, adem\u00e1s de sus \u00e9xitos musicales. Por cierto, ella fue de las primeras, sino la primera, en creer en Juan Gabriel y le grab\u00f3 \u201cT\u00fa sigues siendo el mismo\u201d, que inaugur\u00f3 un nuevo g\u00e9nero musical: la balada ranchera.<\/p>\n\n\n\n<p class=\"wp-block-paragraph\">Yo he seguido con verdadero inter\u00e9s su carrrera, el nacimiento de su \u00fanica hija, la manera tan sutil en que trat\u00f3 el tema de su divorcio, que se r\u00eda de su edad y no deje de trabajar, ya sea evocando esas viejas canciones o realizando nuevas producciones con Angeliquita Vale. Ya es abuela y habla con verdadero amor de sus nietos. Posiblemente por ello, fue la voz en la reconocida pel\u00edcula de Disney \u201cCoco\u201d y es la abuelita Elena.<\/p>\n\n\n\n<p class=\"wp-block-paragraph\">Ang\u00e9lica Mar\u00eda, hija de una mujer que le hered\u00f3 su seguridad e independencia -Ang\u00e9lica Ortiz, productora de teatro-, ha inspirado a escritores como Luis Zapata, tuvo un romance con Bono de U2 en 1992, fue vetada por Televisa y venci\u00f3 al c\u00e1ncer de seno. Ang\u00e9lica Mar\u00eda, cuya voz seguimos escuchando. Felices 78 a\u00f1os, novia de M\u00e9xico.<\/p>\n","protected":false},"excerpt":{"rendered":"<p>Estas estrofas fueron interpretadas por Ang\u00e9lica Mar\u00eda en la pel\u00edcula que ella misma considera ha sido una de las mejores que film\u00f3: \u201cCinco de chocolate y uno de fresa\u201d <\/p>\n","protected":false},"author":3,"featured_media":31337,"comment_status":"open","ping_status":"open","sticky":false,"template":"","format":"standard","meta":{"_monsterinsights_skip_tracking":false,"footnotes":""},"categories":[693,201,202,35],"tags":[],"class_list":["post-56590","post","type-post","status-publish","format-standard","has-post-thumbnail","category-693","category-bellas-y-airosas","category-elvira-hernandez-carballido","category-opinion"],"_links":{"self":[{"href":"https:\/\/redsemlac.com\/semmexico\/wp-json\/wp\/v2\/posts\/56590","targetHints":{"allow":["GET"]}}],"collection":[{"href":"https:\/\/redsemlac.com\/semmexico\/wp-json\/wp\/v2\/posts"}],"about":[{"href":"https:\/\/redsemlac.com\/semmexico\/wp-json\/wp\/v2\/types\/post"}],"author":[{"embeddable":true,"href":"https:\/\/redsemlac.com\/semmexico\/wp-json\/wp\/v2\/users\/3"}],"replies":[{"embeddable":true,"href":"https:\/\/redsemlac.com\/semmexico\/wp-json\/wp\/v2\/comments?post=56590"}],"version-history":[{"count":0,"href":"https:\/\/redsemlac.com\/semmexico\/wp-json\/wp\/v2\/posts\/56590\/revisions"}],"wp:featuredmedia":[{"embeddable":true,"href":"https:\/\/redsemlac.com\/semmexico\/wp-json\/wp\/v2\/media\/31337"}],"wp:attachment":[{"href":"https:\/\/redsemlac.com\/semmexico\/wp-json\/wp\/v2\/media?parent=56590"}],"wp:term":[{"taxonomy":"category","embeddable":true,"href":"https:\/\/redsemlac.com\/semmexico\/wp-json\/wp\/v2\/categories?post=56590"},{"taxonomy":"post_tag","embeddable":true,"href":"https:\/\/redsemlac.com\/semmexico\/wp-json\/wp\/v2\/tags?post=56590"}],"curies":[{"name":"wp","href":"https:\/\/api.w.org\/{rel}","templated":true}]}}