{"id":56580,"date":"2022-09-28T07:01:01","date_gmt":"2022-09-28T13:01:01","guid":{"rendered":"https:\/\/redsemlac.com\/semmexico\/?p=56580"},"modified":"2023-07-21T19:17:41","modified_gmt":"2023-07-22T00:17:41","slug":"a-pesar-que-el-aborto-es-legal-en-guerrero-sigue-siendo-penalizado-reforma-en-letras-muertas","status":"publish","type":"post","link":"https:\/\/redsemlac.com\/semmexico\/a-pesar-que-el-aborto-es-legal-en-guerrero-sigue-siendo-penalizado-reforma-en-letras-muertas\/","title":{"rendered":"A pesar que el aborto es legal en Guerrero, sigue siendo penalizado; reforma en letras muertas"},"content":{"rendered":"\n<ul class=\"wp-block-list\"><li><strong>Llevar informaci\u00f3n pertinente, suficiente y adecuada a las comunidades rurales, campesinas, ind\u00edgenas y afromexicanas sobre el tema de interrupci\u00f3n legal del embarazo y de violencias, recomienda el colectivo Siempre Vivas del Sur.<\/strong><strong><\/strong><\/li><li><strong>Que los profesionales de la salud sean capacitados debidamente, y no antepongan sus creencias religiosas ante la salud y vida de las mujeres; solicitan.<\/strong><strong><\/strong><\/li><\/ul>\n\n\n\n<p class=\"wp-block-paragraph\"><strong>Josefina Aguilar Pastor<\/strong><\/p>\n\n\n\n<p class=\"wp-block-paragraph\">SemM\u00e9xico, Chilpancingo, Guerrero, 28 de septiembre del 2022.- Tras se\u00f1alar que el aborto no ha sido despenalizado en el Estado de Guerrero, solo se legaliz\u00f3, y que a\u00fan falta mucho para lograr el pleno derecho de las mujeres a decidir sobre sus cuerpos, integrantes de la organizaci\u00f3n \u201cSiempre Vivas del Sur\u201d, presentaron una serie de recomendaciones dirigidas al Poder Legislativo y llamaron al Ejecutivo, a destinar los recursos suficientes, y la reforma no quede en letra muerta.<\/p>\n\n\n\n<p class=\"wp-block-paragraph\">En el marco del <em>D\u00eda de Acci\u00f3n Global por la Despenalizaci\u00f3n del Aborto<\/em>, Liduvina Gallardo Suastegui, Lourdes Ju\u00e1rez D\u00edaz, Olga Madeline Cuevas Villanueva y Yuridia Mendoza Chino, ofrecieron una conferencia de prensa, en la que presentaron un informe de la Sistematizaci\u00f3n de la Despenalizaci\u00f3n Social del Aborto en Guerrero, Prevenci\u00f3n, Atenci\u00f3n y Erradicaci\u00f3n, que contiene una serie de recomendaciones para los tres poderes.<\/p>\n\n\n\n<p class=\"wp-block-paragraph\">Entre dichas recomendaciones mencionaron; informar a la ciudadan\u00eda en general en qu\u00e9 consiste haber legalizado el aborto en Guerrero: llevar informaci\u00f3n pertinente, suficiente y adecuada a las comunidades rurales, campesinas, ind\u00edgenas y afromexicanas sobre el tema de interrupci\u00f3n legal del embarazo y de violencias, dado que pese a tener dos Alertas de Violencia de G\u00e9nero, no se ha llevado informaci\u00f3n clara sobre violencias contra las mujeres y las afectaciones sobre la salud f\u00edsica y mental.<\/p>\n\n\n\n<p class=\"wp-block-paragraph\">Reformar la ley de salud que incluya lo establecido en la Norma 046, para permitir a las mujeres, que soliciten una interrupci\u00f3n del embarazo, recibir atenci\u00f3n sensible, emp\u00e1tica y digna, que, adem\u00e1s, sea realmente integral, para que se atienda la parte emocional, a fin de que las v\u00edctimas de violencia sexual vivan los procesos de sanaci\u00f3n a trav\u00e9s de distintas herramientas como la danzaterapia, la escritura art\u00edstica y el arte en general o actividades que permitan la canalizaci\u00f3n de la herida.&nbsp;<\/p>\n\n\n\n<p class=\"wp-block-paragraph\">Reglamentar para que no exista objeci\u00f3n de consciencia en profesionales de la salud y sean capacitados debidamente, y no antepongan sus creencias religiosas ante la salud y vida de las mujeres; solicitan.<\/p>\n\n\n\n<p class=\"wp-block-paragraph\">Que el poder legislativo asigne los presupuestos necesarios que garanticen la atenci\u00f3n hospitalaria por interrupci\u00f3n de aborto de calidad y calidez y con los insumos que se necesiten: medicamentos, personal e infraestructura suficiente, oportuna y adecuada.&nbsp;<\/p>\n\n\n\n<figure class=\"wp-block-image size-large\"><a href=\"https:\/\/redsemlac.com\/semmexico\/wp-content\/uploads\/2022\/09\/WhatsApp-Image-2022-09-28-at-9.18.33-AM.jpeg\"><img decoding=\"async\" src=\"https:\/\/redsemlac.com\/semmexico\/wp-content\/uploads\/2022\/09\/WhatsApp-Image-2022-09-28-at-9.18.33-AM-1024x768.jpeg\" alt=\"\" class=\"wp-image-56582\"\/><\/a><\/figure>\n\n\n\n<p class=\"wp-block-paragraph\">Reformar la Ley de Educaci\u00f3n que permita una adecuada, oportuna y suficiente educaci\u00f3n sexual en todos los niveles educativos, a fin de modificar patrones socioculturales que lesionan a las mujeres con el delito de agresi\u00f3n sexual tanto en los \u00e1mbitos privados como p\u00fablicos.&nbsp;<\/p>\n\n\n\n<p class=\"wp-block-paragraph\">As\u00ed como erradicar la estigmatizaci\u00f3n de mujeres que deciden abortar sea por elecci\u00f3n, por salud; reformar leyes relacionadas con la procuraci\u00f3n de justicia para las mujeres que encuentran obst\u00e1culos en la solicitud de interrupci\u00f3n de embarazo, para quienes son obligadas a abortar o que abortan por consecuencia de violencias.<\/p>\n\n\n\n<p class=\"wp-block-paragraph\">Las activistas, se\u00f1alaron que legalizar la interrupci\u00f3n del embarazo no es suficiente, ante la ineficiente operatividad institucional que toma las leyes en letra muerta, \u201cdecimos que no es suficiente la legalizaci\u00f3n del aborto en Guerrero, porque (\u2026)como muchas culturas, patriarcales del mundo, la guerrerense tiene patrones de conducta sustentados en creencias religiosas que les hace pensar en el aborto como sin\u00f3nimo de desenfreno sexual de las mujeres -solo de las mujeres- de pecado, irresponsabilidad y libertinaje\u201d.<\/p>\n\n\n\n<p class=\"wp-block-paragraph\">En Guerrero, la pr\u00e1ctica del aborto es rechazada no solo por la gente com\u00fan, sino por tomadores\/as de decisiones gubernamentales, legisladores\/as, operadores\/as de servicio de justicia, educaci\u00f3n, salud, anteponiendo su perspectiva de privilegio a la vida de las mujeres, apuntaron.<\/p>\n\n\n\n<p class=\"wp-block-paragraph\">Finalmente, hicieron un llamado a los diputados y diputadas, concretar las reformas que a\u00fan faltan para garantizar el pleno derecho de las mujeres a decidir sobre sus cuerpos, as\u00ed como asignar recursos necesarios para ello.<\/p>\n\n\n\n<p class=\"wp-block-paragraph\">En dicha conferencia tambi\u00e9n estuvieron presentes, el diputado Osbaldo R\u00edos Manrique, quien se pronunci\u00f3 a favor del respeto de los derechos de las mujeres a decidir sobre sus cuerpos, reconoci\u00f3 que \u201cle puede pasar\u201d, a sus hijas, sobrinas, o alguna otra familiar, nos pas\u00f3 quiz\u00e1 con alguna novia\u201d, dijo.<\/p>\n\n\n\n<p class=\"wp-block-paragraph\">Asimismo, asisti\u00f3 la diputada Gloria Citlalli Calixto Jim\u00e9nez, una de las promoventes de la legalizaci\u00f3n del aborto, e integrante de la Comisi\u00f3n para la Igualdad de G\u00e9nero, quien dio a conocer que ya se encuentra listo el anteproyecto de reforma de la ley de salud, que podr\u00edan presentar a finales de este mes de septiembre o inicios de octubre, debido a que se encuentran cabildeando para garantizar su aprobaci\u00f3n una vez que sea turnado al pleno.<\/p>\n\n\n\n<p class=\"wp-block-paragraph\">SEM\/MG<\/p>\n","protected":false},"excerpt":{"rendered":"<p>Llevar informaci\u00f3n pertinente, suficiente y adecuada a las comunidades rurales, campesinas, ind\u00edgenas y afromexicanas sobre el tema de interrupci\u00f3n legal del embarazo y de violencias, recomienda el colectivo Siempre Vivas del Sur.<\/p>\n","protected":false},"author":3,"featured_media":56581,"comment_status":"open","ping_status":"open","sticky":false,"template":"","format":"standard","meta":{"_monsterinsights_skip_tracking":false,"footnotes":""},"categories":[693,54],"tags":[144,149],"class_list":["post-56580","post","type-post","status-publish","format-standard","has-post-thumbnail","category-693","category-mujeres","tag-guerrero","tag-mujeres"],"_links":{"self":[{"href":"https:\/\/redsemlac.com\/semmexico\/wp-json\/wp\/v2\/posts\/56580","targetHints":{"allow":["GET"]}}],"collection":[{"href":"https:\/\/redsemlac.com\/semmexico\/wp-json\/wp\/v2\/posts"}],"about":[{"href":"https:\/\/redsemlac.com\/semmexico\/wp-json\/wp\/v2\/types\/post"}],"author":[{"embeddable":true,"href":"https:\/\/redsemlac.com\/semmexico\/wp-json\/wp\/v2\/users\/3"}],"replies":[{"embeddable":true,"href":"https:\/\/redsemlac.com\/semmexico\/wp-json\/wp\/v2\/comments?post=56580"}],"version-history":[{"count":0,"href":"https:\/\/redsemlac.com\/semmexico\/wp-json\/wp\/v2\/posts\/56580\/revisions"}],"wp:featuredmedia":[{"embeddable":true,"href":"https:\/\/redsemlac.com\/semmexico\/wp-json\/wp\/v2\/media\/56581"}],"wp:attachment":[{"href":"https:\/\/redsemlac.com\/semmexico\/wp-json\/wp\/v2\/media?parent=56580"}],"wp:term":[{"taxonomy":"category","embeddable":true,"href":"https:\/\/redsemlac.com\/semmexico\/wp-json\/wp\/v2\/categories?post=56580"},{"taxonomy":"post_tag","embeddable":true,"href":"https:\/\/redsemlac.com\/semmexico\/wp-json\/wp\/v2\/tags?post=56580"}],"curies":[{"name":"wp","href":"https:\/\/api.w.org\/{rel}","templated":true}]}}