{"id":5654,"date":"2017-08-22T17:59:56","date_gmt":"2017-08-22T17:59:56","guid":{"rendered":"https:\/\/redsemlac.com\/semmexico\/?p=5654"},"modified":"2023-07-21T14:24:37","modified_gmt":"2023-07-21T19:24:37","slug":"ambos-dictamenes-son-en-materia-de-igualdad-y-derechos-humanos-de-la-infancia","status":"publish","type":"post","link":"https:\/\/redsemlac.com\/semmexico\/ambos-dictamenes-son-en-materia-de-igualdad-y-derechos-humanos-de-la-infancia\/","title":{"rendered":"Ambos dict\u00e1menes son en materia de igualdad y derechos humanos de la infancia"},"content":{"rendered":"\n<p class=\"wp-block-paragraph\"><a href=\"https:\/\/www.semmexico.com\/gallery-post.php?id=2725#\">Redacci\u00f3n<\/a><\/p>\n\n\n\n<p class=\"wp-block-paragraph\">SemM\u00e9xico, Cd. de M\u00e9xico, 22 agosto 2017. La Asamblea Legislativa del Distrito Federal (ALDF) aprob\u00f3 dos dict\u00e1menes en materia de igualdad y derechos humanos de la infancia, uno para que la ciudadan\u00eda pueda elegir el orden de los apellidos de sus hijas e hijos, y otro para elevar las sanciones y multas en materia de explotaci\u00f3n de personas menores y personas con discapacidad f\u00edsica y mental.<br><br>El primero de los dict\u00e1menes brinda el control legal y administrativo que facilite a la ciudadan\u00eda la elecci\u00f3n del primer apellido sin distinci\u00f3n entre el materno y el paterno para sus hijas e hijos.<br><br>Al argumentar su propuesta, el diputado Luciano Jimeno Huanosta, de la Coalici\u00f3n Parlamentaria Partido del Trabajo, Nueva Alianza y Humanista, afirm\u00f3 que es necesario que exista igualdad en el trato tanto en hombres como mujeres al momento de acudir al Registro Civil y elegir el orden de los apellidos, para dejar de lado la supremac\u00eda del apellido paterno a fin de dar pauta a la igualdad entre hombres y mujeres.<br><br>A su vez, el legislador Mauricio Toledo Guti\u00e9rrez, del Partido de la Revoluci\u00f3n Democr\u00e1tica (PRD), puntualiz\u00f3 que la reforma al C\u00f3digo Civil deja en claro el derecho en condiciones de igualdad que tiene la ciudadan\u00eda para definir el nombre y el orden de los apellidos de las y los hijos legalmente reconocidos y actuar conforme al marco jur\u00eddico y las normas internacionales a favor de los derechos humanos.<br><br>Por otro lado, la ALDF tambi\u00e9n aprob\u00f3 por unanimidad, el dictamen con proyecto de decreto que modifica los art\u00edculos 190 Bis del C\u00f3digo Penal y 23 de la Ley de Cultura C\u00edvica, ambos de la Ciudad de M\u00e9xico, para elevar las sanciones en los casos de explotaci\u00f3n infantil y de las personas con discapacidad f\u00edsica y mental.<br><br>El objetivo del fallo es elevar las sanciones de tres a seis a\u00f1os de prisi\u00f3n y las multas de entre 300 y 500 Unidades de Cuenta, es decir de hasta 37 mil 745 pesos.<br><br>La reforma avalada por la ALDF destaca que ser\u00e1n sancionados en t\u00e9rmino de la modificaci\u00f3n a la fracci\u00f3n II del art\u00edculo 23 de la Ley de Cultura C\u00edvica, a quienes exploten a menores, ya que antes esta conducta no contaba con sanci\u00f3n alguna.<br><br>Actualmente en la Ciudad de M\u00e9xico, del total de ni\u00f1as y ni\u00f1os que trabaja, 39 por ciento no va a la escuela, y 49.1 por ciento adem\u00e1s de trabajar, va a la escuela y realiza actividades extra en su casa.<br><br>Las personas menores que trabajan muchas veces lo hacen en jornadas similares a las de un adulto; de acuerdo con el INEGI, en la Ciudad de M\u00e9xico, 18 mil 432 ni\u00f1os y ni\u00f1as trabajan m\u00e1s de 36 horas a la semana.<br><br>El dictamen, iniciativa del diputado Leonel Luna Estrada, coordinador del grupo parlamentario del Partido de la Revoluci\u00f3n Democr\u00e1tica, se\u00f1ala que las personas menores trabajadoras se localizan principalmente en espacios p\u00fablicos, expuestos al tr\u00e1nsito vehicular, realizando actividades de limpieza de parabrisas, venta de golosinas y productos de temporada o realizando piruetas o malabares acompa\u00f1ados de adultos.<br><br>SEM\/am\/lr<br><br><br><\/p>\n","protected":false},"excerpt":{"rendered":"<p>Redacci\u00f3n SemM\u00e9xico, Cd. de M\u00e9xico, 22 agosto 2017. La Asamblea Legislativa del Distrito Federal (ALDF) aprob\u00f3 dos dict\u00e1menes en materia de igualdad y derechos humanos de la infancia, uno para que la ciudadan\u00eda pueda elegir el orden de los apellidos de sus hijas e hijos, y otro para elevar las sanciones y multas en materia [&hellip;]<\/p>\n","protected":false},"author":3,"featured_media":5655,"comment_status":"open","ping_status":"open","sticky":false,"template":"","format":"standard","meta":{"_monsterinsights_skip_tracking":false,"footnotes":""},"categories":[687,50],"tags":[],"class_list":["post-5654","post","type-post","status-publish","format-standard","has-post-thumbnail","category-687","category-congreso"],"_links":{"self":[{"href":"https:\/\/redsemlac.com\/semmexico\/wp-json\/wp\/v2\/posts\/5654","targetHints":{"allow":["GET"]}}],"collection":[{"href":"https:\/\/redsemlac.com\/semmexico\/wp-json\/wp\/v2\/posts"}],"about":[{"href":"https:\/\/redsemlac.com\/semmexico\/wp-json\/wp\/v2\/types\/post"}],"author":[{"embeddable":true,"href":"https:\/\/redsemlac.com\/semmexico\/wp-json\/wp\/v2\/users\/3"}],"replies":[{"embeddable":true,"href":"https:\/\/redsemlac.com\/semmexico\/wp-json\/wp\/v2\/comments?post=5654"}],"version-history":[{"count":0,"href":"https:\/\/redsemlac.com\/semmexico\/wp-json\/wp\/v2\/posts\/5654\/revisions"}],"wp:featuredmedia":[{"embeddable":true,"href":"https:\/\/redsemlac.com\/semmexico\/wp-json\/wp\/v2\/media\/5655"}],"wp:attachment":[{"href":"https:\/\/redsemlac.com\/semmexico\/wp-json\/wp\/v2\/media?parent=5654"}],"wp:term":[{"taxonomy":"category","embeddable":true,"href":"https:\/\/redsemlac.com\/semmexico\/wp-json\/wp\/v2\/categories?post=5654"},{"taxonomy":"post_tag","embeddable":true,"href":"https:\/\/redsemlac.com\/semmexico\/wp-json\/wp\/v2\/tags?post=5654"}],"curies":[{"name":"wp","href":"https:\/\/api.w.org\/{rel}","templated":true}]}}