{"id":56493,"date":"2022-09-26T09:34:46","date_gmt":"2022-09-26T15:34:46","guid":{"rendered":"https:\/\/redsemlac.com\/semmexico\/?p=56493"},"modified":"2023-07-21T19:16:18","modified_gmt":"2023-07-22T00:16:18","slug":"en-el-senado-comparecencias-y-analisis-de-presencia-del-ejercito-en-las-calles","status":"publish","type":"post","link":"https:\/\/redsemlac.com\/semmexico\/en-el-senado-comparecencias-y-analisis-de-presencia-del-ejercito-en-las-calles\/","title":{"rendered":"En el Senado comparecencias y an\u00e1lisis de presencia del Ejercito en las calles"},"content":{"rendered":"\n<ul class=\"wp-block-list\"><li><strong>Monreal \u00c1vila record\u00f3 que se continuara con el an\u00e1lisis legislativo del dictamen que propone ampliar hasta 2028 el plazo, para que las Fuerzas Armadas puedan apoyar en tareas de seguridad p\u00fablica.&nbsp;<\/strong><\/li><\/ul>\n\n\n\n<p class=\"wp-block-paragraph\"><strong>Micaela M\u00e1rquez<\/strong><\/p>\n\n\n\n<p class=\"wp-block-paragraph\">SemM\u00e9xico, Ciudad de M\u00e9xico, 26 de septiembre del 2022.- Esta semana inicia en la C\u00e1mara de Senadores las comparecencias de funcionarios p\u00fablicos para la Glosa del IV Informe de Gobierno del presidente Manuel Andr\u00e9s L\u00f3pez Obrador, con la comparecencia, el 27 de septiembre, del Secretario de Gobernaci\u00f3n, Ad\u00e1n Augusto L\u00f3pez.<\/p>\n\n\n\n<p class=\"wp-block-paragraph\">A trav\u00e9s de redes sociales el presidente de la Junta de Coordinaci\u00f3n Pol\u00edtica, Ricardo Monreal \u00c1vila record\u00f3 que se continuara con el an\u00e1lisis legislativo del dictamen que propone ampliar hasta 2028 el plazo, para que las Fuerzas Armadas puedan apoyar en tareas de seguridad p\u00fablica.&nbsp;<\/p>\n\n\n\n<p class=\"wp-block-paragraph\">Asimismo, Monreal \u00c1vila, durante una conferencia que imparti\u00f3 en Quer\u00e9taro, dio a conocer que durante la comparecencia del titular de la SEGOB se abordar\u00e1n temas relacionados con la Guardia Nacional y las Fuerzas Armadas.&nbsp;<\/p>\n\n\n\n<p class=\"wp-block-paragraph\">De acuerdo al calendario aprobado en sesi\u00f3n del pasado mi\u00e9rcoles, est\u00e1n programados el &nbsp;secretario de Hacienda y Cr\u00e9dito P\u00fablico, Rogelio Ram\u00edrez de la O para el 28 de septiembre&nbsp; y para el 5 de octubre, la asistencia del secretario de Relaciones Exteriores, Marcelo Ebrard.&nbsp;<\/p>\n\n\n\n<p class=\"wp-block-paragraph\">Seguir\u00e1n, el 19 de octubre, los titulares de la Defensa Nacional, Luis Crescencio Sandoval Gonz\u00e1lez; de Seguridad y Protecci\u00f3n Ciudadana y el comandante de la Guardia Nacional, Luis Rodr\u00edguez Bucio. As\u00ed como la titular&nbsp;Rosa \u00cdcela Rodr\u00edguez Vel\u00e1zquez.<\/p>\n\n\n\n<p class=\"wp-block-paragraph\">Para el 25 de octubre comparecer\u00e1n ante el pleno del Senado la secretaria de Bienestar, Ariadna Montiel Reyes. Mientras que la comparecencia de la titular de Econom\u00eda, Tatiana Clouthier Carrillo, que se ten\u00eda prevista para el 27 de septiembre, ser\u00e1 reagendada.&nbsp;&nbsp;&nbsp;&nbsp;<\/p>\n\n\n\n<p class=\"wp-block-paragraph\">Las comparecencias de los funcionarios p\u00fablicos ante comisiones iniciar\u00e1n el 20 de octubre, con la asistencia de V\u00edctor Manuel Villalobos Ar\u00e1mbula, secretario de Agricultura y Desarrollo Rural, ante la Comisi\u00f3n de Agricultura, Ganader\u00eda, Pesca y Desarrollo Rural.&nbsp;<\/p>\n\n\n\n<p class=\"wp-block-paragraph\">Ante la Comisi\u00f3n de Salud y Seguridad Social est\u00e1n programados, primero el 3 de noviembre el Secretario de Salud Jorge Alcocer Varela y el director general del INSABI, Juan Antonio Ferrer Aguilar.<\/p>\n\n\n\n<p class=\"wp-block-paragraph\">Mientras que los directores generales del Instituto Mexicano del Seguro Social &nbsp;(IMSS) y del Instituto de Seguridad y Servicios Sociales de los Trabajadores del Estado (ISSSTE), Zo\u00e9 Robledo Aburto y Pedro Zenteno Santaella, respectivamente, comparecer\u00e1n el pr\u00f3ximo 9 de noviembre.&nbsp;<\/p>\n\n\n\n<p class=\"wp-block-paragraph\">La secretaria de Educaci\u00f3n, Leticia Ram\u00edrez Amaya, ante la Comisi\u00f3n del Educaci\u00f3n, le tocar\u00e1 el turno el pr\u00f3ximo 17 de noviembre.&nbsp;&nbsp;&nbsp;<\/p>\n\n\n\n<p class=\"wp-block-paragraph\">Pasaran finalmente, las secretarias de Energ\u00eda, Roc\u00edo Nahle Garc\u00eda; de Medio Ambiente y Recursos Naturales, Mar\u00eda Luisa Albores Gonz\u00e1lez; y Mar\u00eda Elena \u00c1lvarez-Buylla Roces, directora General del Consejo Nacional de Ciencia y Tecnolog\u00eda, cuyas comparecencias ante las comisiones respectivas, est\u00e1n en fechas por definir.&nbsp;<\/p>\n\n\n\n<p class=\"wp-block-paragraph\">SEM\/MG<\/p>\n","protected":false},"excerpt":{"rendered":"<p>Monreal \u00c1vila record\u00f3 que se continuara con el an\u00e1lisis legislativo del dictamen que propone ampliar hasta 2028 el plazo, para que las Fuerzas Armadas puedan apoyar en tareas de seguridad p\u00fablica.\u00a0<\/p>\n","protected":false},"author":3,"featured_media":38337,"comment_status":"open","ping_status":"open","sticky":false,"template":"","format":"standard","meta":{"_monsterinsights_skip_tracking":false,"footnotes":""},"categories":[693,50],"tags":[],"class_list":["post-56493","post","type-post","status-publish","format-standard","has-post-thumbnail","category-693","category-congreso"],"_links":{"self":[{"href":"https:\/\/redsemlac.com\/semmexico\/wp-json\/wp\/v2\/posts\/56493","targetHints":{"allow":["GET"]}}],"collection":[{"href":"https:\/\/redsemlac.com\/semmexico\/wp-json\/wp\/v2\/posts"}],"about":[{"href":"https:\/\/redsemlac.com\/semmexico\/wp-json\/wp\/v2\/types\/post"}],"author":[{"embeddable":true,"href":"https:\/\/redsemlac.com\/semmexico\/wp-json\/wp\/v2\/users\/3"}],"replies":[{"embeddable":true,"href":"https:\/\/redsemlac.com\/semmexico\/wp-json\/wp\/v2\/comments?post=56493"}],"version-history":[{"count":0,"href":"https:\/\/redsemlac.com\/semmexico\/wp-json\/wp\/v2\/posts\/56493\/revisions"}],"wp:featuredmedia":[{"embeddable":true,"href":"https:\/\/redsemlac.com\/semmexico\/wp-json\/wp\/v2\/media\/38337"}],"wp:attachment":[{"href":"https:\/\/redsemlac.com\/semmexico\/wp-json\/wp\/v2\/media?parent=56493"}],"wp:term":[{"taxonomy":"category","embeddable":true,"href":"https:\/\/redsemlac.com\/semmexico\/wp-json\/wp\/v2\/categories?post=56493"},{"taxonomy":"post_tag","embeddable":true,"href":"https:\/\/redsemlac.com\/semmexico\/wp-json\/wp\/v2\/tags?post=56493"}],"curies":[{"name":"wp","href":"https:\/\/api.w.org\/{rel}","templated":true}]}}