{"id":56463,"date":"2022-09-26T06:35:59","date_gmt":"2022-09-26T12:35:59","guid":{"rendered":"https:\/\/redsemlac.com\/semmexico\/?p=56463"},"modified":"2023-07-21T19:16:19","modified_gmt":"2023-07-22T00:16:19","slug":"violeta-del-anahuac-ayotzinapa-nunca-mas-un-26-9","status":"publish","type":"post","link":"https:\/\/redsemlac.com\/semmexico\/violeta-del-anahuac-ayotzinapa-nunca-mas-un-26-9\/","title":{"rendered":"Violeta del An\u00e1huac| \u00abAyotzinapa \u00a1Nunca m\u00e1s un 26\/9!\u00bb"},"content":{"rendered":"\n<p class=\"wp-block-paragraph\"><strong>Isabel Ortega Morales<\/strong><\/p>\n\n\n\n<p class=\"wp-block-paragraph\">SemM\u00e9xico, Chilpancingo, Guerrero, 26 de septiembre del 2022.- El profundo pozo de la incertidumbre volvi\u00f3 a cerrar sus fauces al dejar fuera de las \u00f3rdenes de aprehensi\u00f3n a 21 servidores p\u00fablicos, cinco de ellos relacionados con el gobierno, dos de mando, una del poder judicial y dos trabajadores del mismo poder, 16 de ellos, integrantes del Ej\u00e9rcito M\u00e9xicano. \u00bfPor qu\u00e9 sus nombres estaban incluidos y qui\u00e9n dio la orden de incorporarlos como tambi\u00e9n quien y porqu\u00e9 fueron dejados fuera?&nbsp; Los j\u00f3venes normalistas, una nueva generaci\u00f3n que no los conoci\u00f3 reciben la estafeta de lucha que muestra un recrudecimiento, tan cruento como la ausencia de una respuesta clara de un gobierno que, en campa\u00f1a, se hab\u00eda comprometido a dar resultados de su paradero en un a\u00f1o y van cuatro.<\/p>\n\n\n\n<p class=\"wp-block-paragraph\">La l\u00ednea de investigaci\u00f3n, como la l\u00ednea de intereses, est\u00e1 tan curvo que como espiral sube, y en un punto determinado vuelven a cruzarse para separarse sin que est\u00e9n totalmente fuera de la fuerza de atracci\u00f3n que los vuelve a colocar en la mira de la duda, y no se si en el perd\u00f3n.<\/p>\n\n\n\n<p class=\"wp-block-paragraph\">Lo \u00fanico real que sabemos, a ocho a\u00f1os de la noche m\u00e1s oscura que han vivido los derechos humanos, es que 43 j\u00f3venes no est\u00e1n. Que hay orfandad de su ausencia en el mismo n\u00famero de familias, que han muerto madres y padres sin conocer el paradero de sus v\u00e1stagos y que la duda, como el m\u00e1s insano de los sentimientos, ha permeado la tranquilidad de los hogares de unos j\u00f3venes que no se sabe d\u00f3nde est\u00e1n.<\/p>\n\n\n\n<p class=\"wp-block-paragraph\">\u00bfPor qu\u00e9 tendr\u00edan paz los gobiernos si no hay paz en la mente y los corazones de madres y padres de los 43 normalistas? \u00bfPor qu\u00e9 tendr\u00eda que haber consideraci\u00f3n hacia una estructura de gobierno si no ha quedado clara su inocencia en los hechos de septiembre de 2014?<\/p>\n\n\n\n<p class=\"wp-block-paragraph\">Baste recordar los datos que ha registrado el Centro Prodh, Jos\u00e9 Agust\u00edn Pro, sobre los pendientes que, a su consideraci\u00f3n, a\u00fan existen en la l\u00ednea de tiempo que llevan registrado:<\/p>\n\n\n\n<p class=\"wp-block-paragraph\">\u201cEl esclarecimiento de los hechos y del paradero de todos los estudiantes. Se debe priorizar la investigaci\u00f3n sobre la desaparici\u00f3n, intensificar la b\u00fasqueda y determinar responsabilidades penales de perpetradores. Las familias demandan la verdad soportada en evidencia y en nuevas acusaciones, no solo una nueva narrativa. Como ha reconocido el Presidente, su compromiso con las familias est\u00e1 incumplido\u201d.<\/p>\n\n\n\n<p class=\"wp-block-paragraph\">\u201cInvestigar con decisi\u00f3n a las altas autoridades del anterior gobierno que tomaron la decisi\u00f3n pol\u00edtica de cerrar el caso con la verdad hist\u00f3rica, sin que hubiese evidencia cient\u00edfica para ello\u201d.<\/p>\n\n\n\n<p class=\"wp-block-paragraph\">\u201cConsolidar nuevas acusaciones contra perpetradores de la desaparici\u00f3n forzada identificados con prueba il\u00edcita y contra actores privados que recobraron su libertad debido a las irregularidades de la investigaci\u00f3n\u201d.<\/p>\n\n\n\n<p class=\"wp-block-paragraph\">El gobierno federal est\u00e1 entrampado en el engrudo de un caso que lo creyeron atole. Su credibilidad se ha ido desvaneciendo ante la palabrer\u00eda que no tiene nada de datos ni argumentos. No basta sacudirse el saco para decir \u201cno somos iguales\u201d, es tiempo de exponer la verdad, la que en estos tres a\u00f1os han encontrado y, lo fundamental, dar con el paradero de 43 j\u00f3venes. Como nunca subrayar \u00a1Nunca m\u00e1s un 26\/09!<\/p>\n","protected":false},"excerpt":{"rendered":"<p> El profundo pozo de la incertidumbre volvi\u00f3 a cerrar sus fauces al dejar fuera de las \u00f3rdenes de aprehensi\u00f3n a 21 servidores p\u00fablicos, cinco de ellos relacionados con el gobierno<\/p>\n","protected":false},"author":3,"featured_media":38055,"comment_status":"open","ping_status":"open","sticky":false,"template":"","format":"standard","meta":{"_monsterinsights_skip_tracking":false,"footnotes":""},"categories":[693,198,35,197],"tags":[459],"class_list":["post-56463","post","type-post","status-publish","format-standard","has-post-thumbnail","category-693","category-isabel-ortega-morales","category-opinion","category-violeta-del-anahuac","tag-opinion"],"_links":{"self":[{"href":"https:\/\/redsemlac.com\/semmexico\/wp-json\/wp\/v2\/posts\/56463","targetHints":{"allow":["GET"]}}],"collection":[{"href":"https:\/\/redsemlac.com\/semmexico\/wp-json\/wp\/v2\/posts"}],"about":[{"href":"https:\/\/redsemlac.com\/semmexico\/wp-json\/wp\/v2\/types\/post"}],"author":[{"embeddable":true,"href":"https:\/\/redsemlac.com\/semmexico\/wp-json\/wp\/v2\/users\/3"}],"replies":[{"embeddable":true,"href":"https:\/\/redsemlac.com\/semmexico\/wp-json\/wp\/v2\/comments?post=56463"}],"version-history":[{"count":0,"href":"https:\/\/redsemlac.com\/semmexico\/wp-json\/wp\/v2\/posts\/56463\/revisions"}],"wp:featuredmedia":[{"embeddable":true,"href":"https:\/\/redsemlac.com\/semmexico\/wp-json\/wp\/v2\/media\/38055"}],"wp:attachment":[{"href":"https:\/\/redsemlac.com\/semmexico\/wp-json\/wp\/v2\/media?parent=56463"}],"wp:term":[{"taxonomy":"category","embeddable":true,"href":"https:\/\/redsemlac.com\/semmexico\/wp-json\/wp\/v2\/categories?post=56463"},{"taxonomy":"post_tag","embeddable":true,"href":"https:\/\/redsemlac.com\/semmexico\/wp-json\/wp\/v2\/tags?post=56463"}],"curies":[{"name":"wp","href":"https:\/\/api.w.org\/{rel}","templated":true}]}}