{"id":56461,"date":"2022-09-26T06:23:32","date_gmt":"2022-09-26T12:23:32","guid":{"rendered":"https:\/\/redsemlac.com\/semmexico\/?p=56461"},"modified":"2023-07-21T19:16:20","modified_gmt":"2023-07-22T00:16:20","slug":"vida-y-lectura-escritoras-que-publicaron-con-seudonimos-masculinos","status":"publish","type":"post","link":"https:\/\/redsemlac.com\/semmexico\/vida-y-lectura-escritoras-que-publicaron-con-seudonimos-masculinos\/","title":{"rendered":"Vida y Lectura| Escritoras que publicaron con seud\u00f3nimos masculinos"},"content":{"rendered":"\n<p class=\"wp-block-paragraph\"><strong>Marcela Eternod Ar\u00e1mburu<\/strong><\/p>\n\n\n\n<p class=\"wp-block-paragraph\">SemM\u00e9xico, Aguascalientes, 26 de septiembre del 2022.- Mar\u00eda del Carmen Sim\u00f3n Palmer, a mediados de los a\u00f1os 80 del siglo pasado, se dio a la tarea de buscar a las escritoras espa\u00f1olas del siglo XIX, inspirada en lo que se hac\u00eda en Francia y Alemania para visibilizar a las mujeres en las letras. Lo hizo con tal tenacidad que logr\u00f3 identificar a cerca de mil espa\u00f1olas que hab\u00edan escrito sobre diversos temas, muchas sobre los denominados temas femeninos: familia, hogar, cuidados, maternidad, hijas, hijos, caridad, pureza, obediencia o comportamiento cristiano; pero algunas otras resultaron transgresoras, vanguardistas, revolucionarias o, simplemente, extraordinarias considerando su momento hist\u00f3rico. Esta lista se encuentra bajo el t\u00edtulo de \u201cMil escritoras espa\u00f1olas del siglo XIX\u201d. No contenta con ello, elabor\u00f3 un ensayo cuidadoso sobre qu\u00e9 escribieron y por qu\u00e9 fueron olvidadas durante tanto tiempo.<\/p>\n\n\n\n<p class=\"wp-block-paragraph\">Llama la atenci\u00f3n que, en su libro, Sim\u00f3n Palmer deja un poco de lado a dos extraordinarias mujeres, Concepci\u00f3n Arenal Ponte y Emilia Pardo Baz\u00e1n, de quienes se acaban de publicar, hace apenas un par de a\u00f1os, sus biograf\u00edas, auspiciadas por la Fundaci\u00f3n Juan Marche.<\/p>\n\n\n\n<p class=\"wp-block-paragraph\">Lo que quiero destacar es que, siguiendo a las \u201cMil escritoras espa\u00f1olas del siglo XIX\u201d, se logra tener una explicaci\u00f3n de la esclavitud y la sumisi\u00f3n de las mujeres, asumida, aceptada y reproducida; pero, tambi\u00e9n retrata el inmenso temor de los hombres ante la posibilidad de perder privilegios. Dice Sim\u00f3n \u201c[l]a inmensa mayor\u00eda de las escritoras optaron por hacerse portavoces de los valores tradicionales de la familia cristiana y defendieron la figura de la mujer madre y esposa, para poder de esa forma hacerse perdonar la <em>falta<\/em> de escribir\u201d.<\/p>\n\n\n\n<p class=\"wp-block-paragraph\">Fui ah\u00ed donde encontr\u00e9 la referencia a Cecilia B\u00f6lh de Faber y Ruiz de Larrea, quien sign\u00f3 su obra como Fern\u00e1n Caballero y public\u00f3, entre 1849 y 1896, la friolera de 28 obras. \u00bfPor qu\u00e9 utiliz\u00f3 un seud\u00f3nimo masculino? \u00bfDe qu\u00e9 escribir\u00eda esta se\u00f1ora? No hay explicaci\u00f3n. Sus novelas, poemas, cuentos y dem\u00e1s, son absolutamente tradicionales, nada de tomar decisiones propias, cultivar los talentos, vivir con libertad, elegir y equivocarse, ganarse la vida, buscar la igualdad. No, promueve los papeles tradicionales de las mujeres y les suma, abnegaci\u00f3n, sacrificio y devoci\u00f3n cat\u00f3lica, qu\u00e9 flojera. Pero, cu\u00e1l fue la raz\u00f3n del seud\u00f3nimo. Misterio.<\/p>\n\n\n\n<p class=\"wp-block-paragraph\">No es el caso de las tres hermanas Bront\u00eb que escogieron, las tres, el apellido Bell y buscaron un nombre de var\u00f3n para publicar sus obras. Charlotte eligi\u00f3 Currer; Emily escogi\u00f3 Ellis; y, finalmente, Anne se rebautiz\u00f3 como Acton. La raz\u00f3n fue que nadie publicar\u00eda sus obras si supieran que fueron escritas por mujeres. De hecho, sus obras, a pesar de ser evidentemente rom\u00e1nticas, fueron fuertemente criticadas por faltar al decoro, las buenas costumbres y la moral cristiana.<\/p>\n\n\n\n<p class=\"wp-block-paragraph\">Algo similar pas\u00f3 con Mary Anne Evans, considerada en nuestros d\u00edas una escritora tan connotada como Joseph Conrand o Henry James, quien firm\u00f3 con el seud\u00f3nimo de Georges Eliot porque estaba convencida que, solo as\u00ed, se le tomar\u00eda en serio y se leer\u00edan sin prejuicios sus obras, que fue lo que realmente pas\u00f3. Para quien guste de la literatura decimon\u00f3nica es obligada la lectura de \u201cSilas Marner\u201d (1861) y de \u201cMiddlemarch\u201d (1871), considerada una de las cinco mejores novelas escrita en ingl\u00e9s en el siglo XIX.<\/p>\n\n\n\n<p class=\"wp-block-paragraph\">En el mismo sentido, Nelle Harper Lee decidi\u00f3 publicar \u201cMatar a un risue\u00f1or\u201d, \u00fanicamente como Harper Lee. Como nombre, Harper, se usa tanto para hombres como para mujeres y tiene su origen en el medievo ingl\u00e9s. Los que saben de esto afirman que el nombre para los hombres es mucho m\u00e1s usado en los Estados Unidos. Se puede confirmar con una b\u00fasqueda r\u00e1pida que muchas personas consideran a Harper Lee como \u201cel autor\u201d del cl\u00e1sico americano \u201cMatar a un ruise\u00f1or\u201d.<\/p>\n\n\n\n<p class=\"wp-block-paragraph\">La historia de Sidonie Gabrielle Claudine Colette empieza a divulgarse ampliamente. Muchas de sus obras fueron firmadas por su marido Henry Gauthier Villars, quien lleg\u00f3 a encerrarla en una habitaci\u00f3n y exigirle cuotas de productividad literaria. Al parecer as\u00ed negociaba salir al jard\u00edn, dar un largo paseo o simplemente tomar un descanso. La ahora famosa Colette ten\u00eda que escribir vertiginosamente para evitar a un iracundo marido, explotador y ambicioso que carec\u00eda de talento. En sus memorias \u201cEl fanal azul\u201d se encuentra una Colette mesurada, reflexiva y melanc\u00f3lica.<\/p>\n\n\n\n<p class=\"wp-block-paragraph\">Y, para incentivar la curiosidad, quiz\u00e1 valga la pena explorar algunas de las obras de Rafael Luna, Jorge Marineda, V\u00edctor Catal\u00e1, George Sand, A. M. Barnard que no es otra que la celeb\u00e9rrima Louise May Alcott, la autora de \u201cMujercitas\u201d; o a James Tiptree Jr. y a Andre Norton, reconocidos escritores de ciencia ficci\u00f3n que, impactaron tanto, que dieron origen a dos de los m\u00e1s importantes reconocimientos para las y los escritores de este g\u00e9nero. El premio Andre Norton de ciencia ficci\u00f3n y fantas\u00eda para j\u00f3venes y el James Tiptree, Jr. Award que destaca a la mejor obra literaria de ciencia ficci\u00f3n. De m\u00e1s est\u00e1 decir que ambos son seud\u00f3nimos de dos imaginativas mujeres.<\/p>\n\n\n\n<p class=\"wp-block-paragraph\">Hay muchas m\u00e1s. Pero para estas escritoras estaba claro que publicar con un nombre masculino garantizaba, al menos, un m\u00ednimo de objetividad en los editores, una peque\u00f1a oportunidad de que se les publicara y una manera de evitar m\u00e1s escollos o de sortear los innumerables obst\u00e1culos que sab\u00edan que tendr\u00edan por ser mujeres.<\/p>\n\n\n\n<p class=\"wp-block-paragraph\">Hace poco tiempo, en 2018, apareci\u00f3 \u201cLa novia gitana\u201d y con ella la inspectora Elena Blanco y sus intricados casos. Nada del otro mundo, pero entretenida y vigorosa como buena novela del g\u00e9nero negro. La autora, Carmen Mola, obedeciendo al \u00e9xito y siguiendo las pautas que marca su editorial, pronto public\u00f3 \u201cRed P\u00farpura\u201d (2019) y \u201cLa Nena\u201d (2020). La sorpresa fue que se trata de tres escritores que, como dicen ellos, \u201cescriben a seis manos\u201d: Antonio Mercero, Agust\u00edn Mart\u00ednez y Jorge D\u00edaz. \u00bfSe refugian detr\u00e1s del seud\u00f3nimo? \u00bfPiensan que hoy est\u00e1n de moda las escritoras? \u00bfConsideraron que Carmen Mola tendr\u00eda m\u00e1s \u00e9xito? Ellos afirman que no, que fue como de broma y totalmente espont\u00e1neo porque les molestaba que aparecieran tres autores.<\/p>\n\n\n\n<p class=\"wp-block-paragraph\">El hecho es que, con eso, algo hemos avanzado, ya que -al menos en este caso- no importa si quien escribe es mujer, hombre, o inteligencia artificial. Pero no podemos olvidar que los obst\u00e1culos estuvieron ah\u00ed, siguen ah\u00ed y tomar\u00e1 muchos a\u00f1os derribar los enormes muros que separan la escritura de hombres y su densidad espec\u00edfica, de la escritura de las mujeres. Pero mientras las mujeres sigan escribiendo y las lectoras las sigamos leyendo, hay esperanzas.<\/p>\n","protected":false},"excerpt":{"rendered":"<p>Mar\u00eda del Carmen Sim\u00f3n Palmer, a mediados de los a\u00f1os 80 del siglo pasado, se dio a la tarea de buscar a las escritoras espa\u00f1olas del siglo XIX, inspirada en lo que se hac\u00eda en Francia y Alemania para visibilizar a las mujeres en las letras.<\/p>\n","protected":false},"author":3,"featured_media":38638,"comment_status":"open","ping_status":"open","sticky":false,"template":"","format":"standard","meta":{"_monsterinsights_skip_tracking":false,"footnotes":""},"categories":[693,515,35,514],"tags":[459],"class_list":["post-56461","post","type-post","status-publish","format-standard","has-post-thumbnail","category-693","category-marcela-eternod-aramburu","category-opinion","category-vida-y-lectura","tag-opinion"],"_links":{"self":[{"href":"https:\/\/redsemlac.com\/semmexico\/wp-json\/wp\/v2\/posts\/56461","targetHints":{"allow":["GET"]}}],"collection":[{"href":"https:\/\/redsemlac.com\/semmexico\/wp-json\/wp\/v2\/posts"}],"about":[{"href":"https:\/\/redsemlac.com\/semmexico\/wp-json\/wp\/v2\/types\/post"}],"author":[{"embeddable":true,"href":"https:\/\/redsemlac.com\/semmexico\/wp-json\/wp\/v2\/users\/3"}],"replies":[{"embeddable":true,"href":"https:\/\/redsemlac.com\/semmexico\/wp-json\/wp\/v2\/comments?post=56461"}],"version-history":[{"count":0,"href":"https:\/\/redsemlac.com\/semmexico\/wp-json\/wp\/v2\/posts\/56461\/revisions"}],"wp:featuredmedia":[{"embeddable":true,"href":"https:\/\/redsemlac.com\/semmexico\/wp-json\/wp\/v2\/media\/38638"}],"wp:attachment":[{"href":"https:\/\/redsemlac.com\/semmexico\/wp-json\/wp\/v2\/media?parent=56461"}],"wp:term":[{"taxonomy":"category","embeddable":true,"href":"https:\/\/redsemlac.com\/semmexico\/wp-json\/wp\/v2\/categories?post=56461"},{"taxonomy":"post_tag","embeddable":true,"href":"https:\/\/redsemlac.com\/semmexico\/wp-json\/wp\/v2\/tags?post=56461"}],"curies":[{"name":"wp","href":"https:\/\/api.w.org\/{rel}","templated":true}]}}