{"id":56454,"date":"2022-09-25T17:27:19","date_gmt":"2022-09-25T23:27:19","guid":{"rendered":"https:\/\/redsemlac.com\/semmexico\/?p=56454"},"modified":"2023-07-21T19:16:20","modified_gmt":"2023-07-22T00:16:20","slug":"desde-la-luna-de-valencia-de-vuelta-y-con-ganas","status":"publish","type":"post","link":"https:\/\/redsemlac.com\/semmexico\/desde-la-luna-de-valencia-de-vuelta-y-con-ganas\/","title":{"rendered":"Desde la Luna de Valencia| De vuelta y con ganas"},"content":{"rendered":"\n<p class=\"wp-block-paragraph\">Teresa Moll\u00e1 Castells<\/p>\n\n\n\n<p class=\"wp-block-paragraph\">SemM\u00e9xico, Ontinyent, Valencia, 25 de septiembre, 2022.- Pues s\u00ed, se acab\u00f3 el&nbsp;tiempo de descanso y ya estoy de nuevo aqu\u00ed. Ese tiempo de descanso se&nbsp;acab\u00f3, pero los problemas de las mujeres del mundo siguen, en el mejor de los&nbsp;casos, igual que estaban a finales de julio. Y, en algunos casos incluso se ha&nbsp;empeorado.<\/p>\n\n\n\n<p class=\"wp-block-paragraph\">En el Estado Espa\u00f1ol, la \u201caver\u00eda\u201d que ha generado el Ministerio de Igualdad con&nbsp;la tramitaci\u00f3n por la v\u00eda de urgencia de la llamada Ley Trans que impide la&nbsp;audiencia de personas expertas en la materia y sus consecuencias es,&nbsp;directamente, un atentado contra los derechos de la mitad de la poblaci\u00f3n que&nbsp;somos las mujeres, a quienes se nos pretende borrar incluso el nombre.<\/p>\n\n\n\n<p class=\"wp-block-paragraph\">Con el neolenguaje inventado por una camarilla al servicio de grandes grupos&nbsp;de presi\u00f3n farmac\u00e9uticos y de cl\u00ednicas privadas, se pretende desdibujar, cuando&nbsp;no directamente eliminar la palabra \u201cmujer\u201d como realidad material expl\u00edcita.<\/p>\n\n\n\n<p class=\"wp-block-paragraph\">El personal sanitario redact\u00f3 un manifiesto al que pidieron que no sum\u00e1ramos&nbsp;todas las personas que no estuvi\u00e9ramos de acuerdo con la aprobaci\u00f3n de dicha<\/p>\n\n\n\n<p class=\"wp-block-paragraph\">ley y as\u00ed lo hicimos mucha gente. Gente que est\u00e1 siendo ninguneada por el&nbsp;Ministerio que, presuntamente, deber\u00eda velar por los derechos de las mujeres.<\/p>\n\n\n\n<p class=\"wp-block-paragraph\">Cuando un grupo minoritario de personas, un colectivo relativamente peque\u00f1o&nbsp;pretende imponer que sus deseos sean convertidos en Ley, pas\u00e1ndose por el&nbsp;arco del triunfo los derechos de m\u00e1s de la mitad de la poblaci\u00f3n que somos las&nbsp;mujeres, algo no se est\u00e1 haciendo bien.<\/p>\n\n\n\n<p class=\"wp-block-paragraph\">Y eso genera indefensi\u00f3n a muchos colectivos y, sobre todo, pone en peligro&nbsp;grave a las mujeres que s\u00ed perdemos derechos. Y eso sin contar con la&nbsp;misoginia y lesbofobia que est\u00e1 generando, puesto que cuando una mujer&nbsp;lesbiana no quiera tener relaciones con un hombre autodefinido como mujer,&nbsp;puede ser tachada de transfoba con las consecuencias de linchamiento p\u00fablico&nbsp;y privado que ello conlleva.<\/p>\n\n\n\n<p class=\"wp-block-paragraph\">Lo he dicho en muchas ocasiones y lo repito: me parece fant\u00e1stico el avance de&nbsp;derechos de todos los colectivos. De verdad, fant\u00e1stico. Pero esto no puede ser&nbsp;a costa de los derechos ya conseguidos de la mitad de la poblaci\u00f3n que somos&nbsp;las mujeres.<\/p>\n\n\n\n<p class=\"wp-block-paragraph\">La agenda feminista est\u00e1 muy claramente definida: Abolici\u00f3n de la prostituci\u00f3n i&nbsp;de la pornograf\u00eda; prohibici\u00f3n de los vientres de alquiler; eliminaci\u00f3n de las&nbsp;violencias machistas, de todas las violencias; defensa de la salud sexual y&nbsp;reproductiva de todas las mujeres y las ni\u00f1as y, la abolici\u00f3n del g\u00e9nero.<\/p>\n\n\n\n<p class=\"wp-block-paragraph\">El sexo con el que nacemos marcar\u00e1 lo que se espera de nosotras tanto si&nbsp;nacemos mujeres como si se nace hombre porque es el g\u00e9nero, con sus&nbsp;estereotipos sexistas aplicados con fuego por el patriarcado, el que generar\u00e1&nbsp;situaciones de dominaci\u00f3n u opresi\u00f3n seg\u00fan seas hombre o mujer y de acuerdo&nbsp;con la f\u00e9rrea alianza entre el capitalismo y el patriarcado.<\/p>\n\n\n\n<p class=\"wp-block-paragraph\">Y este \u00faltimo es capaz de reinventarse las veces que sea necesario con tal de&nbsp;mantener el sistema que le es favorable. Por tanto y ahora, con la llamada&nbsp;teor\u00eda queer se ha reinventado para usurpar a las mujeres espacios protegidos,&nbsp;como ba\u00f1os o vestuarios o m\u00f3dulos de c\u00e1rceles para mujeres. &nbsp;O para invadir&nbsp;otros como el deporte femenino.<\/p>\n\n\n\n<p class=\"wp-block-paragraph\">Como vemos es una reinvenci\u00f3n m\u00e1s del patriarcado que, adem\u00e1s pretende&nbsp;se\u00f1alar como transf\u00f3bico al feminismo radical (el que va a la ra\u00edz de los&nbsp;problemas) con amenazas del tipo \u201cKill the terf\u201d en manifestaciones feministas&nbsp;en las que se han infiltrado intentando apropiarse de un movimiento que no les&nbsp;pertenece.<\/p>\n\n\n\n<p class=\"wp-block-paragraph\">Porque al feminismo no se le puede pedir que defienda derechos que van&nbsp;directamente en contra de las mujeres como lo es el movimiento transgenerista&nbsp;y por eso cuando la ministra de Igualdad o el presidente del Gobierno hablan&nbsp;del Gobierno m\u00e1s feminista de la historia, al menos a m\u00ed me dan nauseas,&nbsp;puesto que no es cierto. Y si no que se lo pregunten a Carmen Calvo.<\/p>\n\n\n\n<p class=\"wp-block-paragraph\">En fin, que he vuelto con un compromiso no solo renovado y con m\u00e1s fuerza,&nbsp;sino tambi\u00e9n con una mayor consciencia de lo que se nos avecina y de la lucha&nbsp;sostenida que nos espera en los pr\u00f3ximos meses para evitar tal descalabro&nbsp;patriarcal que pretende aprobar este Gobierno.<\/p>\n\n\n\n<p class=\"wp-block-paragraph\">Fuerzas renovadas, mayor consciencia y muchas ganas de m\u00e1s feminismo que&nbsp;no van a conseguir silenciar por muchos se\u00f1alamientos o cancelaciones que nos&nbsp;hagan en redes sociales.<\/p>\n\n\n\n<p class=\"wp-block-paragraph\">El movimiento feminista sigue y seguir\u00e1 luchando por los derechos de las&nbsp;mujeres y las ni\u00f1as del mundo. Ese ha sido y es nuestro objetivo. Y de ah\u00ed, no&nbsp;nos mover\u00e1n. \u00a1Que viva el movimiento feminista mundial!!!<\/p>\n\n\n\n<p class=\"wp-block-paragraph\">tmolla@telefonica.net<br><\/p>\n","protected":false},"excerpt":{"rendered":"<p>Ese tiempo de descanso se\u00a0acab\u00f3, pero los problemas de las mujeres del mundo siguen, en el mejor de los\u00a0casos, igual que estaban a finales de julio.<\/p>\n","protected":false},"author":3,"featured_media":43083,"comment_status":"open","ping_status":"open","sticky":false,"template":"","format":"standard","meta":{"_monsterinsights_skip_tracking":false,"footnotes":""},"categories":[693,82,110,35],"tags":[],"class_list":["post-56454","post","type-post","status-publish","format-standard","has-post-thumbnail","category-693","category-la-opinion","category-la-opinion-columnas","category-opinion"],"_links":{"self":[{"href":"https:\/\/redsemlac.com\/semmexico\/wp-json\/wp\/v2\/posts\/56454","targetHints":{"allow":["GET"]}}],"collection":[{"href":"https:\/\/redsemlac.com\/semmexico\/wp-json\/wp\/v2\/posts"}],"about":[{"href":"https:\/\/redsemlac.com\/semmexico\/wp-json\/wp\/v2\/types\/post"}],"author":[{"embeddable":true,"href":"https:\/\/redsemlac.com\/semmexico\/wp-json\/wp\/v2\/users\/3"}],"replies":[{"embeddable":true,"href":"https:\/\/redsemlac.com\/semmexico\/wp-json\/wp\/v2\/comments?post=56454"}],"version-history":[{"count":0,"href":"https:\/\/redsemlac.com\/semmexico\/wp-json\/wp\/v2\/posts\/56454\/revisions"}],"wp:featuredmedia":[{"embeddable":true,"href":"https:\/\/redsemlac.com\/semmexico\/wp-json\/wp\/v2\/media\/43083"}],"wp:attachment":[{"href":"https:\/\/redsemlac.com\/semmexico\/wp-json\/wp\/v2\/media?parent=56454"}],"wp:term":[{"taxonomy":"category","embeddable":true,"href":"https:\/\/redsemlac.com\/semmexico\/wp-json\/wp\/v2\/categories?post=56454"},{"taxonomy":"post_tag","embeddable":true,"href":"https:\/\/redsemlac.com\/semmexico\/wp-json\/wp\/v2\/tags?post=56454"}],"curies":[{"name":"wp","href":"https:\/\/api.w.org\/{rel}","templated":true}]}}