{"id":56449,"date":"2022-09-25T17:25:35","date_gmt":"2022-09-25T23:25:35","guid":{"rendered":"https:\/\/redsemlac.com\/semmexico\/?p=56449"},"modified":"2023-07-21T19:16:20","modified_gmt":"2023-07-22T00:16:20","slug":"alfa-omega-los-temblores-septembrinos-nos-aterran","status":"publish","type":"post","link":"https:\/\/redsemlac.com\/semmexico\/alfa-omega-los-temblores-septembrinos-nos-aterran\/","title":{"rendered":"Alfa Omega| Los Temblores Septembrinos Nos Aterran"},"content":{"rendered":"\n<p class=\"wp-block-paragraph\"><strong>El Primero Data del Siglo XVIII y Dur\u00f3 15 minutos<\/strong><\/p>\n\n\n\n<p class=\"wp-block-paragraph\"><strong>Tres Sismos Coinciden en D\u00eda y Mes<\/strong><\/p>\n\n\n\n<p class=\"wp-block-paragraph\"><strong>En 1985, El Terremoto Devastador<\/strong><\/p>\n\n\n\n<p class=\"wp-block-paragraph\"><strong>Jorge Herrera Valenzuela<\/strong><\/p>\n\n\n\n<p class=\"wp-block-paragraph\">SemM\u00e9xico, Ciudad de M\u00e9xico, 25 de septiembre, 2022.- Las y los habitantes de la&nbsp;Capital Mexicana vivimos segundos de p\u00e1nico, de terror, seguidos de crisis nerviosa&nbsp;y compartimos esos estados de \u00e1nimo con los coterr\u00e1neos de diversas poblaciones&nbsp;de los Estados colindantes con el Oc\u00e9ano Pac\u00edfico. Los movimientos tel\u00faricos,&nbsp;tambi\u00e9n llamados temblores de tierra y los terremotos, crearon una psicosis al llegar&nbsp;septiembre, el noveno mes del Calendario Gregoriano. &nbsp;<\/p>\n\n\n\n<p class=\"wp-block-paragraph\"><strong>Septiembre<\/strong>&nbsp;en nuestro Pa\u00eds, siempre lo hemos considerado como el&nbsp;<strong>Mes Patrio<\/strong>&nbsp;por las acciones derivadas. En primer t\u00e9rmino, la iniciaci\u00f3n del Movimiento Libertario&nbsp;de Miguel Hidalgo. Despu\u00e9s, en 1821, la Consumaci\u00f3n de la Independencia. M\u00e1s&nbsp;adelante las batallas contra los invasores norteamericanos, en 1847. En el Castillo&nbsp;de Chapultepec, sede del H. Colegio Militar, y en Churubusco con el general Pedro&nbsp;Mar\u00eda Anaya al frente. Finalmente, la solemne conmemoraci\u00f3n en Morelia,&nbsp;Michoac\u00e1n, del natalicio de Jos\u00e9 Mar\u00eda Morelos y Pav\u00f3n, el 30 de septiembre de&nbsp;1765.<\/p>\n\n\n\n<p class=\"wp-block-paragraph\">Ahora, el ingenio, el despierto humor del mexicano que se come a la muerte, en&nbsp;figuras de az\u00facar y chocolate y la festeja con figuras de cart\u00f3n y de madera, adem\u00e1s&nbsp;de versificarla en \u201ccalaveritas\u201d, al noveno mes del Calendario Gregoriano lo&nbsp;\u201cbautizaron\u201d como&nbsp;<strong>Septiemble<\/strong>&nbsp;y otros no se contuvieron y lo \u201csantificaron\u201d al&nbsp;declararlo como el&nbsp;<strong>D\u00eda de San Goloteo.&nbsp;<\/strong>En las redes sociales circularon un meme&nbsp;con la leyenda \u201c<strong>Los mexicanos son tan cab\u2026que hacen simulacros con&nbsp;<\/strong><strong>terremotos reales<\/strong>\u201d. Esto \u00faltimo relacionado con los simulacros de hace cinco a\u00f1os&nbsp;y el de este 2022 que antecedieron a los temblores.<\/p>\n\n\n\n<p class=\"wp-block-paragraph\"><strong>LOS SISMOS NO SON PREVISIBLES<\/strong><\/p>\n\n\n\n<p class=\"wp-block-paragraph\">En los hogares, en las oficinas p\u00fablicas, en los despachos privados, en los&nbsp;restaurantes y en las fondas, el tema obligado, est\u00e1 relacionado con los dos \u00faltimos&nbsp;temblores que se originaron en las costas michoacanas. Son muchas las preguntas&nbsp;que amenizan las conversaciones. Una de las principales interrogantes es qu\u00e9 si&nbsp;hay coincidencia en mes y fecha o sea en 19 de septiembre, porque en M\u00e9xico tres&nbsp;est\u00e1n registrados, con esos datos, en el Catalogo de Sismos Hist\u00f3ricos.<\/p>\n\n\n\n<p class=\"wp-block-paragraph\">La respuesta de especialistas en geolog\u00eda, vulcan\u00f3logos\/as, ge\u00f3logos\/as, y&nbsp;especialistas en los estudios de sismolog\u00eda, categ\u00f3ricamente afirman que no hay nadie que fundamente una explicaci\u00f3n al respecto. Ni se pueden pronosticar los&nbsp;temblores en sus diversas dimensiones, menos a\u00fan se prev\u00e9n. Son fen\u00f3menos de&nbsp;la naturaleza que obedecen al movimiento de las placas tect\u00f3nicas, las que al&nbsp;desplazarse si llegan a rozarse o a chocar, se produce el movimiento tel\u00farico.<\/p>\n\n\n\n<p class=\"wp-block-paragraph\">M\u00e1s adelante comentar\u00e9 sobre lo que declararon los y las cient\u00edficas y aportar\u00e9&nbsp;datos del origen del Servicio Sismol\u00f3gico Nacional que en el pasado 5 de este&nbsp;tembloroso mes cumpli\u00f3 117 a\u00f1os. En las 60 estaciones instaladas en el Pa\u00eds para&nbsp;monitorear permanente los sismos, se cuenta con equipos de avanzada tecnolog\u00eda.<\/p>\n\n\n\n<p class=\"wp-block-paragraph\"><strong>10 TEMBLORES EN SEPTIEMBRE<\/strong><\/p>\n\n\n\n<p class=\"wp-block-paragraph\">En los \u00faltimos treinta y siete a\u00f1os, quienes habitamos del antiguo Distrito Federal,&nbsp;hoy flamante Ciudad de M\u00e9xico, hemos vivo minutos de angustia, de espanto, de&nbsp;sorpresiva carrera para protegerse, cuando el piso comienza a moverse, las&nbsp;l\u00e1mparas y objetos colgantes se balancean, los cables tendidos en las calles&nbsp;chicotean. Lo relevante es que los \u00faltimos han sido oscilatorios. El del 85 que se&nbsp;combin\u00f3 con el trepidatorio.<\/p>\n\n\n\n<p class=\"wp-block-paragraph\">Antes no exist\u00eda el Sistema de Alarma S\u00edsmica. Tampoco se realizaban simulacros. &nbsp;<\/p>\n\n\n\n<p class=\"wp-block-paragraph\">Desde aquella ma\u00f1ana del jueves 19 de septiembre de 1985 a la madrugada de&nbsp;este jueves 22 de septiembre del 2022, suman \u00a1diez sismos! &nbsp;<\/p>\n\n\n\n<p class=\"wp-block-paragraph\">El primero fue devastador en muertes, hombres y mujeres heridas y da\u00f1os&nbsp;materiales. Alcanz\u00f3 8.1 grados en la escala de Richter. Las escenas dram\u00e1ticas se&nbsp;sucedieron por d\u00edas. La b\u00fasqueda de los familiares, entre los escombros. El rescate&nbsp;de los ni\u00f1os sobrevivientes que estaban en los cuneros del Hospital Ju\u00e1rez. Los&nbsp;reportes de los parientes radicados en el interior de la Rep\u00fablica.<\/p>\n\n\n\n<p class=\"wp-block-paragraph\">El del pasado jueves lleg\u00f3 hasta 6.9 de la misma escala, pero se sinti\u00f3 fuerte. Lo&nbsp;clasificaron como r\u00e9plica del registrado apenas el lunes anterior. Recordemos que&nbsp;el viernes 20 de septiembre de 1985, la r\u00e9plica fue de 7.6 grados. &nbsp;<\/p>\n\n\n\n<p class=\"wp-block-paragraph\">Los correspondientes a septiembre del siglo pasado fueron: viernes 10, en 1993;&nbsp;jueves 14 en 1995 y en 1999, viernes 3. Estos sismos como la mayor\u00eda, tuvieron&nbsp;sus respectivos epicentros en las costas oaxaque\u00f1as, michoacanas, jaliscienses y&nbsp;guerrerenses. Tambi\u00e9n se localizan en Chiapas y en Colima. El Oc\u00e9ano Pac\u00edfico es&nbsp;\u201cel coco\u201d, en las profundidades de las aguas est\u00e1n las Placas Tect\u00f3nicas, de las&nbsp;comentar\u00e9 despu\u00e9s.<\/p>\n\n\n\n<p class=\"wp-block-paragraph\">Por simple coincidencia los registrados en lo que va del Siglo XXI, ocurrieron en un&nbsp;d\u00eda 19. En martes, a las 13 horas y minutos, en 2017; en domingo el 2021 y el&nbsp;pasado lunes de este 2022. Hubo uno m\u00e1s, el martes 7 de septiembre de 2021,&nbsp;causando serios da\u00f1os en el ex paradisiaco Puerto de Acapulco, Guerrero. &nbsp;<\/p>\n\n\n\n<p class=\"wp-block-paragraph\"><strong>EL DE SEPTIEMBRE DE 1754<\/strong><\/p>\n\n\n\n<p class=\"wp-block-paragraph\">Destaca en la relaci\u00f3n de los&nbsp;<strong>Sismos Hist\u00f3ricos<\/strong>&nbsp;el que sacudi\u00f3 a los habitantes de&nbsp;la Nueva Espa\u00f1a. No encontr\u00e9 el dato de la hora, pero si el de las prolongadas&nbsp;duraciones<strong>,<\/strong>&nbsp;<strong>15 minutos,&nbsp;<\/strong>que debieron ser aterradores<strong>.<\/strong>&nbsp;&nbsp;<\/p>\n\n\n\n<p class=\"wp-block-paragraph\">Para quienes habitamos del antiguo M\u00e9xico Tenochtitl\u00e1n, para las vecindades de&nbsp;Puebla y de Tlaxcala, el 1 de septiembre de 1754 debi\u00f3 ser horrible.<\/p>\n\n\n\n<p class=\"wp-block-paragraph\">En las costas de Oaxaca se localiz\u00f3 el epicentro. Cayeron muchas r\u00fasticas&nbsp;viviendas, algunas Iglesias Cat\u00f3licas en la Ciudad de M\u00e9xico murieron 40 personas.<\/p>\n\n\n\n<p class=\"wp-block-paragraph\">En la Capital Mexicana los acueductos y las ca\u00f1er\u00edas sufrieron da\u00f1os de&nbsp;consideraci\u00f3n y la poblaci\u00f3n qued\u00f3 sin agua potable. Uno de los acueductos era el&nbsp;de Chapultepec hacia el centro de la Ciudad. Como recuerdo tenemos una parte de&nbsp;ese conductor de agua, en la Avenida Chapultepec, a la altura de la Estaci\u00f3n Sevilla&nbsp;del Metro, as\u00ed como en la hoy confluencia de Arcos de Bel\u00e9n y Eje Central L\u00e1zaro&nbsp;C\u00e1rdenas, est\u00e1 el final del acueducto y est\u00e1 un monumento que conocemos \u201cSalto&nbsp;del Agua\u201d.<\/p>\n\n\n\n<p class=\"wp-block-paragraph\">Los da\u00f1os en Tlaxcala se resintieron en la Capilla de Nuestra Se\u00f1ora de Guadalupe,&nbsp;pues la iglesia se desplom\u00f3. En otros templos las torres cayeron por tierra. Tres&nbsp;templos registraron severos da\u00f1os en Puebla: en los Conventos de Santa Clara y&nbsp;San Francisco y el de San Juan de Dios. En tanto que en Huajuapan (Oaxaca), que&nbsp;a\u00fan no era Huajuapan de Le\u00f3n, b\u00f3vedas y torres de las iglesias cayeron al suelo.<\/p>\n\n\n\n<p class=\"wp-block-paragraph\"><strong>TODOS LOS D\u00cdAS TIEMBLA<\/strong><\/p>\n\n\n\n<p class=\"wp-block-paragraph\">He le\u00eddo las opiniones, comentarios y declaraciones de los especialistas en el tema&nbsp;de los sismos, temblores, tsunamis, terremotos y maremotos. Personas de ciencia&nbsp;del Instituto de Geof\u00edsica de la UNAM como los del Servicio Sismol\u00f3gico Nacional,&nbsp;precisan que estos fen\u00f3menos de la naturaleza no son pronosticables, no puede&nbsp;preverse en ninguna situaci\u00f3n y coinciden en que&nbsp;<strong>todos los d\u00edas tiembla<\/strong>.<\/p>\n\n\n\n<p class=\"wp-block-paragraph\">La mayor\u00eda de esos movimientos tel\u00faricos no son perceptibles por los humanos y&nbsp;se captan en los aparatos instalados en estaciones distribuidas en todo el territorio&nbsp;nacional, teniendo su matriz en la Ciudad de M\u00e9xico. El Sismol\u00f3gico comenz\u00f3 a&nbsp;funcionar el 5 de septiembre de 1910, en la \u00faltima etapa del presidente Porfirio D\u00edaz.&nbsp;Se dio cumplimiento con ello a un acuerdo que un a\u00f1o antes tomaron los&nbsp;representantes de 18 pa\u00edses, reunidos en Par\u00edas, Francia.<\/p>\n\n\n\n<p class=\"wp-block-paragraph\">A prop\u00f3sito de \u201ctodos los d\u00edas tiembla\u201d, el investigador del Instituto de Geof\u00edsica de&nbsp;la UNAM, Luis Quintanar Robles ha dicho que tiembla porque \u201clas placas tect\u00f3nicas&nbsp;se est\u00e1n moviendo de manera continua, una con relaci\u00f3n a la otra,&nbsp;permanentemente y eso produce una fricci\u00f3n constante\u201d. A\u00f1adi\u00f3 que&nbsp;\u201cEventualmente, esa fricci\u00f3n puede llegar a romper la interface entre las placas y&nbsp;eso va a liberar la energ\u00eda que se traduce como sismo\u201d.<\/p>\n\n\n\n<p class=\"wp-block-paragraph\">Nuestro territorio, seg\u00fan informaci\u00f3n recabada, est\u00e1 sobre las Placas Mediterr\u00e1nea,&nbsp;Los Cocos, del Pac\u00edfico, del Caribe y de la Rivera. Cuando hay roce o choque entre&nbsp;dos de esas placas fr\u00edas y r\u00edgidas, se producen los temblores y las r\u00e9plicas de los&nbsp;mismos que alcanzan sumas muy elevadas por espacio de varios d\u00edas, como ocurre&nbsp;ahora en Colima y en Coalcom\u00e1n, Michoac\u00e1n.<\/p>\n\n\n\n<p class=\"wp-block-paragraph\">La escala, con que se mide la intensidad de los sismos fue elaborada por el&nbsp;sism\u00f3logo estadounidense&nbsp;<strong>Charles Francis Richter,&nbsp;<\/strong>en 1935. Cont\u00f3 con la&nbsp;colaboraci\u00f3n de su colega germano-norteamericano&nbsp;<strong>Beno Gutenberg<\/strong>. Ambos&nbsp;hicieron estudios para clasificar el grado de los terremotos. &nbsp;<\/p>\n\n\n\n<p class=\"wp-block-paragraph\">Richter y Gutenberg redactaron manuales y escribieron libros sobre sismolog\u00eda. Los&nbsp;textos son fundamentales en la actualidad y tienen reconocimiento mundial. Richter&nbsp;muri\u00f3 en 1985 en Camboya, a la edad de 85 a\u00f1os. El alem\u00e1n Gutenberg falleci\u00f3 en&nbsp;1960, a la edad de 70 a\u00f1os. Ambos estuvieron en el Instituto Tecnol\u00f3gico de&nbsp;California y trabajaron en las Universidades Stanford y en la Del Sur de California.<\/p>\n\n\n\n<p class=\"wp-block-paragraph\"><strong>jherrerav@live.com.mx<\/strong><\/p>\n","protected":false},"excerpt":{"rendered":"<p>Los movimientos tel\u00faricos,\u00a0tambi\u00e9n llamados temblores de tierra y los terremotos, crearon una psicosis al llegar\u00a0septiembre<\/p>\n","protected":false},"author":3,"featured_media":38023,"comment_status":"open","ping_status":"open","sticky":false,"template":"","format":"standard","meta":{"_monsterinsights_skip_tracking":false,"footnotes":""},"categories":[693,94,35],"tags":[],"class_list":["post-56449","post","type-post","status-publish","format-standard","has-post-thumbnail","category-693","category-jorge-herrera-valenzuela","category-opinion"],"_links":{"self":[{"href":"https:\/\/redsemlac.com\/semmexico\/wp-json\/wp\/v2\/posts\/56449","targetHints":{"allow":["GET"]}}],"collection":[{"href":"https:\/\/redsemlac.com\/semmexico\/wp-json\/wp\/v2\/posts"}],"about":[{"href":"https:\/\/redsemlac.com\/semmexico\/wp-json\/wp\/v2\/types\/post"}],"author":[{"embeddable":true,"href":"https:\/\/redsemlac.com\/semmexico\/wp-json\/wp\/v2\/users\/3"}],"replies":[{"embeddable":true,"href":"https:\/\/redsemlac.com\/semmexico\/wp-json\/wp\/v2\/comments?post=56449"}],"version-history":[{"count":0,"href":"https:\/\/redsemlac.com\/semmexico\/wp-json\/wp\/v2\/posts\/56449\/revisions"}],"wp:featuredmedia":[{"embeddable":true,"href":"https:\/\/redsemlac.com\/semmexico\/wp-json\/wp\/v2\/media\/38023"}],"wp:attachment":[{"href":"https:\/\/redsemlac.com\/semmexico\/wp-json\/wp\/v2\/media?parent=56449"}],"wp:term":[{"taxonomy":"category","embeddable":true,"href":"https:\/\/redsemlac.com\/semmexico\/wp-json\/wp\/v2\/categories?post=56449"},{"taxonomy":"post_tag","embeddable":true,"href":"https:\/\/redsemlac.com\/semmexico\/wp-json\/wp\/v2\/tags?post=56449"}],"curies":[{"name":"wp","href":"https:\/\/api.w.org\/{rel}","templated":true}]}}