{"id":56447,"date":"2022-09-25T17:00:01","date_gmt":"2022-09-25T23:00:01","guid":{"rendered":"https:\/\/redsemlac.com\/semmexico\/?p=56447"},"modified":"2023-07-21T19:16:20","modified_gmt":"2023-07-22T00:16:20","slug":"se-suma-el-inai-a-la-demanda-de-la-apertura-de-informacion-sobre-el-caso-ayotzinapa","status":"publish","type":"post","link":"https:\/\/redsemlac.com\/semmexico\/se-suma-el-inai-a-la-demanda-de-la-apertura-de-informacion-sobre-el-caso-ayotzinapa\/","title":{"rendered":"Se suma el INAI a la demanda de la apertura de informaci\u00f3n sobre el caso Ayotzinapa"},"content":{"rendered":"\n<p class=\"wp-block-paragraph\">Es un derecho de la sociedad y, en particular, de los familiares de los 43 estudiantes&nbsp;normalistas contar con informaci\u00f3n para vigilar el actuar de las autoridades&nbsp;encargadas del caso<\/p>\n\n\n\n<p class=\"wp-block-paragraph\">Recientemente, el Pleno del INAI instruy\u00f3 a la FGR entregar la averiguaci\u00f3n previa,&nbsp;actualizada<\/p>\n\n\n\n<p class=\"wp-block-paragraph\">Redacci\u00f3n<\/p>\n\n\n\n<p class=\"wp-block-paragraph\">SemM\u00e9xico, Ciudad de M\u00e9xico, 25 de septiembre, 2022.- &nbsp;Se mantiene firme el&nbsp;compromiso del Instituto Nacional de Transparencia, Acceso a la Informaci\u00f3n y&nbsp;Protecci\u00f3n de Datos Personales (INAI) con la apertura de informaci\u00f3n que permita&nbsp;a la sociedad conocer documentos y acciones para esclarecer la desaparici\u00f3n de&nbsp;los 43 estudiantes de la Escuela Normal Rural \u201cIsidro Burgos\u201d, de Ayotzinapa. &nbsp;<\/p>\n\n\n\n<p class=\"wp-block-paragraph\">Las Comisionadas y los Comisionados coinciden en que es un derecho de la&nbsp;sociedad y, en particular, de los familiares, de sus madres, de los 43 estudiantes&nbsp;contar con informaci\u00f3n para vigilar el actuar de las autoridades en el Caso&nbsp;Ayotzinapa y exigir justicia ante este hecho lamentable, que tuvo lugar el 26 de&nbsp;septiembre de 2014. &nbsp;<\/p>\n\n\n\n<p class=\"wp-block-paragraph\">De 2014 a 2022, se han presentado un total de mil 508 solicitudes de informaci\u00f3n,&nbsp;en las que se han requerido versi\u00f3n p\u00fablica de la averiguaci\u00f3n previa del caso, las&nbsp;acciones emprendidas por la entonces Procuradur\u00eda General de la Rep\u00fablica&nbsp;(PGR), diligencias, declaraciones de los involucrados, operativos, peritajes,&nbsp;informes o partes militares del 27 Batall\u00f3n de Infanter\u00eda, bit\u00e1coras, fotograf\u00edas y&nbsp;registros, entre otros documentos.<\/p>\n\n\n\n<p class=\"wp-block-paragraph\">Las instituciones que acumulan el mayor n\u00famero de solicitudes sobre este tema son&nbsp;la Fiscal\u00eda General de la Rep\u00fablica (FGR), antes PGR, con 556; la Secretar\u00eda de&nbsp;Gobernaci\u00f3n (SEGOB), con 131; la Secretar\u00eda de la Defensa Nacional (Sedena),&nbsp;con 117; la Comisi\u00f3n Nacional de Derechos Humanos (CNDH), con 72, el Consejo&nbsp;de la Judicatura Federal y la Polic\u00eda Federal, cada una con 53 peticiones. &nbsp;<\/p>\n\n\n\n<p class=\"wp-block-paragraph\">Ante la inconformidad por la informaci\u00f3n recibida o la falta de respuesta, en el&nbsp;periodo se\u00f1alado, se han interpuesto ante el INAI un total de 158 recursos de&nbsp;revisi\u00f3n; en 58 asuntos, el Pleno determin\u00f3 modificar la respuesta de la instituci\u00f3n,<\/p>\n\n\n\n<p class=\"wp-block-paragraph\">y en 30, revocarla, para instruir a las instituciones la entrega de la informaci\u00f3n que&nbsp;demanda la sociedad. &nbsp;<\/p>\n\n\n\n<p class=\"wp-block-paragraph\">En febrero de 2015, el Pleno del Instituto orden\u00f3 a la entonces PGR abrir la&nbsp;averiguaci\u00f3n previa integrada hasta ese momento por la desaparici\u00f3n de los 43&nbsp;normalistas, identificada con el n\u00famero PGR\/SEIDO\/UEIDMS\/01\/2015; a la fecha,&nbsp;el documento est\u00e1 disponible para su consulta en https:\/\/www.gob.mx\/fgr\/acciones-y-programas\/expediente-caso-iguala. &nbsp;<\/p>\n\n\n\n<p class=\"wp-block-paragraph\">Recientemente, en febrero de 2022, el INAI instruy\u00f3 a la FGR entregar versi\u00f3n&nbsp;p\u00fablica de la averiguaci\u00f3n previa del caso, actualizada, con la totalidad de&nbsp;actuaciones llevadas a cabo. &nbsp;<\/p>\n\n\n\n<p class=\"wp-block-paragraph\">Entre otra informaci\u00f3n que el Pleno ha instruido entregar se encuentran: las&nbsp;declaraciones de los militares involucrados en los hechos; los documentos que dan&nbsp;cuenta de las actividades del personal militar del 27 Batall\u00f3n de Infanter\u00eda en d\u00edas&nbsp;previos y posteriores a la desaparici\u00f3n de los 43 normalistas; fotograf\u00edas y registros&nbsp;tomados a los estudiantes por el Ej\u00e9rcito; las bit\u00e1coras e informes de elementos de&nbsp;la Sedena y la PF sobre el suceso; las videograbaciones de los veh\u00edculos que&nbsp;transitaron por la caseta de cobro de Iguala, Guerrero, el 26 y 27 de septiembre, y&nbsp;los documentos que den cuenta de la participaci\u00f3n de buzos de la Secretar\u00eda de&nbsp;Marina (Semar), en la b\u00fasqueda de los normalistas en el R\u00edo San Juan. &nbsp;<\/p>\n\n\n\n<p class=\"wp-block-paragraph\">A ocho a\u00f1os de este lamentable acontecimiento, el Pleno del INAI se suma a las&nbsp;voces que exigen el esclarecimiento de los hechos y refrenda su compromiso para&nbsp;garantizar la apertura de toda aquella informaci\u00f3n que contribuya a conocer la&nbsp;verdad.<br><\/p>\n","protected":false},"excerpt":{"rendered":"<p>Se mantiene firme el\u00a0compromiso del INAI con la apertura de informaci\u00f3n que permita\u00a0a la sociedad conocer documentos y acciones para esclarecer la desaparici\u00f3n de\u00a0los 43 estudiantes de la Escuela Normal Rural \u201cIsidro Burgos\u201d, de Ayotzinapa. \u00a0<\/p>\n","protected":false},"author":3,"featured_media":56446,"comment_status":"open","ping_status":"open","sticky":false,"template":"","format":"standard","meta":{"_monsterinsights_skip_tracking":false,"footnotes":""},"categories":[693,51],"tags":[],"class_list":["post-56447","post","type-post","status-publish","format-standard","has-post-thumbnail","category-693","category-ejecutivo"],"_links":{"self":[{"href":"https:\/\/redsemlac.com\/semmexico\/wp-json\/wp\/v2\/posts\/56447","targetHints":{"allow":["GET"]}}],"collection":[{"href":"https:\/\/redsemlac.com\/semmexico\/wp-json\/wp\/v2\/posts"}],"about":[{"href":"https:\/\/redsemlac.com\/semmexico\/wp-json\/wp\/v2\/types\/post"}],"author":[{"embeddable":true,"href":"https:\/\/redsemlac.com\/semmexico\/wp-json\/wp\/v2\/users\/3"}],"replies":[{"embeddable":true,"href":"https:\/\/redsemlac.com\/semmexico\/wp-json\/wp\/v2\/comments?post=56447"}],"version-history":[{"count":0,"href":"https:\/\/redsemlac.com\/semmexico\/wp-json\/wp\/v2\/posts\/56447\/revisions"}],"wp:featuredmedia":[{"embeddable":true,"href":"https:\/\/redsemlac.com\/semmexico\/wp-json\/wp\/v2\/media\/56446"}],"wp:attachment":[{"href":"https:\/\/redsemlac.com\/semmexico\/wp-json\/wp\/v2\/media?parent=56447"}],"wp:term":[{"taxonomy":"category","embeddable":true,"href":"https:\/\/redsemlac.com\/semmexico\/wp-json\/wp\/v2\/categories?post=56447"},{"taxonomy":"post_tag","embeddable":true,"href":"https:\/\/redsemlac.com\/semmexico\/wp-json\/wp\/v2\/tags?post=56447"}],"curies":[{"name":"wp","href":"https:\/\/api.w.org\/{rel}","templated":true}]}}