{"id":56440,"date":"2022-09-25T08:19:16","date_gmt":"2022-09-25T14:19:16","guid":{"rendered":"https:\/\/redsemlac.com\/semmexico\/?p=56440"},"modified":"2023-07-21T19:16:21","modified_gmt":"2023-07-22T00:16:21","slug":"terceras-jornadas-yo-no-renuncio-por-la-conciliacion","status":"publish","type":"post","link":"https:\/\/redsemlac.com\/semmexico\/terceras-jornadas-yo-no-renuncio-por-la-conciliacion\/","title":{"rendered":"Terceras Jornadas \u201cYo No Renuncio\u201d por la conciliaci\u00f3n"},"content":{"rendered":"\n<p class=\"wp-block-paragraph\">La corresponsabilidad \u201cS\u00ed es cosa de hombres\u201d<\/p>\n\n\n\n<p class=\"wp-block-paragraph\">La Asociaci\u00f3n \u00abYo No Renuncio\u00bb junto al Club \u00abMalasmadres\u00bb buscan la responsabilidad masculina en la maternidad<\/p>\n\n\n\n<p class=\"wp-block-paragraph\"><a href=\"https:\/\/amecopress.net\/Ana-Quereda\">Ana Quereda<\/a><\/p>\n\n\n\n<p class=\"wp-block-paragraph\">SemM\u00e9xico\/AmecoPress, Madrid. 25 de septiembre, 2022.-&nbsp;<em>La Asociaci\u00f3n por la conciliaci\u00f3n \u00abYo No Renuncio\u00bb y el Club \u00abMalasmadres\u00bb se han unido este 22 de septiembre con motivo de unas jornadas de denuncia, concienciaci\u00f3n y sensibilizaci\u00f3n para la sociedad sobre el papel de los hombres en los hogares familiares, la vida laboral femenina y las leyes de ayuda socioecon\u00f3micas en la maternidad. En palabras de la asociaci\u00f3n, \u00abla falta de corresponsabilidad en Espa\u00f1a es una realidad y en estas jornadas queremos que nuestras parejas hombres, amigos, padres, hijos nos escuchen y sean parte de esta revoluci\u00f3n, que lideramos nosotras, para construir una sociedad m\u00e1s justa e igualitaria.<\/em><\/p>\n\n\n\n<p class=\"wp-block-paragraph\">El Espacio Fundaci\u00f3n Telef\u00f3nica, en el centro de Madrid, ha dado la bienvenida, por tercera vez, a dos asociaciones en un evento por la visibilidad de la lucha de las mujeres en su vida diaria y en c\u00f3mo los hombres pueden y deben formar parte de ella.<\/p>\n\n\n\n<p class=\"wp-block-paragraph\">\u00abS\u00ed es cosa de hombres\u00bb fue el lema de este evento, con el fin de buscar la corresponsabilidad y la conciliaci\u00f3n de los hombres, llam\u00e1ndolos a hacer equipo con las mujeres y que cuenten con un papel cuidando a sus hijas e hijos por derecho, no por obligaci\u00f3n.<\/p>\n\n\n\n<p class=\"wp-block-paragraph\">El enfoque principal ha sido llevado a la maternidad, que desde siempre ha sido vista como un tema exclusivo de las mujeres y en el que la sociedad ha decidido que los hombres son un factor secundario, buscando concienciar a ambas partes de que ese \u00e1mbito familiar no es exclusivamente femenino.<\/p>\n\n\n\n<figure class=\"wp-block-image size-large\"><a href=\"https:\/\/redsemlac.com\/semmexico\/wp-content\/uploads\/2022\/09\/no-renuncio-02.jpg\"><img decoding=\"async\" src=\"https:\/\/redsemlac.com\/semmexico\/wp-content\/uploads\/2022\/09\/no-renuncio-02-1024x938.jpg\" alt=\"\" class=\"wp-image-56443\"\/><\/a><\/figure>\n\n\n\n<p class=\"wp-block-paragraph\"><a href=\"https:\/\/amecopress.net\/IMG\/jpg\/1663850207334.jpg\"><\/a>La inauguraci\u00f3n del acto fue tomada por Isabel Rodr\u00edguez Garc\u00eda, Ministra de Pol\u00edtica Territorial y Portavoz del Gobierno, de la mano de Laura Baena, Fundadora del Club de \u201cMalasmadres\u201d y Presidenta de la Asociaci\u00f3n \u201cYo No Renuncio\u201d, qui\u00e9n ha sido la Moderadora y principal agente de este evento.<\/p>\n\n\n\n<p class=\"wp-block-paragraph\">La Ministra ha hablado acerca de la Ley de Familias actual y los avances que ha tenido con los permisos de maternidad o la reducci\u00f3n de la brecha salarial. Son los factores socio-econ\u00f3micos los que m\u00e1s influyen a la hora de tomar la decisi\u00f3n de crear una familia o aumentarla. Son las mujeres las que, en la mayor\u00eda de los casos, tienen que tomar la decisi\u00f3n de renunciar a su vida social, a su salud mental o a sus carreras profesionales para poder cuidar de sus hijos e hijas, por lo que es necesaria la figura de \u00abhombre (padre) corresponsable\u00bb y las modificaciones legales para que una madre no tenga que convertirse en solo y exclusivamente una madre. Tampoco ha olvidado la falta de derechos de las mujeres que son trabajadoras del hogar.<\/p>\n\n\n\n<figure class=\"wp-block-image size-large\"><a href=\"https:\/\/redsemlac.com\/semmexico\/wp-content\/uploads\/2022\/09\/no-renuncio-03.jpg\"><img decoding=\"async\" src=\"https:\/\/redsemlac.com\/semmexico\/wp-content\/uploads\/2022\/09\/no-renuncio-03-1024x682.jpg\" alt=\"\" class=\"wp-image-56442\"\/><\/a><\/figure>\n\n\n\n<p class=\"wp-block-paragraph\"><a href=\"https:\/\/amecopress.net\/IMG\/jpg\/inauguracion__isabel_rodriguez_ministra_de_politica_territorial_y_portavoz_del_gobierno_y_laura_baena_presidenta_de_la_asociacion_yo_no_renuncio.jpg\"><\/a>\u00abLos hombres no cuidan porque no quieren\u00bb, Sonsoles \u00d3nega<\/p>\n\n\n\n<p class=\"wp-block-paragraph\">Tras la inauguraci\u00f3n de las Jornadas, tuvieron lugar dos mesas de debate en la que se expusieron las luchas diarias casi invisibilizadas y d\u00f3nde se trataron muchos testimonios personales:<\/p>\n\n\n\n<p class=\"wp-block-paragraph\"><strong>Por qu\u00e9 no cuidan los hombres<\/strong><\/p>\n\n\n\n<p class=\"wp-block-paragraph\">La primera mesa estuvo moderada por Laura Baena y en ella han participado por Alberto Soler (psic\u00f3logo y escritor), Teresa Jurado (Soci\u00f3loga), Sonsoles \u00d3nega (comunicadora y escritora) y Tatiana Espinosa de los Monteros (Directora de RR.LL. y Diversidad en Telef\u00f3nica).<\/p>\n\n\n\n<p class=\"wp-block-paragraph\">Se debati\u00f3 sobre la b\u00fasqueda de una sociedad en la cual ser madre no signifique tener que romper su vida social o su carrera laboral y c\u00f3mo el papel pr\u00e1cticamente nulo del hombre en la maternidad afecta a los matrimonios y las medidas y soluciones que hay que tomar para poder contar con un hogar corresponsable entre los dos progenitores.<\/p>\n\n\n\n<p class=\"wp-block-paragraph\"><strong>\u201cLas madres no son superwoman\u201d, Laura Baena<\/strong><\/p>\n\n\n\n<p class=\"wp-block-paragraph\">La segunda mesa, titulada \u2019D\u00f3nde est\u00e1n los hombres cuando hablamos de conciliaci\u00f3n\u2019 ha contado con la participaci\u00f3n de Javier Royo (ilustrador), Iria Mara\u00f1\u00f3n (Fil\u00f3loga y escritora) y Virginia Mosquera (Directora creativa y guionista), y ha estado moderada por Laura Baena.<\/p>\n\n\n\n<p class=\"wp-block-paragraph\">El foco principal de esta mesa de debate fue la importancia de que los hombres levanten la voz y de las medidas de conciliaci\u00f3n de las empresas. La igualdad de hoy en d\u00eda no deja de ser una \u00abigualdad falsa\u00bb y en muchos hogares se sigue dando por hecho que la mujer tiene que usar su tiempo en las tareas dom\u00e9sticas mientras que el hombre puede seguir nutriendo su faceta social o su carrera profesional.<\/p>\n\n\n\n<p class=\"wp-block-paragraph\">La Asociaci\u00f3n \u201cYo No Renuncio\u201d naci\u00f3 en 2015 debido a la experiencia personal de su Presidenta, Laura Baena, para que ninguna mujer tenga que renunciar a ninguno de sus aspectos o \u00e1mbitos sociales cuando se convierten en madres.<\/p>\n\n\n\n<p class=\"wp-block-paragraph\">El Club \u00abMalasmadres\u00bb es, sobre todo, un club emocional. Se cre\u00f3 en 2014 con el fin de desmitificar la maternidad e intentar romper con el rol de la \u00abmadre perfecta\u00bb. Quieren acabar con el modelo actual que existe de maternidad, y que las madres puedan luchar por su futuro y por su carrera profesional sin renunciar a cuidar a sus hijos e hijas.<\/p>\n\n\n\n<p class=\"wp-block-paragraph\">Para m\u00e1s informaci\u00f3n de esta comunidad puedes visitar su sitio web&nbsp;<a href=\"https:\/\/clubdemalasmadres.com\/\">https:\/\/clubdemalasmadres.com\/<\/a>.<\/p>\n\n\n\n<p class=\"wp-block-paragraph\"><strong>Foto: archivo AmecoPress.<\/strong><\/p>\n","protected":false},"excerpt":{"rendered":"<p>La Asociaci\u00f3n \u00abYo No Renuncio\u00bb junto al Club \u00abMalasmadres\u00bb buscan la responsabilidad masculina en la maternidad<\/p>\n","protected":false},"author":3,"featured_media":56444,"comment_status":"open","ping_status":"open","sticky":false,"template":"","format":"standard","meta":{"_monsterinsights_skip_tracking":false,"footnotes":""},"categories":[693,53],"tags":[],"class_list":["post-56440","post","type-post","status-publish","format-standard","has-post-thumbnail","category-693","category-internacional"],"_links":{"self":[{"href":"https:\/\/redsemlac.com\/semmexico\/wp-json\/wp\/v2\/posts\/56440","targetHints":{"allow":["GET"]}}],"collection":[{"href":"https:\/\/redsemlac.com\/semmexico\/wp-json\/wp\/v2\/posts"}],"about":[{"href":"https:\/\/redsemlac.com\/semmexico\/wp-json\/wp\/v2\/types\/post"}],"author":[{"embeddable":true,"href":"https:\/\/redsemlac.com\/semmexico\/wp-json\/wp\/v2\/users\/3"}],"replies":[{"embeddable":true,"href":"https:\/\/redsemlac.com\/semmexico\/wp-json\/wp\/v2\/comments?post=56440"}],"version-history":[{"count":0,"href":"https:\/\/redsemlac.com\/semmexico\/wp-json\/wp\/v2\/posts\/56440\/revisions"}],"wp:featuredmedia":[{"embeddable":true,"href":"https:\/\/redsemlac.com\/semmexico\/wp-json\/wp\/v2\/media\/56444"}],"wp:attachment":[{"href":"https:\/\/redsemlac.com\/semmexico\/wp-json\/wp\/v2\/media?parent=56440"}],"wp:term":[{"taxonomy":"category","embeddable":true,"href":"https:\/\/redsemlac.com\/semmexico\/wp-json\/wp\/v2\/categories?post=56440"},{"taxonomy":"post_tag","embeddable":true,"href":"https:\/\/redsemlac.com\/semmexico\/wp-json\/wp\/v2\/tags?post=56440"}],"curies":[{"name":"wp","href":"https:\/\/api.w.org\/{rel}","templated":true}]}}