{"id":56435,"date":"2022-09-25T08:17:46","date_gmt":"2022-09-25T14:17:46","guid":{"rendered":"https:\/\/redsemlac.com\/semmexico\/?p=56435"},"modified":"2023-07-21T19:16:21","modified_gmt":"2023-07-22T00:16:21","slug":"comunidad-digital-cubana-defiende-lactancia-materna-y-crianza-respetuosa","status":"publish","type":"post","link":"https:\/\/redsemlac.com\/semmexico\/comunidad-digital-cubana-defiende-lactancia-materna-y-crianza-respetuosa\/","title":{"rendered":"Comunidad digital cubana defiende lactancia materna y crianza respetuosa"},"content":{"rendered":"\n<p class=\"wp-block-paragraph\"><strong>El grupo Maternidad y vida aspira, a largo plazo, pasar de la virtualidad a acompa\u00f1ar el Programa de atenci\u00f3n materno-infantil, del Ministerio de Salud P\u00fablica.<\/strong><\/p>\n\n\n\n<p class=\"wp-block-paragraph\"><a href=\"https:\/\/www.ipscuba.net\/author\/redaccion\/\" target=\"_blank\" rel=\"noreferrer noopener\">Redacci\u00f3n<\/a><\/p>\n\n\n\n<p class=\"wp-block-paragraph\">SemM\u00e9xico\/IPS, La Habana, Cuba, 25 de septiembre, 2022.- &nbsp;Acompa\u00f1ar, intercambiar y compartir experiencias y conocimientos sobre lactancia materna, alimentaci\u00f3n y crianza respetuosa mueve los hilos de la comunidad digital&nbsp;<a href=\"https:\/\/www.facebook.com\/106203678617094\/posts\/pfbid0oGrWCz1j5FyPQHUkxWvx35GQ95prRSCkdkrNV3MbEsxwbGre4i1pt4qgf9orCRgul\/?app=fbl\" target=\"_blank\" rel=\"noreferrer noopener\">Maternidad y vida<\/a>, que cumpli\u00f3 este a\u00f1o su segundo aniversario.<\/p>\n\n\n\n<p class=\"wp-block-paragraph\">Este colectivo virtual, surgido el 5 de agosto de 2020, en plena epidemia de covid-19, est\u00e1 organizado mediante grupos de WhatsApp, divididos por edades y temas, y grupos en&nbsp;<a href=\"https:\/\/t.me\/MaternidadyvidaCanal\" target=\"_blank\" rel=\"noreferrer noopener\">Telegram<\/a>, cuentas en Instagram y un canal de YouTube, dijo Milene Carmona, licenciada en estudios socioculturales, fundadora y gestora de la iniciativa.<\/p>\n\n\n\n<p class=\"wp-block-paragraph\">Se trata de una red de apoyo para embarazadas y madres, donde compartir experiencias e informaci\u00f3n actualizada y certificada por organizaciones de Pediatr\u00eda, el Ministerio de Salud P\u00fablica y la Organizaci\u00f3n Mundial de la Salud.<\/p>\n\n\n\n<p class=\"wp-block-paragraph\">\u201cTenemos varios grupos en Telegram y fundamentalmente en WhatsApp, divididos en gestantes, donde est\u00e1n todas las embarazadas con su grupo de m\u00e9dicas y ginec\u00f3logas que comparten no solamente sus experiencias como mam\u00e1s, sino tambi\u00e9n como profesionales de la salud\u201d, apunt\u00f3.<\/p>\n\n\n\n<p class=\"wp-block-paragraph\">A su vez, existe otro grupo en WhatsApp donde est\u00e1n las madres de ni\u00f1as y ni\u00f1os menores de un a\u00f1o; y otro, para las de mayores de un a\u00f1o y hasta los 15 meses, explic\u00f3 la tambi\u00e9n instructora de arte, actriz y marionetista.<\/p>\n\n\n\n<p class=\"wp-block-paragraph\">Seg\u00fan Carmona, existen otros como Comunidad, donde se intercambia \u201cno solo de maternidad, lactancia materna y crianza respetuosa, lo que b\u00e1sicamente defendemos y promovemos, sino que nos aconsejamos, nos ayudamos en problemas familiares, las mam\u00e1s se desahogan y ah\u00ed compartimos las experiencias personales\u201d.<\/p>\n\n\n\n<p class=\"wp-block-paragraph\">A su juicio, de ese modo contribuyen a tomar las mejores decisiones en la crianza infantil.<\/p>\n\n\n\n<p class=\"wp-block-paragraph\">De acuerdo con la gestora, integran la comunidad cerca de 250 mujeres de diferentes provincias del pa\u00eds, junto a varios padres.<\/p>\n\n\n\n<p class=\"wp-block-paragraph\">En el grupo Paternidad y vida, dijo, \u201cles ense\u00f1amos, los aconsejamos y tambi\u00e9n compartimos sus miedos, porque tambi\u00e9n pap\u00e1 los tiene cuando enfrenta la paternidad\u201d.<\/p>\n\n\n\n<p class=\"wp-block-paragraph\"><strong>Utilidad probada<\/strong><\/p>\n\n\n\n<p class=\"wp-block-paragraph\">Aurora Elisa Gonz\u00e1lez, de 38 a\u00f1os, mam\u00e1 de Amanda, de tres a\u00f1os, se\u00f1ala que entraron al grupo \u201cun poco tarde, cuando la ni\u00f1a ten\u00eda m\u00e1s de dos a\u00f1os, pero me ha encantado, tienen para much\u00edsimas cosas: en el grupo de culinaria se comparten recetas para los beb\u00e9s y le he hecho much\u00edsimas cosas a mi ni\u00f1a, que casi no com\u00eda\u201d, confes\u00f3.<\/p>\n\n\n\n<p class=\"wp-block-paragraph\">En Comunidad, destac\u00f3, se comparten muchas cosas de la vida cotidiana, y en Maternidad y vida, intercambiamos consejos, \u201ces lo m\u00e1ximo, nos damos mucho apoyo, cuando mi ni\u00f1a enferm\u00f3, me apoyaron emocionalmente y con conocimientos\u201d.<\/p>\n\n\n\n<p class=\"wp-block-paragraph\">Para Mar\u00eda del Carmen Acosta, de 31 a\u00f1os, madre de Samuel, de seis meses, el proyecto signific\u00f3 mucho \u201cporque estuvimos a\u00f1os intentando que yo saliera embarazada y en el ultrasonido de confirmaci\u00f3n me insertaron en el proyecto\u201d.<\/p>\n\n\n\n<p class=\"wp-block-paragraph\">\u201cEl acompa\u00f1amiento fue esencial, ante cualquier duda, me sent\u00eda acompa\u00f1ada, algo muy necesario porque est\u00e1bamos solitos mi esposo, el beb\u00e9 y yo\u201d, agreg\u00f3.<\/p>\n\n\n\n<p class=\"wp-block-paragraph\">Sandy Hern\u00e1ndez, pap\u00e1 de Samuel, tambi\u00e9n considera que la comunidad les sirve de mucho, \u201csobre todo a ella, madre primeriza, para orientarse. Hubiera sido m\u00e1s dif\u00edcil de no haber tenido ese acompa\u00f1amiento\u201d.<\/p>\n\n\n\n<p class=\"wp-block-paragraph\"><strong>Feria de emprendimientos<\/strong><\/p>\n\n\n\n<p class=\"wp-block-paragraph\">A prop\u00f3sito de su segundo aniversario, Maternidad y vida organiz\u00f3 su segunda Feria de emprendimientos, con la participaci\u00f3n de iniciativas diversas en el centro a+ Espacios Adolescentes, en el Centro Hist\u00f3rico de La Habana, sobre todo peque\u00f1os negocios creados y gestados por mujeres y familias.<\/p>\n\n\n\n<p class=\"wp-block-paragraph\">Yaremis Betancourt, due\u00f1a y creadora del proyecto Tesoro Escondido de Disney, desde hace tres a\u00f1os trabaja para la ni\u00f1ez, desde lo did\u00e1ctico y los juegos, adem\u00e1s de decorar eventos y cumplea\u00f1os.<\/p>\n\n\n\n<p class=\"wp-block-paragraph\">Tiene un espacio f\u00edsico en alianza con otras emprendedoras de Novedades Wica, de artesan\u00eda y madera, y Carrete, que emplea mayormente el fieltro, para t\u00edteres y mu\u00f1ecos.<\/p>\n\n\n\n<p class=\"wp-block-paragraph\">Vale es un negocio familiar, dedicado a la elaboraci\u00f3n de mantequilla de man\u00ed, surgido del deseo de buscar una alimentaci\u00f3n sana para su ni\u00f1a, sin az\u00facar ni sal y que envasan en peque\u00f1os frascos de compota reciclados y esterilizados, dijo Adriana Labrada, de 22 a\u00f1os, quien comparte el emprendimiento con la maternidad y los estudios universitarios.<\/p>\n\n\n\n<p class=\"wp-block-paragraph\">Dalila Guevara, t\u00e9cnica en Econom\u00eda, inici\u00f3 Asombrarte, un negocio de manualidades y artesan\u00eda hace casi dos a\u00f1os, cuando por la pandemia, al tener una ni\u00f1a peque\u00f1a, tuvo que dejar su trabajo.<\/p>\n\n\n\n<p class=\"wp-block-paragraph\">\u201cComenc\u00e9 a hacer mis manualidades: juguetes y bisuter\u00eda. Al inicio, fue un entretenimiento, pero ya luego, empec\u00e9 a venderlas y conoc\u00ed el mundo de internet, el mundo del emprendimiento cubano y he seguido creando\u201d, declar\u00f3. (2022)<\/p>\n","protected":false},"excerpt":{"rendered":"<p>El grupo Maternidad y vida aspira, a largo plazo, pasar de la virtualidad a acompa\u00f1ar el Programa de atenci\u00f3n materno-infantil, del Ministerio de Salud P\u00fablica.<\/p>\n","protected":false},"author":3,"featured_media":56436,"comment_status":"open","ping_status":"open","sticky":false,"template":"","format":"standard","meta":{"_monsterinsights_skip_tracking":false,"footnotes":""},"categories":[693,53],"tags":[],"class_list":["post-56435","post","type-post","status-publish","format-standard","has-post-thumbnail","category-693","category-internacional"],"_links":{"self":[{"href":"https:\/\/redsemlac.com\/semmexico\/wp-json\/wp\/v2\/posts\/56435","targetHints":{"allow":["GET"]}}],"collection":[{"href":"https:\/\/redsemlac.com\/semmexico\/wp-json\/wp\/v2\/posts"}],"about":[{"href":"https:\/\/redsemlac.com\/semmexico\/wp-json\/wp\/v2\/types\/post"}],"author":[{"embeddable":true,"href":"https:\/\/redsemlac.com\/semmexico\/wp-json\/wp\/v2\/users\/3"}],"replies":[{"embeddable":true,"href":"https:\/\/redsemlac.com\/semmexico\/wp-json\/wp\/v2\/comments?post=56435"}],"version-history":[{"count":0,"href":"https:\/\/redsemlac.com\/semmexico\/wp-json\/wp\/v2\/posts\/56435\/revisions"}],"wp:featuredmedia":[{"embeddable":true,"href":"https:\/\/redsemlac.com\/semmexico\/wp-json\/wp\/v2\/media\/56436"}],"wp:attachment":[{"href":"https:\/\/redsemlac.com\/semmexico\/wp-json\/wp\/v2\/media?parent=56435"}],"wp:term":[{"taxonomy":"category","embeddable":true,"href":"https:\/\/redsemlac.com\/semmexico\/wp-json\/wp\/v2\/categories?post=56435"},{"taxonomy":"post_tag","embeddable":true,"href":"https:\/\/redsemlac.com\/semmexico\/wp-json\/wp\/v2\/tags?post=56435"}],"curies":[{"name":"wp","href":"https:\/\/api.w.org\/{rel}","templated":true}]}}