{"id":56431,"date":"2022-09-25T09:41:54","date_gmt":"2022-09-25T15:41:54","guid":{"rendered":"https:\/\/redsemlac.com\/semmexico\/?p=56431"},"modified":"2023-07-21T19:16:20","modified_gmt":"2023-07-22T00:16:20","slug":"localizan-muerta-a-enfermera-con-30-semanas-de-embarazo-desaparecida-en-cdmx","status":"publish","type":"post","link":"https:\/\/redsemlac.com\/semmexico\/localizan-muerta-a-enfermera-con-30-semanas-de-embarazo-desaparecida-en-cdmx\/","title":{"rendered":"Localizan muerta a enfermera con 30 semanas de embarazo desaparecida en CDMX"},"content":{"rendered":"\n<p class=\"wp-block-paragraph\">Su cuerpo fue localizado en la Mixteca de Oaxaca. *Reportaron su desaparici\u00f3n desde el pasado 17 de septiembre.<\/p>\n\n\n\n<p class=\"wp-block-paragraph\">Pedro MAT\u00cdAS<\/p>\n\n\n\n<p class=\"wp-block-paragraph\">SemM\u00e9xico\/P\u00e1gina 3, Oaxaca, Oax., 25 de septiembre, 2022.- A cinco d\u00edas de que se report\u00f3 la desaparici\u00f3n de la enfermera Nancy Hern\u00e1ndez Fuentes, en la Ciudad de M\u00e9xico, fue localizada muerta en la regi\u00f3n Mixteca de Oaxaca, confirm\u00f3 la Fiscal\u00eda General de Oaxaca.<\/p>\n\n\n\n<p class=\"wp-block-paragraph\">El cuerpo de la enfermera Nancy Hern\u00e1ndez Fuentes, de 35 a\u00f1os de edad y con 30 semanas de embarazada, fue localizado y fue identificado por sus familiares. De momento no se han dado detalles de la causa de su muerte.<\/p>\n\n\n\n<p class=\"wp-block-paragraph\">Seg\u00fan el reporte de desaparici\u00f3n, la \u00faltima vez que se supo de la enfermera Nancy Hern\u00e1ndez Fuentes, fue el s\u00e1bado 17 de septiembre alrededor de las 18:00 horas cuando se encontraba en la terminal Taxque\u00f1a en la Ciudad de M\u00e9xico.<\/p>\n\n\n\n<p class=\"wp-block-paragraph\">Se presume que la enfermera viajar\u00eda de la ciudad de M\u00e9xico a Cruz Grande, Guerrero, sin embargo, nunca lleg\u00f3 a su destino.<\/p>\n\n\n\n<p class=\"wp-block-paragraph\">Fue el secretario general del Comit\u00e9 Ejecutivo de la Secci\u00f3n XXXIX del ISSSTE, Ricardo Gonz\u00e1lez Alfaro, quien confirm\u00f3 la muerte de la enfermera del servicio de Urgencias del Hospital Regional \u201cAdolfo L\u00f3pez Mateos\u201d, a trav\u00e9s de una esquela.<\/p>\n\n\n\n<p class=\"wp-block-paragraph\">Antes de desaparecer, Nancy public\u00f3 en su muro fotograf\u00edas de su embarazo y poste\u00f3 que esperaba con ilusi\u00f3n a su hija Sof\u00eda:<\/p>\n\n\n\n<p class=\"wp-block-paragraph\">\u201cY mientras espero tu llegada, imagino tu rostro, tus ojitos. Sue\u00f1o con tenerte entre mis brazos y amarte con todo mi coraz\u00f3n\u201d. Esto nunca suceder\u00e1 porque una fue asesinada y la otra no naci\u00f3.<\/p>\n","protected":false},"excerpt":{"rendered":"<p>A cinco d\u00edas de que se report\u00f3 la desaparici\u00f3n de la enfermera Nancy Hern\u00e1ndez Fuentes, en la Ciudad de M\u00e9xico, fue localizada muerta en la regi\u00f3n Mixteca de Oaxaca, confirm\u00f3 la Fiscal\u00eda General de Oaxaca.<\/p>\n","protected":false},"author":3,"featured_media":56432,"comment_status":"open","ping_status":"open","sticky":false,"template":"","format":"standard","meta":{"_monsterinsights_skip_tracking":false,"footnotes":""},"categories":[693,48],"tags":[],"class_list":["post-56431","post","type-post","status-publish","format-standard","has-post-thumbnail","category-693","category-no-mas-impunidad-no-mas-impunidad"],"_links":{"self":[{"href":"https:\/\/redsemlac.com\/semmexico\/wp-json\/wp\/v2\/posts\/56431","targetHints":{"allow":["GET"]}}],"collection":[{"href":"https:\/\/redsemlac.com\/semmexico\/wp-json\/wp\/v2\/posts"}],"about":[{"href":"https:\/\/redsemlac.com\/semmexico\/wp-json\/wp\/v2\/types\/post"}],"author":[{"embeddable":true,"href":"https:\/\/redsemlac.com\/semmexico\/wp-json\/wp\/v2\/users\/3"}],"replies":[{"embeddable":true,"href":"https:\/\/redsemlac.com\/semmexico\/wp-json\/wp\/v2\/comments?post=56431"}],"version-history":[{"count":0,"href":"https:\/\/redsemlac.com\/semmexico\/wp-json\/wp\/v2\/posts\/56431\/revisions"}],"wp:featuredmedia":[{"embeddable":true,"href":"https:\/\/redsemlac.com\/semmexico\/wp-json\/wp\/v2\/media\/56432"}],"wp:attachment":[{"href":"https:\/\/redsemlac.com\/semmexico\/wp-json\/wp\/v2\/media?parent=56431"}],"wp:term":[{"taxonomy":"category","embeddable":true,"href":"https:\/\/redsemlac.com\/semmexico\/wp-json\/wp\/v2\/categories?post=56431"},{"taxonomy":"post_tag","embeddable":true,"href":"https:\/\/redsemlac.com\/semmexico\/wp-json\/wp\/v2\/tags?post=56431"}],"curies":[{"name":"wp","href":"https:\/\/api.w.org\/{rel}","templated":true}]}}