{"id":5642,"date":"2017-08-24T17:50:21","date_gmt":"2017-08-24T17:50:21","guid":{"rendered":"https:\/\/redsemlac.com\/semmexico\/?p=5642"},"modified":"2023-07-21T14:24:37","modified_gmt":"2023-07-21T19:24:37","slug":"la-abogada-feminista-andrea-medina-rosas-impartio-el-curso","status":"publish","type":"post","link":"https:\/\/redsemlac.com\/semmexico\/la-abogada-feminista-andrea-medina-rosas-impartio-el-curso\/","title":{"rendered":"La abogada feminista Andrea Medina Rosas imparti\u00f3 el curso"},"content":{"rendered":"\n<p class=\"wp-block-paragraph\"><a href=\"https:\/\/www.semmexico.com\/gallery-post.php?id=2742#\">Josefina Aguilar Pastor,<\/a><\/p>\n\n\n\n<p class=\"wp-block-paragraph\">Chilpancingo, Gro., 24 agosto 2017.- Personal del Congreso del Estado asisti\u00f3 a la capacitaci\u00f3n \u201cAcciones para sumar al logro de un parlamento sensible al g\u00e9nero\u201d, impartida por la abogada Andrea Medina Rosas. En el evento, la presidenta de la Mesa Directiva, la diputada Magdalena Camacho D\u00edaz, reconoci\u00f3 la importancia de alcanzar la igualdad en sueldos y cargas de trabajo entre hombres y mujeres \u201cque no nos vean con esa diferencia hombre y mujer somos tan capaces como ellos para desempe\u00f1ar la tarea legislativa\u201d, subray\u00f3.<br><br>La capacitaci\u00f3n fue impulsada por la titular de la Unidad de G\u00e9nero del Congreso Local, Sheila Contreras Alcaraz, quien explic\u00f3 que dicha preparaci\u00f3n, no es una ocurrencia personal, se sustenta en varios instrumentos y tratados internacionales, por lo que es importante cumplir los siguientes puntos:<br><br>El uso del lenguaje incluyente no discriminatorio en el espacio laboral, que tiene como fundamento las leyes federal y estatal para Prevenir y Eliminar la Discriminaci\u00f3n; la Ley para la Igualdad entre Mujeres y Hombres; la de Acceso a las Mujeres a una Vida Libre de Violencia; el Plan Nacional de Desarrollo, con su Estrategia 6.5 que se refiere a promover las capacidades profesionales para cumplir con la pol\u00edtica nacional de igualdad entre mujeres y hombres, y el Programa Nacional para la Igualdad de Oportunidades y no Discriminaci\u00f3n contra las Mujeres.<br><br>\u201cComo servidoras p\u00fablicas tenemos la responsabilidad de atender a estos instrumentos,, lo mismo que las leyes; parte de estas actividades es abonar a esa estrategia de cumplimiento\u201d, destac\u00f3 Contreras Alcaraz.<br><br>La presidenta de la Mesa Directiva del Congreso Local, la diputada de Movimiento Ciudadano (MC) Magdalena Camacho D\u00edaz, reconoci\u00f3 la lucha ancestral de muchas mujeres para lograr espacios y alcanzar la anhelada igualdad y el respeto a los derechos humanos, lo que ser\u00e1 posible cuando se logre un ambiente igualitario.<br><br>\u201cPara que logremos ese ambiente de trabajo igualitario que todas buscamos, donde se nos trate igual, donde alcancemos los mismos sueldos hombres y mujeres y las cargas de trabajo sean tambi\u00e9n igualitarias, pero especialmente el respeto a nuestra condici\u00f3n de mujer, que no nos vean con esa diferencia hombre y mujer, somos tan capaces como ellos para desempe\u00f1ar esta labor legislativa, donde debe existir ese trato igualitario empezando por las leyes\u201d, sostuvo la diputada Camacho D\u00edaz.<br><br>Andrea Medina Rosas, abogada feminista, especialista en la consolidaci\u00f3n del derecho de las mujeres a una vida libre de violencia, expuso la evoluci\u00f3n hist\u00f3rica del reconocimiento de los derechos de las mujeres para pasar de su identificaci\u00f3n a su visibilizaci\u00f3n en todas las formas, entre ellas en el lenguaje.<br><br>Explic\u00f3 las distintas formas de discriminaci\u00f3n reconocidas en las relaciones entre hombres y mujeres, y el papel que en ese sentido juega el lenguaje incluyente. Otros temas que abord\u00f3 fueron nuevas normas, derechos y obligaciones, inclusi\u00f3n, eje de la igualdad y la no discriminaci\u00f3n y sexismo.<br><br>SEM\/ja\/lr<\/p>\n","protected":false},"excerpt":{"rendered":"<p>Josefina Aguilar Pastor, Chilpancingo, Gro., 24 agosto 2017.- Personal del Congreso del Estado asisti\u00f3 a la capacitaci\u00f3n \u201cAcciones para sumar al logro de un parlamento sensible al g\u00e9nero\u201d, impartida por la abogada Andrea Medina Rosas. En el evento, la presidenta de la Mesa Directiva, la diputada Magdalena Camacho D\u00edaz, reconoci\u00f3 la importancia de alcanzar la [&hellip;]<\/p>\n","protected":false},"author":3,"featured_media":5643,"comment_status":"open","ping_status":"open","sticky":false,"template":"","format":"standard","meta":{"_monsterinsights_skip_tracking":false,"footnotes":""},"categories":[687,50],"tags":[],"class_list":["post-5642","post","type-post","status-publish","format-standard","has-post-thumbnail","category-687","category-congreso"],"_links":{"self":[{"href":"https:\/\/redsemlac.com\/semmexico\/wp-json\/wp\/v2\/posts\/5642","targetHints":{"allow":["GET"]}}],"collection":[{"href":"https:\/\/redsemlac.com\/semmexico\/wp-json\/wp\/v2\/posts"}],"about":[{"href":"https:\/\/redsemlac.com\/semmexico\/wp-json\/wp\/v2\/types\/post"}],"author":[{"embeddable":true,"href":"https:\/\/redsemlac.com\/semmexico\/wp-json\/wp\/v2\/users\/3"}],"replies":[{"embeddable":true,"href":"https:\/\/redsemlac.com\/semmexico\/wp-json\/wp\/v2\/comments?post=5642"}],"version-history":[{"count":0,"href":"https:\/\/redsemlac.com\/semmexico\/wp-json\/wp\/v2\/posts\/5642\/revisions"}],"wp:featuredmedia":[{"embeddable":true,"href":"https:\/\/redsemlac.com\/semmexico\/wp-json\/wp\/v2\/media\/5643"}],"wp:attachment":[{"href":"https:\/\/redsemlac.com\/semmexico\/wp-json\/wp\/v2\/media?parent=5642"}],"wp:term":[{"taxonomy":"category","embeddable":true,"href":"https:\/\/redsemlac.com\/semmexico\/wp-json\/wp\/v2\/categories?post=5642"},{"taxonomy":"post_tag","embeddable":true,"href":"https:\/\/redsemlac.com\/semmexico\/wp-json\/wp\/v2\/tags?post=5642"}],"curies":[{"name":"wp","href":"https:\/\/api.w.org\/{rel}","templated":true}]}}