{"id":56416,"date":"2022-09-24T12:49:29","date_gmt":"2022-09-24T18:49:29","guid":{"rendered":"https:\/\/redsemlac.com\/semmexico\/?p=56416"},"modified":"2023-07-21T19:16:21","modified_gmt":"2023-07-22T00:16:21","slug":"roma-xxiv-congreso-de-ammppe-world","status":"publish","type":"post","link":"https:\/\/redsemlac.com\/semmexico\/roma-xxiv-congreso-de-ammppe-world\/","title":{"rendered":"Roma: XXIV Congreso de AMMPPE-WORLD"},"content":{"rendered":"\n<p class=\"wp-block-paragraph\">Visita y recepci\u00f3n a la Asociaci\u00f3n de corresponsales de Prensa Extranjera en Italia.<\/p>\n\n\n\n<p class=\"wp-block-paragraph\"><strong>Esma Cakir, de nacionalidad turca, actual presidenta de la Asociaci\u00f3n, elegida por segunda vez, en su intervenci\u00f3n, resalt\u00f3 la importancia de seguir velando por el buen periodismo, la informaci\u00f3n profunda y el razonamiento complejo<\/strong><\/p>\n\n\n\n<p class=\"wp-block-paragraph\">&nbsp;<a href=\"https:\/\/amecopress.net\/Marta-Ortiz\">Marta Ortiz<\/a> y&nbsp;<a href=\"https:\/\/amecopress.net\/Cristina-P-Fraga\">Cristina P. Fraga<\/a> 2\u00aa.parte<\/p>\n\n\n\n<p class=\"wp-block-paragraph\">SemM\u00e9xico\/AmecoPress, Roma, Italia, 24 de septiembre, 2022.- &nbsp;&nbsp;<em>Otro de los actos paralelos programados, se realiz\u00f3 en la Sede de la Asociaci\u00f3n de la Prensa Extranjera en Roma. All\u00ed tuvo lugar un encuentro con cuatro expresidentas de la asociaci\u00f3n que permiti\u00f3 a las asistentes conocer la actividad que desarrolla la asociaci\u00f3n y c\u00f3mo es el d\u00eda a d\u00eda en el terreno informativo.<\/em><\/p>\n\n\n\n<p class=\"wp-block-paragraph\"><em>La Asociaci\u00f3n de Prensa Extranjera en Italia fue fundada en 1912 y este a\u00f1o conmemoran los 120 a\u00f1os de existencia. Ofrece servicios y asistencia a los y las corresponsales de peri\u00f3dicos extranjeros en Italia. Hasta la fecha, m\u00e1s de cinco mil periodistas se han vinculado con la asociaci\u00f3n. Se rigen por estatutos y se gobiernan por una Junta Directiva que se renueva anualmente. Transcurrido un a\u00f1o, se puede renovar y repetir.<\/em><\/p>\n\n\n\n<figure class=\"wp-block-image size-full\"><a href=\"https:\/\/redsemlac.com\/semmexico\/wp-content\/uploads\/2022\/09\/congreso-ammppe-02.jpg\"><img loading=\"lazy\" decoding=\"async\" width=\"674\" height=\"349\" src=\"https:\/\/redsemlac.com\/semmexico\/wp-content\/uploads\/2022\/09\/congreso-ammppe-02.jpg\" alt=\"\" class=\"wp-image-56420\"\/><\/a><\/figure>\n\n\n\n<p class=\"wp-block-paragraph\">El encuentro, fue presentado por Patricia Mayorga, corresponsal en Italia de El Mercurio de Chile, y que adem\u00e1s pertenece a la Junta Directiva de esta asociaci\u00f3n. Present\u00f3 el acto e hizo de traductora para las expresidentas.<\/p>\n\n\n\n<p class=\"wp-block-paragraph\">La primera en intervenir fue Marcelle Padovani, periodista francesa y corresponsal del Nouvel Observateur, especialista en temas sociales y sindicales y en la vida pol\u00edtica italiana. Lleva de corresponsal en Italia desde 1974. Tambi\u00e9n es autora de libros como: Vivir con el terrorismo, Mafia: Giovanni Falcone, Los \u00faltimos a\u00f1os de la mafia, Vivir con el terrorismo, entre otros. Fue presidenta en varias ocasiones. Cont\u00f3 sus experiencias como una profesional que le toc\u00f3 escribir situaciones muy turbulentas.<\/p>\n\n\n\n<p class=\"wp-block-paragraph\">Trisha Thomas, corresponsal de la agencia norteamericana Associated Press y TV News, desde 1994, tambi\u00e9n estuvo dos a\u00f1os como presidenta. La \u00faltima vez en 2020. Despu\u00e9s de la pandemia, la asociaci\u00f3n organiz\u00f3 la exposici\u00f3n fotogr\u00e1fica, El confinamiento en Italia visto por la prensa extranjera. M\u00e1s de 60 fotograf\u00edas que se pudieron ver en los Museos Capitolinos.<\/p>\n\n\n\n<figure class=\"wp-block-image size-full\"><a href=\"https:\/\/redsemlac.com\/semmexico\/wp-content\/uploads\/2022\/09\/congreso-ammppe-03.jpg\"><img loading=\"lazy\" decoding=\"async\" width=\"635\" height=\"562\" src=\"https:\/\/redsemlac.com\/semmexico\/wp-content\/uploads\/2022\/09\/congreso-ammppe-03.jpg\" alt=\"\" class=\"wp-image-56419\"\/><\/a><\/figure>\n\n\n\n<p class=\"wp-block-paragraph\">Thomas sintetiz\u00f3 lo que representaba esta exposici\u00f3n: \u201cItalia salt\u00f3 a la primera plana de las noticias y estuvo en las primeras p\u00e1ginas de los medios de comunicaci\u00f3n internacionales. Nosotros, corresponsales de la prensa extranjera, contamos c\u00f3mo los italianos superaron esta crisis sin precedentes con coraje, disciplina y solidaridad. Estas im\u00e1genes rinden homenaje a un pa\u00eds que con sus esfuerzos ha dado un ejemplo al resto del mundo\u201d.<\/p>\n\n\n\n<p class=\"wp-block-paragraph\">Esma Cakir, de nacionalidad turca, es la nueva presidenta de la Asociaci\u00f3n, elegida tambi\u00e9n por segunda vez. En su intervenci\u00f3n, resalt\u00f3 la importancia de seguir velando por el buen periodismo, la informaci\u00f3n profunda y el razonamiento complejo.<\/p>\n\n\n\n<p class=\"wp-block-paragraph\">El hecho de que la actual Junta Directiva est\u00e9 compuesta por nueve nacionalidades diferentes, lo considera positivo y manifiesta que esta heterogeneidad es un punto de partida importante, especialmente en este momento hist\u00f3rico donde hay una necesidad a\u00fan m\u00e1s esencial de cohesi\u00f3n y colaboraci\u00f3n entre diferentes culturas al tiempo que permite la comunicaci\u00f3n desde diferentes puntos de vista.<\/p>\n\n\n\n<figure class=\"wp-block-image size-full\"><a href=\"https:\/\/redsemlac.com\/semmexico\/wp-content\/uploads\/2022\/09\/congreso-ammppe-04.jpg\"><img loading=\"lazy\" decoding=\"async\" width=\"667\" height=\"676\" src=\"https:\/\/redsemlac.com\/semmexico\/wp-content\/uploads\/2022\/09\/congreso-ammppe-04.jpg\" alt=\"\" class=\"wp-image-56418\"\/><\/a><\/figure>\n\n\n\n<p class=\"wp-block-paragraph\">Valentina Alazraki, periodista mexicana de los informativos de Televisa, otra de las presidentas, al no poder asistir por estar cubriendo una informaci\u00f3n fuera de Italia, envi\u00f3 un saludo afectuoso.<\/p>\n\n\n\n<p class=\"wp-block-paragraph\">Documental \u201cDiktatorship: \u00a1fallo e basta!<\/p>\n\n\n\n<figure class=\"wp-block-image size-full\"><a href=\"https:\/\/redsemlac.com\/semmexico\/wp-content\/uploads\/2022\/09\/congreso-ammppe-05.jpg\"><img loading=\"lazy\" decoding=\"async\" width=\"640\" height=\"429\" src=\"https:\/\/redsemlac.com\/semmexico\/wp-content\/uploads\/2022\/09\/congreso-ammppe-05.jpg\" alt=\"\" class=\"wp-image-56417\"\/><\/a><\/figure>\n\n\n\n<p class=\"wp-block-paragraph\">El acto finaliz\u00f3 con el documental italiano Dictadura: \u00a1Solo hazlo! Una visi\u00f3n sobre el patriarcado en el cual, sus dos directores Gustav Hofer y Luca Ragazzi dan rienda suelta en tono jocoso, a las situaciones y los efectos que produce el machismo en la sociedad. Al ser un documental, los temas son tratados de modo did\u00e1ctico, pero como dijo Luca Ragazzi en la presentaci\u00f3n: Es un documental dirigido a los hombres pero que solo ven las mujeres.<\/p>\n\n\n\n<p class=\"wp-block-paragraph\"><strong>Fotos: Archivo AmecoPress.<\/strong><\/p>\n","protected":false},"excerpt":{"rendered":"<p>La Asociaci\u00f3n de Prensa Extranjera en Italia fue fundada en 1912 y este a\u00f1o conmemoran los 120 a\u00f1os de existencia. Ofrece servicios y asistencia a los y las corresponsales de peri\u00f3dicos extranjeros en Italia.<\/p>\n","protected":false},"author":3,"featured_media":56421,"comment_status":"open","ping_status":"open","sticky":false,"template":"","format":"standard","meta":{"_monsterinsights_skip_tracking":false,"footnotes":""},"categories":[693,53],"tags":[],"class_list":["post-56416","post","type-post","status-publish","format-standard","has-post-thumbnail","category-693","category-internacional"],"_links":{"self":[{"href":"https:\/\/redsemlac.com\/semmexico\/wp-json\/wp\/v2\/posts\/56416","targetHints":{"allow":["GET"]}}],"collection":[{"href":"https:\/\/redsemlac.com\/semmexico\/wp-json\/wp\/v2\/posts"}],"about":[{"href":"https:\/\/redsemlac.com\/semmexico\/wp-json\/wp\/v2\/types\/post"}],"author":[{"embeddable":true,"href":"https:\/\/redsemlac.com\/semmexico\/wp-json\/wp\/v2\/users\/3"}],"replies":[{"embeddable":true,"href":"https:\/\/redsemlac.com\/semmexico\/wp-json\/wp\/v2\/comments?post=56416"}],"version-history":[{"count":0,"href":"https:\/\/redsemlac.com\/semmexico\/wp-json\/wp\/v2\/posts\/56416\/revisions"}],"wp:featuredmedia":[{"embeddable":true,"href":"https:\/\/redsemlac.com\/semmexico\/wp-json\/wp\/v2\/media\/56421"}],"wp:attachment":[{"href":"https:\/\/redsemlac.com\/semmexico\/wp-json\/wp\/v2\/media?parent=56416"}],"wp:term":[{"taxonomy":"category","embeddable":true,"href":"https:\/\/redsemlac.com\/semmexico\/wp-json\/wp\/v2\/categories?post=56416"},{"taxonomy":"post_tag","embeddable":true,"href":"https:\/\/redsemlac.com\/semmexico\/wp-json\/wp\/v2\/tags?post=56416"}],"curies":[{"name":"wp","href":"https:\/\/api.w.org\/{rel}","templated":true}]}}