{"id":56411,"date":"2022-09-24T12:43:17","date_gmt":"2022-09-24T18:43:17","guid":{"rendered":"https:\/\/redsemlac.com\/semmexico\/?p=56411"},"modified":"2023-07-21T19:16:21","modified_gmt":"2023-07-22T00:16:21","slug":"giorgia-meloni-divide-a-las-italianas-peligra-el-derecho-al-aborto-y-existen-barruntos-nacionalistas-autoritarios","status":"publish","type":"post","link":"https:\/\/redsemlac.com\/semmexico\/giorgia-meloni-divide-a-las-italianas-peligra-el-derecho-al-aborto-y-existen-barruntos-nacionalistas-autoritarios\/","title":{"rendered":"Giorgia Meloni divide a las italianas, peligra el derecho al aborto y existen barruntos nacionalistas autoritarios"},"content":{"rendered":"\n<p class=\"wp-block-paragraph\">La jefa de Hermanos de Italia, partido favorito para ganar las elecciones pertenece a la derecha posfascista desde los 15 a\u00f1os<\/p>\n\n\n\n<p class=\"wp-block-paragraph\">Mujer que hace temblar a Italia y al mundo; romper con la UE con la defensa de la patria, dios y la familia cimbra a Europa<\/p>\n\n\n\n<p class=\"wp-block-paragraph\">Redacci\u00f3n<\/p>\n\n\n\n<p class=\"wp-block-paragraph\">SemM\u00e9xico\/Euronews, Roma, Italia, 24 de septiembre, 2022.- &nbsp;&nbsp; La ultraderechista Giorgia Meloni, es la gran favorita para convertirse en la primera mujer en presidir un Gobierno en Italia tras las elecciones del 25 de septiembre. Un vol\u00e1til electorado, con un 40 por ciento de indecisos y abstencionistas, debe decidir si optan por el cambio que representa la candidata Meloni.<\/p>\n\n\n\n<p class=\"wp-block-paragraph\">Los ultraderechistas Hermanos de Italia, de Giorgia Melonia defienden la identidad italiana, la iniciativa privada y los valores de la familia, contra lo que llaman \u00ablobbies\u00bb LGBT. Tras ser la \u00fanica oposici\u00f3n durante el mandato de Draghi y los gobiernos anteriores, Meloni representa en estos comicios la renovaci\u00f3n.<\/p>\n\n\n\n<p class=\"wp-block-paragraph\">Una mujer que representar\u00eda el cambio, pero que divide a las italianas<\/p>\n\n\n\n<p class=\"wp-block-paragraph\">\u00abMeloni me gusta desde siempre desde que empec\u00e9 a interesarme por la pol\u00edtica, dec\u00eda una modelo entrevistada en Roma. Me gusta lo que dice y como se pone siempre del lado de las mujeres, y, de hecho, es la \u00fanica mujer que se ha impuesto realmente en la pol\u00edtica italiana, a pesar de que no ha sido f\u00e1cil.\u00bb<\/p>\n\n\n\n<p class=\"wp-block-paragraph\">\u00abConsidero a Giorgia Meloni una mujer muy fuerte. En este sentido me reconozco en ella como mujer italiana. Sin embargo, hay muchos aspectos de su campa\u00f1a, de su mentalidad y de su pol\u00edtica en los que no me reconozco\u00bb, dec\u00eda esta joven entrevistada.<\/p>\n\n\n\n<p class=\"wp-block-paragraph\">\u00abSer\u00eda estupendo ver a una mujer alcanzando el m\u00e1s alto grado en la pol\u00edtica, pero no tiene porqu\u00e9 ser ella. Quiz\u00e1 mejor alguien con ideas un poco m\u00e1s abiertas, m\u00e1s actuales, digamos\u00bb, dec\u00eda otra italiana.<\/p>\n\n\n\n<p class=\"has-medium-font-size wp-block-paragraph\"><strong>Grandes desaf\u00edos para Italia<\/strong><\/p>\n\n\n\n<p class=\"wp-block-paragraph\">Tras un largo periodo de inestabilidad pol\u00edtica, Italia acude a las urnas el pr\u00f3ximo domingo. Meloni es la gran favorita, y podr\u00eda convertirse en la primera mujer presidenta del Gobierno de Italia en un momento de grandes desaf\u00edos para el pa\u00eds.<\/p>\n\n\n\n<p class=\"wp-block-paragraph\"><strong>Tres asuntos claves de las elecciones del 25 de septiembre narran la agencia AFP, narra el contexto electoral.<\/strong><\/p>\n\n\n<div class=\"wp-block-image\">\n<figure class=\"aligncenter size-full is-resized\"><a href=\"https:\/\/redsemlac.com\/semmexico\/wp-content\/uploads\/2022\/09\/meloni-02.jpg\"><img loading=\"lazy\" decoding=\"async\" src=\"https:\/\/redsemlac.com\/semmexico\/wp-content\/uploads\/2022\/09\/meloni-02.jpg\" alt=\"\" class=\"wp-image-56412\" width=\"556\" height=\"371\"\/><\/a><figcaption>El pol\u00edtico italiano Matteo Salvini habla ante sus seguidores durante la fiesta anual de la ultraderechista Liga, el 18 de septiembre de 2022 en Pontida, al norte de Italia\u00a0afp_tickers<\/figcaption><\/figure>\n<\/div>\n\n\n<p class=\"wp-block-paragraph\">M\u00e1s de 50 millones de italianos han sido convocados a las urnas el domingo para unas elecciones legislativas anticipadas y marcadas por temas claves como la econom\u00eda, la guerra en Ucrania y el futuro de los j\u00f3venes.<\/p>\n\n\n\n<p class=\"wp-block-paragraph\">Italia, pa\u00eds que no cuenta con un salario m\u00ednimo, es seg\u00fan la OCDE el \u00fanico pa\u00eds europeo donde los salarios se han reducido entre 1990 y 2020 (-2,9%), debido a la falta de crecimiento y de productividad.<\/p>\n\n\n\n<p class=\"wp-block-paragraph\">La tasa de empleo de mujeres es s\u00f3lo del 55,4 por ciento, frente al 69 por ciento de media en la zona euro (74,6 en Alemania y 70 en Francia).<\/p>\n\n\n\n<p class=\"wp-block-paragraph\">El pa\u00eds a\u00fan sufre la brecha entre el norte, rico industrializado con un tejido de exitosas peque\u00f1as y medianas empresas, y el sur, pobre, con j\u00f3venes que emigran.<\/p>\n\n\n\n<p class=\"wp-block-paragraph\">La tasa de desempleo en Italia es del 7,9 por ciento significativamente superior a la de la zona euro, que se situaba en julio al 6,6 por ciento.<\/p>\n\n\n\n<p class=\"wp-block-paragraph\">Italia se est\u00e1 desmoronando bajo una colosal deuda p\u00fablica de m\u00e1s de 2.700 millones de euros (casi la misma cifra en d\u00f3lares), alrededor del 150% del PIB, la proporci\u00f3n m\u00e1s alta en la zona euro detr\u00e1s de Grecia.<\/p>\n\n\n\n<p class=\"has-medium-font-size wp-block-paragraph\"><strong>La sombra de Rusia<\/strong><\/p>\n\n\n\n<p class=\"wp-block-paragraph\">Italia, que forma parte de la OTAN desde su fundaci\u00f3n en 1949, alberga varias bases militares de la organizaci\u00f3n en su territorio, en particular en N\u00e1poles, Sigonella (Sicilia) y Aviano (norte).<\/p>\n\n\n\n<p class=\"wp-block-paragraph\">Hist\u00f3ricamente ha mantenido buenas relaciones con Rusia, aunque conden\u00f3 con firmeza a inicios de a\u00f1o la invasi\u00f3n rusa de Ucrania y bajo el liderazgo del primer ministro saliente Mario Draghi decidi\u00f3 enviar armas a Ucrania, una medida que divide en dos y por igual a los italianos.<\/p>\n\n\n\n<p class=\"wp-block-paragraph\">Dos veteranos de la pol\u00edtica italiana, el ultraderechista Matteo Salvini y el magnate conservador Silvio Berlusconi, de la coalici\u00f3n favorita seg\u00fan los sondeos, son conocidos por sus estrechos lazos con Vladimir Putin.<\/p>\n\n\n\n<p class=\"wp-block-paragraph\">Por ello las sanciones a Rusia figura entre los temas que dividen a esa coalici\u00f3n.<\/p>\n\n\n\n<p class=\"wp-block-paragraph\">Mientras Salvini presiona para que se suavicen las sanciones contra Mosc\u00fa, por considerarlas ineficaces y contraproducentes, Giorgia Meloni, su compa\u00f1era de coalici\u00f3n y l\u00edder del partido posfascista Fratelli d&#8217;Italia, que domina las encuestas, defiende las sanciones a Rusia, as\u00ed como el env\u00edo de armas a Ucrania.<\/p>\n\n\n\n<p class=\"wp-block-paragraph\">La antigua estrategia italiana, de jugar en varias bandas, con la Uni\u00f3n Europea, la OTAN y Estados Unidos, y al mismo tiempo mantener el di\u00e1logo con Putin es probable que regrese con el gobierno de derechas.<\/p>\n\n\n\n<p class=\"wp-block-paragraph\">El &#8216;Jap\u00f3n de Europa\u2019<\/p>\n\n\n\n<p class=\"wp-block-paragraph\">Apodado el \u00abJap\u00f3n de Europa\u00bb, Italia es el pa\u00eds con la poblaci\u00f3n m\u00e1s vieja de la Uni\u00f3n Europea con una edad media de 47,6 a\u00f1os, seg\u00fan Eurostat.<\/p>\n\n\n\n<p class=\"wp-block-paragraph\">Con una tasa de natalidad promedio de 1,25 hijos por mujer en 2021, combinada con una esperanza de vida cada vez mayor (82,4 a\u00f1os), la pen\u00ednsula podr\u00eda registrar un descenso notable de su poblaci\u00f3n de 60 a 47,6 millones de habitantes en 2070, una p\u00e9rdida del 20%.<\/p>\n\n\n\n<p class=\"wp-block-paragraph\">El pa\u00eds tambi\u00e9n debe lidiar con una hemorragia de cerebros y de j\u00f3venes que se van a trabajar al exterior. Seg\u00fan Istat, ese fen\u00f3meno va a tener \u00abconsecuencias en el mercado laboral y en la programaci\u00f3n econ\u00f3mica futura\u00bb y pone en peligro el \u00abnivel actual de bienestar\u00bb del pa\u00eds, es decir, la financiaci\u00f3n de su sistema de pensiones y su cobertura de salud.<\/p>\n\n\n\n<p class=\"wp-block-paragraph\"><\/p>\n\n\n<div class=\"wp-block-image\">\n<figure class=\"aligncenter size-full is-resized\"><a href=\"https:\/\/redsemlac.com\/semmexico\/wp-content\/uploads\/2022\/09\/meloni-03.jpg\"><img loading=\"lazy\" decoding=\"async\" src=\"https:\/\/redsemlac.com\/semmexico\/wp-content\/uploads\/2022\/09\/meloni-03.jpg\" alt=\"\" class=\"wp-image-56413\" width=\"475\" height=\"267\"\/><\/a><figcaption>Propaganda electoral con el rostro de Giorgia Meloni\/foto AP\u00a0\u00a0<\/figcaption><\/figure>\n<\/div>\n\n\n<p class=\"wp-block-paragraph\" style=\"font-size:22px\"><strong>Qui\u00e9n es Giorgia Meloni: Testimonio de Irene Savio<\/strong><\/p>\n\n\n\n<p class=\"wp-block-paragraph\">Hasta hace poco, en Espa\u00f1a,&nbsp;<a href=\"https:\/\/www.epe.es\/es\/internacional\/20220818\/cosmetico-viraje-extrema-derecha-gobernar-14303628\"><strong>Giorgia Meloni<\/strong><\/a><strong>&nbsp;<\/strong>(Roma, 45 a\u00f1os), la<strong>&nbsp;presidenta del partido de&nbsp;extrema derecha populista&nbsp;Hermanos de Italia<\/strong>, era pr\u00e1cticamente una desconocida; y, sin embargo, su nombre es hoy imposible de ignorar.<\/p>\n\n\n\n<p class=\"wp-block-paragraph\">Esto vale no solo para Italia, sino para todos los pa\u00edses europeos. Porque la c\u00faspide de la carrera de Meloni coincide con un escenario que&nbsp;<strong>pone los pelos de punta a las capitales<\/strong>&nbsp;de los principales pa\u00edses occidentales y democr\u00e1ticos: la posibilidad, muy concreta seg\u00fan las encuestas, de que esta pol\u00edtica, nacida al calor de las reminiscencias del posfascismo,&nbsp;<strong>gane las elecciones el 25 de septiembre en Italia<\/strong>, un pa\u00eds fundador de la Uni\u00f3n Europea (UE).<\/p>\n\n\n\n<p class=\"wp-block-paragraph\">Semejante realidad resulta asombrosa teniendo en cuenta ya no s\u00f3lo el molde ideol\u00f3gico radical de Meloni, sino el\u00a0<strong>vertiginoso ascenso de Hermanos de Italia<\/strong>. Un partido fundado en 2012 que, en las elecciones europeas de 2014, alcanz\u00f3 un decepcionante 3,67% de los votos, y que, en las generales italianas de hace cuatro a\u00f1os, obtuvo a duras penas el\u00a04,35%;\u00a0esto es, alrededor\u00a020 puntos menos que la intenci\u00f3n de voto se\u00f1alada actualmente por diversas empresas de sondeos.<\/p>\n\n\n\n<p class=\"wp-block-paragraph\" style=\"font-size:22px\"><strong>Crecimiento r\u00e9cord<\/strong><\/p>\n\n\n\n<p class=\"wp-block-paragraph\">Hay un hecho que los analistas suelen repetir para dar una respuesta al c\u00f3mo Meloni ha llegado hasta aqu\u00ed: que&nbsp;<strong>en dos ocasiones renunciara, en momentos dif\u00edciles para Italia, a integrar Ejecutivos<\/strong>&nbsp;que le hab\u00edan abierto la puerta.<\/p>\n\n\n\n<p class=\"wp-block-paragraph\">Ocurri\u00f3 cuando en 2018 el populista&nbsp;Movimiento 5 Estrellas&nbsp;(M5E) se ali\u00f3 con la tambi\u00e9n derechista Liga de&nbsp;Matteo Salvini. Y pas\u00f3 de nuevo con el nombramiento en 2021 como primer ministro del exbanquero&nbsp;Mario Draghi, quien hab\u00eda pedido un Gobierno de unidad nacional. Las turbulencias ocasionadas por las cat\u00e1strofes de estos a\u00f1os \u2014primero la pandemia y luego la&nbsp;guerra en Ucrania\u2014, y su impacto en la poblaci\u00f3n, han coincidido con el crecimiento r\u00e9cord de&nbsp;Hermanos de Italia.<\/p>\n\n\n\n<p class=\"wp-block-paragraph\">Sin embargo, este acelerado \u00e9xito no ha sido fruto de la improvisaci\u00f3n;&nbsp;Meloni, desde tiempo no es una novata de la pol\u00edtica.&nbsp;Por el contrario,&nbsp;sus or\u00edgenes pol\u00edticos y su&nbsp;<strong>v\u00ednculo con la derecha posfascista<\/strong>, tienen ra\u00edces profundas, que remiten a su propia situaci\u00f3n familiar. Una historia que inicia en una familia humilde, con un abuelo siciliano que emigra a Roma para garantizarse un puesto de funcionario p\u00fablico, y una madre soltera abandonada por un padre de la Roma rica, que prefer\u00eda navegar por el mundo a pasar tiempo con sus hijas.&nbsp;Un agravio que da\u00f1\u00f3 su relaci\u00f3n con su progenitor desde los 11 a\u00f1os,&nbsp;despu\u00e9s de una discusi\u00f3n en la isla de La Gomera (Canarias), a la que Meloni hab\u00eda viajado en m\u00e1s de una ocasi\u00f3n hasta ese momento y donde aprendi\u00f3 a hablar en espa\u00f1ol.<\/p>\n\n\n\n<p class=\"wp-block-paragraph\" style=\"font-size:22px\"><a href=\"https:\/\/www.epe.es\/es\/cultura\/20220916\/artistas-italianos-guerra-abierta-extrema-75475003\">Los artistas italianos, en guerra abierta contra la extrema derecha<\/a><\/p>\n\n\n\n<p class=\"wp-block-paragraph\">Es en este contexto en el que Meloni lleg\u00f3 a afiliarse, con apenas 15 a\u00f1os y durante los tempestuosos a\u00f1os de los esc\u00e1ndalos de corrupci\u00f3n,&nbsp;al&nbsp;<strong>movimiento juvenil del posfascista&nbsp;<\/strong>Movimiento Social Italiano (MSI) de Garbatella, entonces uno de los barrios m\u00e1s pobres y de izquierdas de Roma. \u00abNo pens\u00e9 que llamando a la puerta blindada del Frente de la Juventud encontrar\u00eda mi segunda familia. Una familia sin duda m\u00e1s numerosa que la m\u00eda de origen\u00bb, relata Meloni en su gruesa autobiograf\u00eda.<\/p>\n\n\n\n<p class=\"has-medium-font-size wp-block-paragraph\"><strong>Meloni no teme llevar la contraria y defender a una derecha dura, con un bagaje ideol\u00f3gico conservador y cat\u00f3lico, nacionalista y centralista<\/strong><\/p>\n\n\n\n<p class=\"wp-block-paragraph\">En efecto, como ella misma cuenta, los \u00faltimos a\u00f1os de la secundaria son tambi\u00e9n su primera escuela pol\u00edtica. Son a\u00f1os dif\u00edciles en Roma, los viejos sistemas del siglo XX se est\u00e1n desmoronando, y\u00a0<strong>Meloni no teme llevar la contraria y defender a una derecha dura<\/strong>, con un bagaje ideol\u00f3gico conservador y cat\u00f3lico (admira a Juan Pablo II y a Benedicto XVI),\u00a0<strong>nacionalista y centralista<\/strong>. Y lo hace incluso en los c\u00edrculos m\u00e1s hostiles a su forma de ver el mundo, algo que llama la atenci\u00f3n. \u00abLa ech\u00e1bamos de las reuniones estudiantiles, pero ella volv\u00eda una y otra vez\u00bb, confiesa un antiguo militante de izquierda.<\/p>\n\n\n\n<p class=\"has-medium-font-size wp-block-paragraph\"><strong>Carrera pol\u00edtica<\/strong><\/p>\n\n\n\n<p class=\"wp-block-paragraph\">As\u00ed llegan los primeros resultados. Con tan solo 21 a\u00f1os, logra obtener un esca\u00f1o como consejera en la diputaci\u00f3n de Roma, representando a Alianza Nacional (AN), el partido entonces heredero directo del MSI, y forja tambi\u00e9n una s\u00f3lida amistad con&nbsp;Francesco Lollobrigida, nieto de la famosa actriz Gina, marido de la hermana de Meloni, Arianna, y considerado hoy uno de los \u2018coroneles\u2019 de Hermanos de Italia. El ascenso de la pol\u00edtica empieza entonces a ser imparable. En 2006, tiene solo 29 a\u00f1os, pero aun as\u00ed Gianfranco Fini, entonces l\u00edder de AN, le pide ser vicepresidenta del Congreso. Dos a\u00f1os despu\u00e9s,&nbsp;con una&nbsp;<strong>exposici\u00f3n medi\u00e1tica ya bastante elevada<\/strong>, la eligen ministra de Juventud, un cargo que ocupa de 2008 a 2011.<\/p>\n\n\n\n<p class=\"wp-block-paragraph\" style=\"font-size:22px\"><a href=\"https:\/\/www.epe.es\/es\/internacional\/20220915\/supuesta-financiacion-rusa-derecha-italiana-campana-electoral-75478249\"><strong>La supuesta financiaci\u00f3n rusa a la derecha italiana agita a\u00fan m\u00e1s la convulsa campa\u00f1a electoral<\/strong><\/a><\/p>\n\n\n\n<p class=\"wp-block-paragraph\">Es otro momento trascendental de su trayectoria. Tras la abrupta ca\u00edda del Gobierno de Silvio Berlusconi, junto con un grupo disidente del Pueblo de las Libertades (partido fundado en 2007 de la fusi\u00f3n de Forza Italia y AN),&nbsp;Meloni critica que Berlusconi d\u00e9 su apoyo al Gobierno del tecn\u00f3crata Mario Monti, y crea a Hermanos de Italia. El grito al cielo ya entonces va al coraz\u00f3n de la UE, a la ella que responsabiliza por la crisis, en tanto nace el&nbsp;<strong>v\u00ednculo con&nbsp;<\/strong>Santiago Abascal<strong>, el l\u00edder de&nbsp;<\/strong>Vox<strong>, y el entonces gur\u00fa de&nbsp;<\/strong>Donald Trump<strong>,&nbsp;Stephen Bannon<\/strong>. Con la UE, \u00abestoy enfadada (\u2026) por aquellos que la convirtieron en un parque de diversi\u00f3n de tecn\u00f3cratas y banqueros\u00bb, dir\u00e1 despu\u00e9s. De ah\u00ed tambi\u00e9n el miedo que provoca.<\/p>\n\n\n\n<p class=\"wp-block-paragraph\" style=\"font-size:22px\"><strong>Romper con la UE<\/strong><\/p>\n\n\n\n<p class=\"wp-block-paragraph\">Nadie tiene certezas sobre el camino que emprender\u00e1 Italia despu\u00e9s del 25 de septiembre, d\u00eda de los comicios en el pa\u00eds. Durante la campa\u00f1a electoral, la ultraderechista a menudo&nbsp;ha repetido que&nbsp;<strong>no quiere romper con la Uni\u00f3n Europea ni salir del euro<\/strong>. Pero tambi\u00e9n ha insistido en que su intenci\u00f3n es defender la primac\u00eda del inter\u00e9s nacional italiano, y ha hecho propuestas que suponen potenciales conflictos futuros con otros pa\u00edses del club europeo y con Bruselas. \u201c\u00bfLe preocupa a Europa que Meloni est\u00e9 en el Gobierno?&nbsp;<strong>Se acab\u00f3 la diversi\u00f3n, defenderemos a Italia<\/strong>\u201d, ha dicho en m\u00faltiples ocasiones.<\/p>\n\n\n\n<p class=\"wp-block-paragraph\">Otro asunto es el proyecto de<strong>&nbsp;transformar la Rep\u00fablica Italiana en un&nbsp;sistema presidencialista<\/strong>, lo que la izquierda teme pues considera que podr\u00eda llevar el pa\u00eds a una deriva autoritaria.<\/p>\n\n\n\n<p class=\"wp-block-paragraph\">\u00a0De igual modo, tambi\u00e9n han suscitado preocupaci\u00f3n sus posturas sobre\u00a0la familia y el aborto, que Meloni dice no querer abolir, aunque, en las regiones italianas en las que gobierna su partido (Las Marcas, por ejemplo), asociaciones que defienden que las mujeres puedan interrumpir sus embarazos denuncian grandes obst\u00e1culos para ejercer este derecho. No en vano uno de los lemas que (desde siempre) la pol\u00edtica romana reitera orgullosamente es\u00a0\u201cDios, patria, familia\u201d.<\/p>\n","protected":false},"excerpt":{"rendered":"<p>La ultraderechista Giorgia Meloni, es la gran favorita para convertirse en la primera mujer en presidir un Gobierno en Italia tras las elecciones del 25 de septiembre.<\/p>\n","protected":false},"author":3,"featured_media":56414,"comment_status":"open","ping_status":"open","sticky":false,"template":"","format":"standard","meta":{"_monsterinsights_skip_tracking":false,"footnotes":""},"categories":[693,53],"tags":[],"class_list":["post-56411","post","type-post","status-publish","format-standard","has-post-thumbnail","category-693","category-internacional"],"_links":{"self":[{"href":"https:\/\/redsemlac.com\/semmexico\/wp-json\/wp\/v2\/posts\/56411","targetHints":{"allow":["GET"]}}],"collection":[{"href":"https:\/\/redsemlac.com\/semmexico\/wp-json\/wp\/v2\/posts"}],"about":[{"href":"https:\/\/redsemlac.com\/semmexico\/wp-json\/wp\/v2\/types\/post"}],"author":[{"embeddable":true,"href":"https:\/\/redsemlac.com\/semmexico\/wp-json\/wp\/v2\/users\/3"}],"replies":[{"embeddable":true,"href":"https:\/\/redsemlac.com\/semmexico\/wp-json\/wp\/v2\/comments?post=56411"}],"version-history":[{"count":0,"href":"https:\/\/redsemlac.com\/semmexico\/wp-json\/wp\/v2\/posts\/56411\/revisions"}],"wp:featuredmedia":[{"embeddable":true,"href":"https:\/\/redsemlac.com\/semmexico\/wp-json\/wp\/v2\/media\/56414"}],"wp:attachment":[{"href":"https:\/\/redsemlac.com\/semmexico\/wp-json\/wp\/v2\/media?parent=56411"}],"wp:term":[{"taxonomy":"category","embeddable":true,"href":"https:\/\/redsemlac.com\/semmexico\/wp-json\/wp\/v2\/categories?post=56411"},{"taxonomy":"post_tag","embeddable":true,"href":"https:\/\/redsemlac.com\/semmexico\/wp-json\/wp\/v2\/tags?post=56411"}],"curies":[{"name":"wp","href":"https:\/\/api.w.org\/{rel}","templated":true}]}}