{"id":56406,"date":"2022-09-24T12:25:28","date_gmt":"2022-09-24T18:25:28","guid":{"rendered":"https:\/\/redsemlac.com\/semmexico\/?p=56406"},"modified":"2023-07-21T19:16:21","modified_gmt":"2023-07-22T00:16:21","slug":"encuentran-muerta-a-una-joven-de-16-anos-en-el-interior-de-un-motel-agente-de-la-guardia-nacional-presunto-feminicida","status":"publish","type":"post","link":"https:\/\/redsemlac.com\/semmexico\/encuentran-muerta-a-una-joven-de-16-anos-en-el-interior-de-un-motel-agente-de-la-guardia-nacional-presunto-feminicida\/","title":{"rendered":"Encuentran muerta a una joven de 16 a\u00f1os en el interior de un motel; agente de la Guardia Nacional presunto feminicida."},"content":{"rendered":"\n<p class=\"wp-block-paragraph\">Es el quinto feminicidio del mes de septiembre&nbsp;en Chiapas&nbsp;<\/p>\n\n\n\n<p class=\"wp-block-paragraph\">La joven presentaba golpes en la cara y se\u00f1ales de tortura como quemaduras con cigarro: Colectivo de Defensores de Derechos Humanos<\/p>\n\n\n\n<p class=\"wp-block-paragraph\">Gabriela Couti\u00f1o&nbsp;<\/p>\n\n\n\n<p class=\"wp-block-paragraph\">SemM\u00e9xico, Tuxtla Guti\u00e9rrez, Chis. 24 de septiembre, 2022.- El cuerpo de una joven menor de edad, fue hallado colgado con un cintur\u00f3n en la habitaci\u00f3n de un motel de Tapachula, donde hab\u00eda ingresado acompa\u00f1ada de un agente de la Guardia Nacional.&nbsp;<\/p>\n\n\n\n<p class=\"wp-block-paragraph\">La polic\u00eda estatal se\u00f1al\u00f3 en un reporte que la joven identificada como Alison \u201cN\u201d, fue encontrada colgada con un cintur\u00f3n de una estructura mec\u00e1nica que sirve de protecci\u00f3n de un televisor en el interior de la habitaci\u00f3n 110 del Motel Taboga.&nbsp;<\/p>\n\n\n\n<p class=\"wp-block-paragraph\">En el lugar un agente de la Guardia Nacional que se identific\u00f3 como Yael \u201cM.G.\u201d de 22 a\u00f1os, dijo a los polic\u00edas que hab\u00eda ingresado con la joven al Motel, pero que \u00e9l se qued\u00f3 dormido y cuando despert\u00f3 la encontr\u00f3 sin vida por lo que \u00e9l mismo llam\u00f3 a los servicios de emergencia.&nbsp;<\/p>\n\n\n\n<p class=\"wp-block-paragraph\">Narr\u00f3 que la noche del jueves hab\u00edan estado en un bar de la Plaza Cafeto donde hab\u00edan ingerido bebidas embriagantes.&nbsp;<\/p>\n\n\n\n<p class=\"wp-block-paragraph\">La Fiscal\u00eda General del Estado (FGE), a trav\u00e9s de la Fiscal\u00eda de Distrito Fronterizo Costa en coordinaci\u00f3n con la Fiscal\u00eda Contra Feminicidio, inform\u00f3 que inici\u00f3 Carpeta de Investigaci\u00f3n conforme a Protocolo de Feminicidio por la muerte de la joven de 16 a\u00f1os.\u00a0<\/p>\n\n\n<div class=\"wp-block-image\">\n<figure class=\"aligncenter size-large\"><a href=\"https:\/\/redsemlac.com\/semmexico\/wp-content\/uploads\/2022\/09\/impuniadad-chiapas.jpg\"><img decoding=\"async\" src=\"https:\/\/redsemlac.com\/semmexico\/wp-content\/uploads\/2022\/09\/impuniadad-chiapas-654x1024.jpg\" alt=\"\" class=\"wp-image-56424\"\/><\/a><\/figure>\n<\/div>\n\n\n<p class=\"wp-block-paragraph\">En un escueto comunicado, la dependencia s\u00f3lo dio a conocer el hallazgo del cuerpo y el inicio de las investigaciones; omitiendo la presencia del agente de la Guardia Nacional, por lo que se desconoce si se encuentra detenido.&nbsp;<\/p>\n\n\n\n<p class=\"wp-block-paragraph\">El Colectivo de Defensores de Derechos Humanos de Tapachula, denunci\u00f3 que las autoridades estaban encaminando a que el caso aparezca como suicidio, a pesar que el cuerpo de la menor presentaba se\u00f1ales de tortura como quemaduras con cigarro.&nbsp;<\/p>\n\n\n\n<p class=\"wp-block-paragraph\">\u201cHay videos donde entraron juntos al hotel y las condiciones de c\u00f3mo lleg\u00f3 ella\u201d, asegur\u00f3.&nbsp;<\/p>\n\n\n\n<p class=\"wp-block-paragraph\">Adem\u00e1s, que \u201cluego que se report\u00f3 el hecho, los primeros en entrar a la habitaci\u00f3n, fueron los de la Guarda Nacional y no el Ministerio p\u00fablico\u201d.&nbsp;<\/p>\n\n\n\n<p class=\"wp-block-paragraph\">El Colectivo dijo que tuvo conocimiento del caso, porque la familia de la v\u00edctima acudi\u00f3 solicit\u00e1ndoles ayuda. \u201cLos familiares vieron los golpes que tiene en la cara\u201d.&nbsp;<\/p>\n\n\n\n<p class=\"wp-block-paragraph\">Se quejan que la Fiscal\u00eda no les brinda informaci\u00f3n de nada, manifest\u00f3.<\/p>\n\n\n\n<p class=\"wp-block-paragraph\">Hasta esta noche, dijo, el cuerpo de la joven Alison se encontraba en el Servicio M\u00e9dico Forense donde se llev\u00f3 a cabo la pr\u00e1ctica de la necropsia de ley.<\/p>\n\n\n\n<p class=\"wp-block-paragraph\"><strong>Las v\u00edctimas de feminicidio de septiembre&nbsp;<\/strong><\/p>\n\n\n\n<p class=\"wp-block-paragraph\">Alison de 16 a\u00f1os,&nbsp;es la quinta v\u00edctima de feminicidio del mes de septiembre.&nbsp;<\/p>\n\n\n\n<p class=\"wp-block-paragraph\">Apenas el mi\u00e9rcoles 21 de septiembre se present\u00f3 el feminicidio de Victoria Arreola, asesinada de un balazo por su pareja quien le dio un balazo cuando discut\u00edan en el interior de su veh\u00edculo en presencia de sus hijos.&nbsp;<\/p>\n\n\n\n<p class=\"wp-block-paragraph\">El pasado 12 de septiembre en el mismo tramo carretero de Tonal\u00e1 \u2013 Arriaga fue asesinada la profesora Carmen Saucillo Posada, cuando conduc\u00eda una combi del transporte colectivo.<\/p>\n\n\n\n<p class=\"wp-block-paragraph\">Antes, el 9 de septiembre, se report\u00f3 el hallazgo del cuerpo sin vida con huellas de violencia a la orilla de la carretera en el municipio de Oxchuc de Fabiola, una joven de la localidad.<\/p>\n\n\n\n<p class=\"wp-block-paragraph\">El&nbsp;1 de septiembre, el cuerpo de otra joven, Guadalupe, fue tirado en un camino de terracer\u00eda del municipio de Ocosingo. Dos d\u00edas despu\u00e9s su presunto feminicida identificado como Jos\u00e9 Martin fue detenido.<\/p>\n","protected":false},"excerpt":{"rendered":"<p>El cuerpo de una joven menor de edad, fue hallado colgado con un cintur\u00f3n en la habitaci\u00f3n de un motel de Tapachula, donde hab\u00eda ingresado acompa\u00f1ada de un agente de la Guardia Nacional.\u00a0<\/p>\n","protected":false},"author":3,"featured_media":56407,"comment_status":"open","ping_status":"open","sticky":false,"template":"","format":"standard","meta":{"_monsterinsights_skip_tracking":false,"footnotes":""},"categories":[693,47],"tags":[],"class_list":["post-56406","post","type-post","status-publish","format-standard","has-post-thumbnail","category-693","category-no-mas-impunidad"],"_links":{"self":[{"href":"https:\/\/redsemlac.com\/semmexico\/wp-json\/wp\/v2\/posts\/56406","targetHints":{"allow":["GET"]}}],"collection":[{"href":"https:\/\/redsemlac.com\/semmexico\/wp-json\/wp\/v2\/posts"}],"about":[{"href":"https:\/\/redsemlac.com\/semmexico\/wp-json\/wp\/v2\/types\/post"}],"author":[{"embeddable":true,"href":"https:\/\/redsemlac.com\/semmexico\/wp-json\/wp\/v2\/users\/3"}],"replies":[{"embeddable":true,"href":"https:\/\/redsemlac.com\/semmexico\/wp-json\/wp\/v2\/comments?post=56406"}],"version-history":[{"count":0,"href":"https:\/\/redsemlac.com\/semmexico\/wp-json\/wp\/v2\/posts\/56406\/revisions"}],"wp:featuredmedia":[{"embeddable":true,"href":"https:\/\/redsemlac.com\/semmexico\/wp-json\/wp\/v2\/media\/56407"}],"wp:attachment":[{"href":"https:\/\/redsemlac.com\/semmexico\/wp-json\/wp\/v2\/media?parent=56406"}],"wp:term":[{"taxonomy":"category","embeddable":true,"href":"https:\/\/redsemlac.com\/semmexico\/wp-json\/wp\/v2\/categories?post=56406"},{"taxonomy":"post_tag","embeddable":true,"href":"https:\/\/redsemlac.com\/semmexico\/wp-json\/wp\/v2\/tags?post=56406"}],"curies":[{"name":"wp","href":"https:\/\/api.w.org\/{rel}","templated":true}]}}