{"id":56400,"date":"2022-09-24T10:23:12","date_gmt":"2022-09-24T16:23:12","guid":{"rendered":"https:\/\/redsemlac.com\/semmexico\/?p=56400"},"modified":"2023-07-21T19:16:21","modified_gmt":"2023-07-22T00:16:21","slug":"u-topica-desde-los-feminismos-ofrece-talleres-on-line-y-presenciales-para-incursionar-en-la-literatura-el-arte-y-la-autoestima","status":"publish","type":"post","link":"https:\/\/redsemlac.com\/semmexico\/u-topica-desde-los-feminismos-ofrece-talleres-on-line-y-presenciales-para-incursionar-en-la-literatura-el-arte-y-la-autoestima\/","title":{"rendered":"<strong>U-t\u00f3pica desde los feminismos ofrece talleres on line y presenciales para incursionar en la literatura, el arte y la autoestima<\/strong>"},"content":{"rendered":"\n<p class=\"wp-block-paragraph\">Micaela M\u00e1rquez<\/p>\n\n\n\n<p class=\"wp-block-paragraph\">SemM\u00e9xico, Cd. de M\u00e9xico, 24 de septiembre 2022.- La librer\u00eda U-t\u00f3picas, galer\u00eda y tienda de artesan\u00edas especializada en feminismos y movimientos sociales ofrece tambi\u00e9n talleres presenciales y on line, gratuitos y con costo, para desarrollar desde la autoestima hasta v\u00ednculos con la escritura y experimentar con la autobiograf\u00eda.&nbsp;&nbsp;<\/p>\n\n\n\n<p class=\"wp-block-paragraph\">El 6, 13 y 20 de octubre Circulo de Estudio \u201cLa invenci\u00f3n de las mujeres\u201d Se realizar\u00e1 el an\u00e1lisis en pleno auge de la \u00faltima oleada del feminismo.<\/p>\n\n\n\n<p class=\"wp-block-paragraph\">Adem\u00e1s de los talleres cuenta con eventos como la \u201cPresentaci\u00f3n y conversatorio del libro Curadur\u00eda Afectiva\u201d de Kekena Corval\u00e1n, el pr\u00f3ximo 29 de septiembre, \u201cque&nbsp;no es ni un glosario de definiciones. Ni un registro de charlas, cl\u00ednicas o clases. Ni un cat\u00e1logo de exposiciones. Ni un libro sobre curadur\u00eda. Ni un enunciado pol\u00edtico. Ni un texto literario. Ni menos que menos, certeza. Ofrece el escurrirse entre los cuerpos de esa resaca dulce de desearlo todo\u201d.&nbsp;<\/p>\n\n\n\n<p class=\"wp-block-paragraph\">En la sesi\u00f3n que Mexicona <a href=\"https:\/\/www.facebook.com\/Imaginafuturos?__cft__%5b0%5d=AZX4baSipYpDD-NLmVWOP3ap0Rf1uxaOX1WR0H0jp7oO1I9Wj_VDeGaakyFhkFA5pVDg8QlrZCLYLGxgbxBd0fQU7fGgHGg5BFx5TVdSeLOP6wGnw5Xnu5jdN0luGosvvzZDN9A4eio-qiKizvFCSFDdGRPmf7x7zcqGf9S2a1d9kmYg8wgdS9eNXovoy6pjnAM&amp;__tn__=-%5dK-R\"><\/a>&nbsp;&nbsp;compartir\u00e1 desde U-t\u00f3picas se tratar\u00e1 de una conversaci\u00f3n sobre el transhumanismo como est\u00e9tica dentro de la ciencia ficci\u00f3n, pero tambi\u00e9n como filosof\u00eda y \u00e9tica en cuanto a la intervenci\u00f3n de dispositivos \u00abinteligentes\u00bb en la vida cotidiana, la biogen\u00e9tica, y sobre todo, la idea de lo humano en un entorno donde hay que convivir con la Inteligencia Artificial. El s\u00e1bado 1 de octubre a las 17 horas, al final se leer\u00e1n dos cuentos sobre el tema.<\/p>\n\n\n\n<p class=\"wp-block-paragraph\">El pr\u00f3ximo 26 de septiembre M\u00f3nica Lechuga impartir\u00e1 el \u201cTaller Mujeres Resilientes, Escritura y Autodescubrimiento\u201d, incluye tres ejercicios; Autoestima y amor propio; Liberarse del miedo, y Triste po\u00e9tica, feliz escritora.<\/p>\n\n\n\n<p class=\"wp-block-paragraph\">\u201cFrontera Dos\u201d Laboratorio On line de escritura experimental en seis sesiones. El 27 de septiembre \u201cVamos a meditar la palabra, a dibujarla, a hacerla collage, a crearla con objetos, vamos a moverla en nuestro cuerpo. Vamos a cruzar la frontera entre el lenguaje escrito y las artes visuales, la danza, el performance\u201d.<\/p>\n\n\n\n<p class=\"wp-block-paragraph\">El 28 de septiembre Taller presencial \u201cPara perderle miedo a la escritura\u201d impartido para mujeres de todas edades con o sin experiencia literaria por DEMAC. Una sesi\u00f3n gratuita con intenci\u00f3n de experimentar en la autobiograf\u00eda.&nbsp;<\/p>\n\n\n\n<p class=\"wp-block-paragraph\">\u201cAspectos de la Narraci\u00f3n\u201d el mi\u00e9rcoles 5 de octubre taller on line con Teresa Icaza 6 sesiones \u00bfLleva alg\u00fan tiempo escribiendo y quieres desarrollar un proyecto narrativo? Este es el curso para ti.<\/p>\n\n\n\n<p class=\"wp-block-paragraph\">El 11 de octubre Taller Presencial \u201cCreaci\u00f3n Art\u00edstica para mujeres\u201d 8 sesiones presenciales con costo por Zayra Escobar. \u201cSiempre has querido aprender a pintar y dibujar para desarrollar tu propia obra?&nbsp;\u00bfQuieres aprender sobre historia del arte del siglo XX y conocer algunas obras de grandes artistas?&nbsp; No necesitas conocimientos previos.<\/p>\n\n\n\n<p class=\"wp-block-paragraph\">La librer\u00eda U-t\u00f3picas se localiza en Aguayo 37 col. Coyoac\u00e1n y los talleres y cursos requiere registro en su cuenta de Facebook.<\/p>\n","protected":false},"excerpt":{"rendered":"<p>La librer\u00eda U-t\u00f3picas, galer\u00eda y tienda de artesan\u00edas especializada en feminismos y movimientos sociales ofrece tambi\u00e9n talleres presenciales y on line, gratuitos y con costo, para desarrollar desde la autoestima hasta v\u00ednculos con la escritura y experimentar con la autobiograf\u00eda.\u00a0\u00a0<\/p>\n","protected":false},"author":3,"featured_media":56401,"comment_status":"open","ping_status":"open","sticky":false,"template":"","format":"standard","meta":{"_monsterinsights_skip_tracking":false,"footnotes":""},"categories":[693,54],"tags":[],"class_list":["post-56400","post","type-post","status-publish","format-standard","has-post-thumbnail","category-693","category-mujeres"],"_links":{"self":[{"href":"https:\/\/redsemlac.com\/semmexico\/wp-json\/wp\/v2\/posts\/56400","targetHints":{"allow":["GET"]}}],"collection":[{"href":"https:\/\/redsemlac.com\/semmexico\/wp-json\/wp\/v2\/posts"}],"about":[{"href":"https:\/\/redsemlac.com\/semmexico\/wp-json\/wp\/v2\/types\/post"}],"author":[{"embeddable":true,"href":"https:\/\/redsemlac.com\/semmexico\/wp-json\/wp\/v2\/users\/3"}],"replies":[{"embeddable":true,"href":"https:\/\/redsemlac.com\/semmexico\/wp-json\/wp\/v2\/comments?post=56400"}],"version-history":[{"count":0,"href":"https:\/\/redsemlac.com\/semmexico\/wp-json\/wp\/v2\/posts\/56400\/revisions"}],"wp:featuredmedia":[{"embeddable":true,"href":"https:\/\/redsemlac.com\/semmexico\/wp-json\/wp\/v2\/media\/56401"}],"wp:attachment":[{"href":"https:\/\/redsemlac.com\/semmexico\/wp-json\/wp\/v2\/media?parent=56400"}],"wp:term":[{"taxonomy":"category","embeddable":true,"href":"https:\/\/redsemlac.com\/semmexico\/wp-json\/wp\/v2\/categories?post=56400"},{"taxonomy":"post_tag","embeddable":true,"href":"https:\/\/redsemlac.com\/semmexico\/wp-json\/wp\/v2\/tags?post=56400"}],"curies":[{"name":"wp","href":"https:\/\/api.w.org\/{rel}","templated":true}]}}