{"id":56397,"date":"2022-09-24T10:20:01","date_gmt":"2022-09-24T16:20:01","guid":{"rendered":"https:\/\/redsemlac.com\/semmexico\/?p=56397"},"modified":"2023-07-21T19:16:21","modified_gmt":"2023-07-22T00:16:21","slug":"el-instituto-nacional-electoral-debe-trabajar-con-independencia-de-quien-gobierna","status":"publish","type":"post","link":"https:\/\/redsemlac.com\/semmexico\/el-instituto-nacional-electoral-debe-trabajar-con-independencia-de-quien-gobierna\/","title":{"rendered":"El Instituto Nacional Electoral debe trabajar con independencia de quien gobierna"},"content":{"rendered":"\n<p class=\"wp-block-paragraph\">Reuni\u00f3n Nacional de an\u00e1lisis y retos de cara al Proceso Electoral 2023-2024<\/p>\n\n\n\n<p class=\"wp-block-paragraph\">Llama Adriana Favela a no depender de los juegos pol\u00edticos y el Consejero Presidente pide a vocales de Juntas Locales de todo el pa\u00eds a trabajar con alto compromiso democr\u00e1tico<\/p>\n\n\n\n<p class=\"wp-block-paragraph\">Redacci\u00f3n<\/p>\n\n\n\n<p class=\"wp-block-paragraph\">SemM\u00e9xico, Ciudad de M\u00e9xico, 24 de septiembre, 2022.- Con la advertencia de que el trabajo del Instituto Nacional Electoral INE no puede depender de los juegos pol\u00edticos de los legisladores y de las distintas fuerzas pol\u00edticas, esta instituci\u00f3n se dispone a realizar su trabajo electoral, que implica enfrentar una probable reforma electoral a realizar su trabajo en los pr\u00f3ximos meses con independencia de qui\u00e9n est\u00e9 gobernando, destac\u00f3 la Consejera Electoral Adriana Favela Herrera.<\/p>\n\n\n\n<p class=\"wp-block-paragraph\">Ello durante una reuni\u00f3n nacional del INE con vocales ejecutivas y ejecutivos de 32 entidades del pa\u00eds, en la que se analizaron los retos y la ruta de trabajo de cara al proceso electoral 2023-2024. \u201cSe trata de analizar los dilemas operativos, los desaf\u00edos t\u00e9cnicos que vamos a enfrentar en los pr\u00f3ximos meses como instituci\u00f3n\u201d, se\u00f1al\u00f3 el Consejero Presidente Lorenzo C\u00f3rdova Vianello.<\/p>\n\n\n\n<p class=\"wp-block-paragraph\">Ante los 32 titulares de las Juntas Locales Ejecutivas, destac\u00f3 el profesionalismo y cohesi\u00f3n que priva en la instituci\u00f3n \u201csigamos haciendo lo que hacemos bien y apuntemos a seguir trabajando como hasta ahora con un alto compromiso democr\u00e1tico\u201d que ha colocado al INE como punto de referencia a nivel mundial y con altos niveles de confianza ciudadana.<\/p>\n\n\n\n<p class=\"wp-block-paragraph\">\u201cEl INE es un modelo a seguir, producto del trabajo, de la dedicaci\u00f3n, del compromiso democr\u00e1tico de todas y todos los que trabajamos en el Instituto\u201d, afirm\u00f3.<\/p>\n\n\n\n<p class=\"wp-block-paragraph\">Acompa\u00f1ado de las consejeras Carla Humphrey y Adriana Favela, de los consejeros Ciro Murayama, Jaime Rivera y Mart\u00edn Faz, del Secretario Ejecutivo Edmundo Jacobo y de las y los integrantes de la Junta General Ejecutiva, el Presidente del INE sostuvo que a ocho a\u00f1os de la reforma de 2014 se ha logrado construir un sistema electoral funcional que le ha dado estabilidad pol\u00edtica al pa\u00eds, adem\u00e1s del mayor grado de alternancia.<\/p>\n\n\n\n<p class=\"wp-block-paragraph\">\u201cEl INE ha organizado 330 elecciones, todas ellas ejemplo no s\u00f3lo de civilidad, calidad t\u00e9cnica en su organizaci\u00f3n, sino de estabilidad pol\u00edtica y gobernabilidad democr\u00e1tica. No ha habido un solo problema derivado de las elecciones\u201d, subray\u00f3.&nbsp;<\/p>\n\n\n\n<p class=\"wp-block-paragraph\">Adem\u00e1s de ello, mencion\u00f3 que \u201cel INE se ha convertido en una instituci\u00f3n de gran credibilidad y confianza entre las y los mexicanos. Las encuestas de opini\u00f3n revelan que la confianza en el Instituto oscila entre un 65 y 73 por ciento de confiabilidad. Nunca antes el INE hab\u00eda gozado de tan buena salud en t\u00e9rminos de aprecio ciudadano, a pesar de que nunca antes como ahora hab\u00edamos sido objeto de una descalificaci\u00f3n desde el poder y desde los circuitos gubernamentales\u201d, indic\u00f3.<\/p>\n\n\n\n<p class=\"wp-block-paragraph\">Lorenzo C\u00f3rdova ponder\u00f3 que el INE se ha convertido en punto de referencia de la defensa de la institucionalidad democr\u00e1tica a nivel mundial y as\u00ed fue reconocido en la reciente Cumbre Global de la Democracia Electoral y tambi\u00e9n por ello fue invitado a presidir la Misi\u00f3n de observaci\u00f3n de las elecciones de Brasil.<\/p>\n\n\n\n<p class=\"wp-block-paragraph\">C\u00f3rdova Vianello llam\u00f3 a las y los vocales ejecutivos a \u201cno distraerse con la turbulencia\u201d y a seguir trabajando por y para la instituci\u00f3n.<\/p>\n\n\n\n<p class=\"wp-block-paragraph\"><strong>Procesos electorales m\u00e1s eficientes<\/strong><\/p>\n\n\n\n<p class=\"wp-block-paragraph\">\u201cEsta reuni\u00f3n es muy importante para evaluar lo que ha pasado, los procesos 2023 y la elecci\u00f3n m\u00e1s grande de la historia en 2024\u201d, refiri\u00f3 la Consejera Carla Humphrey Jord\u00e1n, al subrayar la importancia de tener procesos electorales m\u00e1s eficientes, abatir costos y donde todas las y los ciudadanos puedan ejercer sus derechos pol\u00edtico-electorales.<\/p>\n\n\n\n<p class=\"wp-block-paragraph\">Refiri\u00f3 los retos a los que se ha enfrentado el INE como organizar elecciones en pandemia; la primer Consulta Popular a nivel nacional y la Revocaci\u00f3n de Mandato \u201ces importante aprender de estos procesos, no s\u00f3lo porque no tuvimos recursos, sino que tuvimos que ser muy creativos porque no ten\u00edamos el marco legal adecuado para llevarlo a cabo\u201d.<\/p>\n\n\n\n<p class=\"wp-block-paragraph\"><strong>INE instituci\u00f3n con alto prestigio y el mayor \u00edndice de confianza<\/strong><\/p>\n\n\n\n<p class=\"wp-block-paragraph\">El Consejero Mart\u00edn Faz Mora gradeci\u00f3 el ambiente de compromiso y el trabajo que se ha venido realizando en las juntas locales y distritales que han colocado al INE como una de las instituciones con alto prestigio y como la instituci\u00f3n civil del Estado mexicano con el mayor \u00edndice de confianza.<\/p>\n\n\n\n<p class=\"wp-block-paragraph\">Apunt\u00f3 los escenarios que vienen para el Instituto, como una posible reforma electoral, el presupuesto 2023 y la designaci\u00f3n de cuatro consejeros electorales en abril pr\u00f3ximo, \u201ctenemos que seguir haciendo lo que ustedes y sus equipos saben hacer y un ejemplo es esta reuni\u00f3n para ver en perspectiva c\u00f3mo debemos seguir trabajando y planeando\u201d, agreg\u00f3.<\/p>\n\n\n\n<p class=\"wp-block-paragraph\"><strong>No depende de los juegos pol\u00edticos<\/strong><\/p>\n\n\n\n<p class=\"wp-block-paragraph\">\u201cNo podemos depender de los juegos pol\u00edticos de los legisladores y de las distintas fuerzas pol\u00edticas, tenemos que hacer nuestro trabajo con independencia de qui\u00e9n est\u00e9 gobernando\u201d, a\u00f1adi\u00f3 la Consejera Adriana Favela Herrera.<\/p>\n\n\n\n<p class=\"wp-block-paragraph\">Confi\u00f3 en que el personal de las juntas locales y distritales seguir\u00e1n laborando con profesionalismo, compromiso y sentido democr\u00e1tico mostrado hasta ahora, independiente de los cambios de consejeros y de los retos a los que se enfrenta la instituci\u00f3n.<\/p>\n\n\n\n<p class=\"wp-block-paragraph\"><strong>La fortaleza del INE es su servicio profesional y profesionalismo<\/strong><\/p>\n\n\n\n<p class=\"wp-block-paragraph\">\u201cEstamos en un momento muy delicado, donde los pilares fundamentales del acuerdo democr\u00e1tico pueden ser fracturados, no s\u00f3lo por revertir logros en materia de federalismo y separaci\u00f3n de poderes, sino atentando contra la independencia y profesionalismo de la autoridad electoral\u201d, anticip\u00f3 el Consejero Ciro Murayama Rend\u00f3n.<\/p>\n\n\n\n<p class=\"wp-block-paragraph\">Empero, dijo a las y los vocales ejecutivos que son la cabeza de la instituci\u00f3n en cada una de las entidades, pero tambi\u00e9n \u201cson la cara pol\u00edtica del INE frente a los partidos pol\u00edticos, los gobierno y la sociedad\u201d, que ante retos pol\u00edticos a los que se enfrenta \u201csu mayor fortaleza es su Servicio Profesional Electoral y su profesionalismo, en ustedes y en los equipos que encabezan, M\u00e9xico tiene su principal bal\u00f3n de ox\u00edgeno democr\u00e1tico\u201d.<\/p>\n\n\n\n<p class=\"wp-block-paragraph\"><strong>Profesionales de las elecciones con ruta marcada en la ley<\/strong><\/p>\n\n\n\n<p class=\"wp-block-paragraph\">El Consejero Jaime Rivera Vel\u00e1zquez extern\u00f3 su confianza a las y los trabajadores de las juntas locales y ejecutivas del INE a quienes reconoci\u00f3 la amplia experiencia y solidez profesional e institucional demostrada en los hechos, con elecciones bien organizadas, equitativas, con resultados aut\u00e9nticos y transparentes a prueba de descalificaciones.<\/p>\n\n\n\n<p class=\"wp-block-paragraph\">Por ello, record\u00f3 a los que llam\u00f3 profesionales de las elecciones que, aunque a veces navegan en aguas turbulentas, tienen rutas muy claras y \u201cnuestra carta de navegaci\u00f3n es la ley minuciosa, exigente, que deja poco margen a la discrecionalidad, lo que impone un alto nivel de cumplimiento\u201d, pues les dijo que quien las incumplen tienen consecuencias graves.<\/p>\n\n\n\n<p class=\"wp-block-paragraph\">En su intervenci\u00f3n, el Secretario Ejecutivo, Edmundo Jacobo Molina explic\u00f3 que los temas que se analizaron durante la reuni\u00f3n fueron la organizaci\u00f3n de las elecciones de Coahuila y Estado de M\u00e9xico; la ruta de trabajo para las elecciones 2024; el Certamen Interno; la Distritaci\u00f3n Federal 2022; el cierre presupuestal; transparencia y temas de administraci\u00f3n, entre otros.<\/p>\n","protected":false},"excerpt":{"rendered":"<p>Reuni\u00f3n Nacional de an\u00e1lisis y retos de cara al Proceso Electoral 2023-2024<\/p>\n","protected":false},"author":3,"featured_media":56398,"comment_status":"open","ping_status":"open","sticky":false,"template":"","format":"standard","meta":{"_monsterinsights_skip_tracking":false,"footnotes":""},"categories":[693,51],"tags":[],"class_list":["post-56397","post","type-post","status-publish","format-standard","has-post-thumbnail","category-693","category-ejecutivo"],"_links":{"self":[{"href":"https:\/\/redsemlac.com\/semmexico\/wp-json\/wp\/v2\/posts\/56397","targetHints":{"allow":["GET"]}}],"collection":[{"href":"https:\/\/redsemlac.com\/semmexico\/wp-json\/wp\/v2\/posts"}],"about":[{"href":"https:\/\/redsemlac.com\/semmexico\/wp-json\/wp\/v2\/types\/post"}],"author":[{"embeddable":true,"href":"https:\/\/redsemlac.com\/semmexico\/wp-json\/wp\/v2\/users\/3"}],"replies":[{"embeddable":true,"href":"https:\/\/redsemlac.com\/semmexico\/wp-json\/wp\/v2\/comments?post=56397"}],"version-history":[{"count":0,"href":"https:\/\/redsemlac.com\/semmexico\/wp-json\/wp\/v2\/posts\/56397\/revisions"}],"wp:featuredmedia":[{"embeddable":true,"href":"https:\/\/redsemlac.com\/semmexico\/wp-json\/wp\/v2\/media\/56398"}],"wp:attachment":[{"href":"https:\/\/redsemlac.com\/semmexico\/wp-json\/wp\/v2\/media?parent=56397"}],"wp:term":[{"taxonomy":"category","embeddable":true,"href":"https:\/\/redsemlac.com\/semmexico\/wp-json\/wp\/v2\/categories?post=56397"},{"taxonomy":"post_tag","embeddable":true,"href":"https:\/\/redsemlac.com\/semmexico\/wp-json\/wp\/v2\/tags?post=56397"}],"curies":[{"name":"wp","href":"https:\/\/api.w.org\/{rel}","templated":true}]}}