{"id":56392,"date":"2022-09-24T09:03:58","date_gmt":"2022-09-24T15:03:58","guid":{"rendered":"https:\/\/redsemlac.com\/semmexico\/?p=56392"},"modified":"2023-07-21T19:16:22","modified_gmt":"2023-07-22T00:16:22","slug":"obra-teatral-apuesta-por-paternidades-responsables-en-cuba","status":"publish","type":"post","link":"https:\/\/redsemlac.com\/semmexico\/obra-teatral-apuesta-por-paternidades-responsables-en-cuba\/","title":{"rendered":"Obra teatral apuesta por paternidades responsables en Cuba"},"content":{"rendered":"\n<p class=\"wp-block-paragraph\"><strong>\u201cEl pap\u00e1 vendedor\u201d es un mon\u00f3logo que cuestiona estereotipos relativos a las paternidades.<\/strong><\/p>\n\n\n\n<p class=\"wp-block-paragraph\"><a href=\"https:\/\/www.ipscuba.net\/author\/redaccion\/\" target=\"_blank\" rel=\"noreferrer noopener\">Redacci\u00f3n<\/a><\/p>\n\n\n\n<p class=\"wp-block-paragraph\">SemM\u00e9xico\/IPS, La Habana, Cuba, 24 de septiembre, 2022.- El mon\u00f3logo \u201cEl pap\u00e1 vendedor\u201d, una de las acciones de la campa\u00f1a Padre desde el principio, de la oficina en Cuba del Fondo de las Naciones Unidas para la Infancia (Unicef, por siglas en ingl\u00e9s), podr\u00e1 ser vista en diferentes lugares de esta capital.<\/p>\n\n\n\n<p class=\"wp-block-paragraph\">De acuerdo a la intenci\u00f3n de promover el intercambio en espacios p\u00fablicos, se organiza en estos momentos una gira de presentaciones de la obra en el Estadio Latinoamericano, el centro comercial Carlos III y otros, anuncia el actor y dramaturgo Alberto Corona.<\/p>\n\n\n\n<p class=\"wp-block-paragraph\">Seg\u00fan el creador del mon\u00f3logo, junto a su colega y pareja Liliana Lam, la iniciativa result\u00f3 de la articulaci\u00f3n con la Red Iberoamericana y Africana de Masculinidades (RIAM). El texto cuestiona algunos de los principales estereotipos y mitos asociados al ejercicio de la paternidad, desde el humor y la improvisaci\u00f3n actoral, explica.<\/p>\n\n\n\n<p class=\"wp-block-paragraph\">\u201cSu objetivo es promover el debate y sensibilizar sobre la importancia de ser padre desde el principio\u201d, advierte Corona. \u00c9l y Lam, padre y madre de Luc\u00eda y Lena, promueven la equidad de g\u00e9nero desde diversos proyectos y experiencias profesionales.<\/p>\n\n\n\n<p class=\"wp-block-paragraph\">Para el artista, el mon\u00f3logo refleja en gran medida su vida y el ejercicio de su paternidad: \u201clos primeros ultrasonidos a los que asist\u00ed y la interacci\u00f3n con las dem\u00e1s embarazadas que estaban all\u00ed, c\u00f3mo recib\u00ed a mi hija Luc\u00eda en el parto, c\u00f3mo la dorm\u00eda en las noches y c\u00f3mo se fue transformando tambi\u00e9n mi machismo intr\u00ednseco, aprendido desde mi propia crianza\u201d, detalla.<\/p>\n\n\n\n<p class=\"wp-block-paragraph\">Tambi\u00e9n, agrega, tiene un componente de ficci\u00f3n, \u201cdado por el desempe\u00f1o actoral y por el enfoque jocoso y divertido que le queremos dar. Aunque hay una idea central, se puede transformar a partir de la puesta en escena, depende mucho del p\u00fablico y de la interacci\u00f3n con \u00e9l\u201d, valora.<\/p>\n\n\n\n<p class=\"wp-block-paragraph\"><strong>Arte en funci\u00f3n de la equidad<\/strong><\/p>\n\n\n\n<p class=\"wp-block-paragraph\">Corona asegura que el arte debe tener una funci\u00f3n social. En su mon\u00f3logo, \u201ca partir de la diversi\u00f3n, hay una especie de ense\u00f1anza intr\u00ednseca y con esta iniciativa lo experimento plenamente\u201d, refiere.<\/p>\n\n\n\n<p class=\"wp-block-paragraph\">Adem\u00e1s, apunta: \u201cTengo un objetivo claro: sensibilizar, viabilizar y demostrar que una paternidad responsable te puede hacer mucho m\u00e1s feliz, y este tipo de espect\u00e1culo resulta ideal para ello\u201d.<\/p>\n\n\n\n<p class=\"wp-block-paragraph\">Resalta el actor que \u201cla primera presentaci\u00f3n de la obra tuvo un p\u00fablico integrado mayormente por mujeres que se sintieron muy identificadas con todo lo que plantea el texto. La l\u00ednea dramat\u00fargica se va transformando a partir de las reacciones del p\u00fablico, por lo tanto, ese es un componente fundamental\u201d.<\/p>\n\n\n\n<p class=\"wp-block-paragraph\">De acuerdo con Corona, las expectativas fundamentales est\u00e1n ahora en la reacci\u00f3n de los hombres, que son el p\u00fablico principal.<\/p>\n\n\n\n<p class=\"wp-block-paragraph\">Desde su punto de vista, el mon\u00f3logo funciona como antesala y es un motor relajante para entrar en el tema de las masculinidades y paternidades. \u201cEs una manera de preparar a ese p\u00fablico que va a aportar sus ideas y experiencias, para mejorar la realidad de las familias desde el debate\u201d.<\/p>\n\n\n\n<p class=\"wp-block-paragraph\"><strong>Padre desde el principio<\/strong><\/p>\n\n\n\n<p class=\"wp-block-paragraph\">Corona se considera un padre desde el principio y reconoce que, en el ejercicio de su paternidad, tiene la posibilidad de deconstruir su masculinidad.<\/p>\n\n\n\n<p class=\"wp-block-paragraph\">\u201cDisfruto mucho mi paternidad, me hace sentir mejor hombre y mejor persona. Para ser padre no se estudia, ni hay una gu\u00eda de c\u00f3mo hacerlo. Uno se deja llevar por las sensaciones partiendo de su crianza, sus principios y valores. El amor hacia mis hijas hace que aprenda a diario\u201d, acota.<\/p>\n\n\n\n<p class=\"wp-block-paragraph\">De igual modo, subraya que ejercer una paternidad responsable y desde el principio genera amor y felicidad. \u201cLos modelos de paternidad machista y hegem\u00f3nica no permiten disfrutar de las sensaciones y detalles propios del v\u00ednculo cercano con nuestros hijos\u201d, considera.<\/p>\n\n\n\n<p class=\"wp-block-paragraph\">\u201cYo he podido comparar mis vivencias desde ni\u00f1o, como hijo, con mi experiencia como padre. Justamente por eso, entiendo que dedicarles tiempo, esfuerzos y cari\u00f1o a Luc\u00eda y a Lena es el sentido de mi vida\u201d. (2022)<\/p>\n","protected":false},"excerpt":{"rendered":"<p>\u201cEl pap\u00e1 vendedor\u201d es un mon\u00f3logo que cuestiona estereotipos relativos a las paternidades.<\/p>\n","protected":false},"author":3,"featured_media":56393,"comment_status":"open","ping_status":"open","sticky":false,"template":"","format":"standard","meta":{"_monsterinsights_skip_tracking":false,"footnotes":""},"categories":[693,53],"tags":[],"class_list":["post-56392","post","type-post","status-publish","format-standard","has-post-thumbnail","category-693","category-internacional"],"_links":{"self":[{"href":"https:\/\/redsemlac.com\/semmexico\/wp-json\/wp\/v2\/posts\/56392","targetHints":{"allow":["GET"]}}],"collection":[{"href":"https:\/\/redsemlac.com\/semmexico\/wp-json\/wp\/v2\/posts"}],"about":[{"href":"https:\/\/redsemlac.com\/semmexico\/wp-json\/wp\/v2\/types\/post"}],"author":[{"embeddable":true,"href":"https:\/\/redsemlac.com\/semmexico\/wp-json\/wp\/v2\/users\/3"}],"replies":[{"embeddable":true,"href":"https:\/\/redsemlac.com\/semmexico\/wp-json\/wp\/v2\/comments?post=56392"}],"version-history":[{"count":0,"href":"https:\/\/redsemlac.com\/semmexico\/wp-json\/wp\/v2\/posts\/56392\/revisions"}],"wp:featuredmedia":[{"embeddable":true,"href":"https:\/\/redsemlac.com\/semmexico\/wp-json\/wp\/v2\/media\/56393"}],"wp:attachment":[{"href":"https:\/\/redsemlac.com\/semmexico\/wp-json\/wp\/v2\/media?parent=56392"}],"wp:term":[{"taxonomy":"category","embeddable":true,"href":"https:\/\/redsemlac.com\/semmexico\/wp-json\/wp\/v2\/categories?post=56392"},{"taxonomy":"post_tag","embeddable":true,"href":"https:\/\/redsemlac.com\/semmexico\/wp-json\/wp\/v2\/tags?post=56392"}],"curies":[{"name":"wp","href":"https:\/\/api.w.org\/{rel}","templated":true}]}}