{"id":56388,"date":"2022-09-24T08:57:39","date_gmt":"2022-09-24T14:57:39","guid":{"rendered":"https:\/\/redsemlac.com\/semmexico\/?p=56388"},"modified":"2023-07-21T19:16:22","modified_gmt":"2023-07-22T00:16:22","slug":"innovador-cubano-se-alia-con-el-sol-para-modelar-espacio-sostenible","status":"publish","type":"post","link":"https:\/\/redsemlac.com\/semmexico\/innovador-cubano-se-alia-con-el-sol-para-modelar-espacio-sostenible\/","title":{"rendered":"Innovador cubano se al\u00eda con el sol para modelar espacio sostenible"},"content":{"rendered":"\n<p class=\"wp-block-paragraph\"><strong>Se trata de un emprendimiento aut\u00f3nomo en una vivienda habanera ubicada en el municipio de Regla, uno de los 15 que conforman la capital de Cuba.<\/strong><\/p>\n\n\n\n<p class=\"wp-block-paragraph\"><a href=\"https:\/\/www.ipscuba.net\/author\/luis-brizuela\/\" target=\"_blank\" rel=\"noreferrer noopener\">Luis Brizuela<\/a><\/p>\n\n\n\n<p class=\"wp-block-paragraph\">SemM\u00e9xico, La Habana, Cuba, 24 de septiembre, 2022.-&nbsp; Despu\u00e9s de modelar un calentador, instalar paneles fotovoltaicos y componer un dispositivo para deshidratar alimentos con ayuda del sol, F\u00e9lix Morffi prepara su vivienda como un espacio para la producci\u00f3n y promoci\u00f3n de las energ\u00edas renovables en Cuba.<\/p>\n\n\n\n<p class=\"wp-block-paragraph\">Con dos tanques, cristal, l\u00e1minas de aluminio, adem\u00e1s de bloques, arena y cemento para la instalaci\u00f3n, este jubilado de 84 a\u00f1os cre\u00f3, en 2006, el calentador solar que satisface las necesidades dom\u00e9sticas y muestra con orgullo.<\/p>\n\n\n\n<p class=\"wp-block-paragraph\">\u201cLo construyes hoy y ma\u00f1ana tienes agua caliente; lo puede hacer cualquiera, y si tiene un poco de asesor\u00eda, mejor\u201d, enfatiz\u00f3 el otrora t\u00e9cnico medio en reparaci\u00f3n de maquinarias y herramientas.<\/p>\n\n\n\n<p class=\"wp-block-paragraph\">Un im\u00e1n trata magn\u00e9ticamente el agua mediante un sistema que la purifica y deja apta para el consumo humano, sin gastos adicionales de energ\u00eda.<\/p>\n\n\n\n<p class=\"wp-block-paragraph\">Tambi\u00e9n en el techo de la vivienda, un grupo de 16 paneles fotovoltaicos importados en 2019 aporta cinco kilovatios de potencia (kWp) y respalda las labores del peque\u00f1o taller de reparaci\u00f3n automotriz para empresas estatales y particulares.<\/p>\n\n\n\n<p class=\"wp-block-paragraph\">Se trata del emprendimiento aut\u00f3nomo que impulsa Morffi en una parte del terreno de la casa, ubicada en el municipio de Regla, uno de los 15 que conforman La Habana.<\/p>\n\n\n\n<p class=\"wp-block-paragraph\">Adem\u00e1s de cubrir las necesidades hogare\u00f1as, el excedente de electricidad es aportado al Sistema Electroenerg\u00e9tico Nacional (SEN).<\/p>\n\n\n\n<p class=\"wp-block-paragraph\"><strong><em>\u201cEstamos dispuestos a asesorar a cualquier persona que quiera montar paneles, calentadores o secadores solares, todo lo inherente a las energ\u00edas renovables. Tenemos conocimiento, experiencia y podemos aportar\u201d: F\u00e9lix Morffi.<\/em><\/strong><\/p>\n\n\n\n<p class=\"wp-block-paragraph\">Por esa inyecci\u00f3n de energ\u00eda y como parte de un contrato, de la&nbsp;<a href=\"https:\/\/www.unionelectrica.cu\/\" target=\"_blank\" rel=\"noreferrer noopener\">Uni\u00f3n El\u00e9ctrica<\/a>&nbsp;de Cuba, perteneciente al Ministerio de Energ\u00eda y Minas, \u201crecibimos como promedio mensual algo m\u00e1s de 2000 pesos (unos 83 d\u00f3lares, a la tasa oficial), m\u00e1s o menos el monto de lo que pagamos por nuestro consumo en el periodo\u201d, compar\u00f3 Morffi en entrevista con IPS en su vivienda.<\/p>\n\n\n\n<p class=\"wp-block-paragraph\">No obstante, considera que la tarifa de 12,5 centavos de d\u00f3lar por cada kilovatio (Kv) de energ\u00eda entregada al SEN pudiera incrementarse si se desea que m\u00e1s personas aporten con esta fuente.<\/p>\n\n\n\n<p class=\"wp-block-paragraph\">Desde 2014, Cuba dispone de la Pol\u00edtica para el desarrollo perspectivo de las fuentes renovables de energ\u00eda y su uso eficiente, y en 2019, el decreto ley 345 estableci\u00f3 regulaciones para aumentar la participaci\u00f3n en la generaci\u00f3n de electricidad y disminuir progresivamente la de los combustibles f\u00f3siles.<\/p>\n\n\n\n<p class=\"wp-block-paragraph\">Se han sumado normas como la que exime del pago de impuestos sobre utilidades durante ocho a\u00f1os a empresas extranjeras que ejecuten proyectos de generaci\u00f3n de electricidad con m\u00e9todos sostenibles.<\/p>\n\n\n\n<p class=\"wp-block-paragraph\">Otras decisiones buscan incentivar el autoabastecimiento mediante la generaci\u00f3n descentralizada con la venta de excedentes al SEN, as\u00ed como exenciones arancelarias para importar sin fines comerciales sistemas fotovoltaicos, sus partes y piezas.<\/p>\n\n\n\n<p class=\"wp-block-paragraph\"><strong>Potencial solar<\/strong><\/p>\n\n\n\n<p class=\"wp-block-paragraph\">Seg\u00fan varios estudios, Cuba recibe una radiaci\u00f3n solar promedio de m\u00e1s de cinco kilowatts por metro cuadrado al d\u00eda, considerada alta y con enormes potencialidades en este archipi\u00e9lago de m\u00e1s de 110 800 kil\u00f3metros cuadrados y una media anual de 330 d\u00edas soleados.<\/p>\n\n\n\n<p class=\"wp-block-paragraph\">Hasta fines de 2021 se invirtieron unos 500 millones de d\u00f3lares en ampliar el aporte de las fuentes solar fotovoltaica, e\u00f3lica, biomasa e hidroel\u00e9ctrica, de acuerdo con datos del&nbsp;<a href=\"https:\/\/www.presidencia.gob.cu\/es\/gobierno\/instituciones\/ministerio-de-energia-y-minas\/\" target=\"_blank\" rel=\"noreferrer noopener\">Ministerio de Energ\u00eda y Minas<\/a>.<\/p>\n\n\n\n<p class=\"wp-block-paragraph\">El programa fotovoltaico aparece como el m\u00e1s adelantado y con mejores oportunidades de crecimiento.<\/p>\n\n\n\n<p class=\"wp-block-paragraph\">Los parques solares fotovoltaicos instalados en el pa\u00eds aportan 238 megavatios, m\u00e1s de 75 % de la energ\u00eda renovable que se produce localmente.<\/p>\n\n\n\n<p class=\"wp-block-paragraph\">Asimismo, m\u00e1s de 160 000 viviendas de los 3,9 millones de la naci\u00f3n, sobre todo en zonas monta\u00f1osas y de dif\u00edcil acceso, reciben electricidad mediante m\u00f3dulos solares fotovoltaicos, muestran las estad\u00edsticas.<\/p>\n\n\n\n<p class=\"wp-block-paragraph\">Pero las fuentes limpias apenas significan 5 % de la generaci\u00f3n el\u00e9ctrica en la isla, un panorama que las autoridades quieren transformar radicalmente, con una ambiciosa meta que propone 37 % de participaci\u00f3n para 2030.<\/p>\n\n\n\n<p class=\"wp-block-paragraph\">Resulta un asunto de seguridad nacional la modificaci\u00f3n sustancial de la matriz energ\u00e9tica en Cuba, muy dependiente de la importaci\u00f3n de combustibles f\u00f3siles y golpeada por c\u00edclicos d\u00e9ficits energ\u00e9ticos.<\/p>\n\n\n\n<p class=\"wp-block-paragraph\">La isla atraviesa una crisis de generaci\u00f3n con apagones de hasta 12 horas o m\u00e1s en algunos territorios, ante el deterioro de la red de 20 bloques de generaci\u00f3n termoel\u00e9ctrica con un promedio de explotaci\u00f3n de 30 a\u00f1os y urgidos de frecuentes reparaciones.<\/p>\n\n\n\n<p class=\"wp-block-paragraph\">A ello se suma el aumento del precio internacional del di\u00e9sel y el fueloil, as\u00ed como el d\u00e9ficit de piezas para mantener operativos en los 168 municipios cubanos los motores y&nbsp;grupos electr\u00f3genos alimentados con estos carburantes.<\/p>\n\n\n\n<p class=\"wp-block-paragraph\"><strong>Frenos<\/strong><\/p>\n\n\n\n<p class=\"wp-block-paragraph\">Autoridades gubernamentales se\u00f1alan el embargo de Estados Unidos como un factor de freno al crecimiento de las energ\u00edas renovables, y lo responsabilizan de desestimular a posibles inversionistas y obstaculizar la compra de componentes y tecnolog\u00edas modernas.<\/p>\n\n\n\n<p class=\"wp-block-paragraph\">Por otra parte, la inflaci\u00f3n, la dolarizaci\u00f3n parcial de la econom\u00eda y el agudo desabastecimiento de art\u00edculos de primera necesidad, incluidos los alimentos, deja a la mayor\u00eda de las familias sin muchas opciones de apostar por la producci\u00f3n aut\u00f3noma de energ\u00eda limpia, aun cuando reconozcan su positivo impacto ambiental.<\/p>\n\n\n\n<p class=\"wp-block-paragraph\">Una de las empresas estatales facultadas comercializa y monta sistemas de paneles solares de 1,0 kWp por el precio equivalente a unos 2300 d\u00f3lares, en un pa\u00eds con salario medio calculado en 160 d\u00f3lares, si bien es posible solicitar un cr\u00e9dito bancario para su instalaci\u00f3n.<\/p>\n\n\n\n<p class=\"wp-block-paragraph\">Ciudadanos consultados por IPS llamaron la atenci\u00f3n sobre las dificultades para acumular la energ\u00eda para su uso nocturno, durante cortes del servicio o en d\u00edas nublados o de lluvias, si se tiene en cuenta el muy elevado precio de las bater\u00edas.<\/p>\n\n\n\n<p class=\"wp-block-paragraph\">Para Morffi falta una mayor capacitaci\u00f3n del personal implicado en varios procesos, y enumer\u00f3 desde demoras de m\u00e1s de un a\u00f1o entre la firma del contrato con la Uni\u00f3n El\u00e9ctrica y el inicio del pago por los excedentes de energ\u00eda abonados al SEN, hasta \u201cincongruencia con respecto al montaje\u201d de los equipos.<\/p>\n\n\n\n<p class=\"wp-block-paragraph\">Si bien existe una pol\u00edtica nacional sobre fuentes renovables de energ\u00eda, \u201ctodav\u00eda hay mucho desconocimiento y pocos deseos de hacer las cosas, y hacerlas bien\u2026 hay que sensibilizar a la gente\u201d, argument\u00f3.<\/p>\n\n\n\n<p class=\"wp-block-paragraph\"><strong>Energ\u00edas renovables reunidas<\/strong><\/p>\n\n\n\n<p class=\"wp-block-paragraph\">Morffi cree que, a contrapelo de las condiciones econ\u00f3micas, con un poco de ingenio puede sacarse provecho de los elementos naturales, porque \u201cel sol sale para todo el mundo; el aire est\u00e1 ah\u00ed y no te cuesta nada, pero la riqueza de uno est\u00e1 en el cerebro\u201d.<\/p>\n\n\n\n<p class=\"wp-block-paragraph\">Muestra un secadero que se vale del calor del sol para deshidratar frutas, especias y tub\u00e9rculos, el cual arm\u00f3 en su mayor\u00eda con productos reciclados como recortes de madera, nylon, acr\u00edlico y planchas de aluminio.<\/p>\n\n\n\n<p class=\"wp-block-paragraph\">Otros equipos s\u00ed llevar\u00e1n una importante inversi\u00f3n como la de los tres peque\u00f1os aerogeneradores de 0,5 kWp cada uno que planea importar y un nuevo lote de paneles solares fotovoltaicos de 4,0 kWp, para lo cual deber\u00e1 solicitar un cr\u00e9dito bancario.<\/p>\n\n\n\n<p class=\"wp-block-paragraph\">Al fondo de la vivienda, un peque\u00f1o panel fotovoltaico mantiene el flujo de agua de un pozo para aves dom\u00e9sticas y el estanque artificial donde serpentean variedades de peces ornamentales, adem\u00e1s de tilapias para el consumo familiar.<\/p>\n\n\n\n<p class=\"wp-block-paragraph\">En el terreno tambi\u00e9n se encuentra avanzada la construcci\u00f3n de un peque\u00f1o biodigestor, de unos cuatro metros c\u00fabicos, con el objetivo de aprovechar para la cocci\u00f3n el gas metano resultante de la descomposici\u00f3n de los excrementos de animales.<\/p>\n\n\n\n<p class=\"wp-block-paragraph\">De acuerdo con Morffi, quien gestiona estas actividades con el respaldo de varios miembros de la familia, su vivienda va camino a convertirse en un pol\u00edgono experimental sobre el uso de las energ\u00edas renovables.<\/p>\n\n\n\n<p class=\"wp-block-paragraph\">All\u00ed debe construirse un aula especializada, a fin de que estudiantes aprendan in situ sobre el tema.<\/p>\n\n\n\n<p class=\"wp-block-paragraph\">Por ahora en fase de dise\u00f1o y conversaciones con los posibles apoyos, este proyecto de desarrollo local pudiera incluso instalar \u201ccalentadores solares en lugares de la comunidad como el consultorio m\u00e9dico, un c\u00edrculo infantil y un comedor para personas adultas mayores\u201d, apunt\u00f3 Morffi.<\/p>\n\n\n\n<p class=\"wp-block-paragraph\">Se\u00f1al\u00f3 que la idea debe recibir respaldo de la cooperaci\u00f3n internacional, el gobierno del municipio de Regla y de la no gubernamental&nbsp;<a href=\"https:\/\/www.ecured.cu\/Cubasolar\" target=\"_blank\" rel=\"noreferrer noopener\">Cuba solar<\/a>, una sociedad dedicada a la promoci\u00f3n de fuentes renovables y el respeto ambiental, de la cual Morffi es miembro desde 2004.<\/p>\n\n\n\n<p class=\"wp-block-paragraph\">\u201cEstamos dispuestos a asesorar a cualquier persona que quiera montar paneles, calentadores o secadores solares, todo lo inherente a las energ\u00edas renovables. Tenemos conocimiento, experiencia y podemos aportar\u201d, remarc\u00f3.<\/p>\n","protected":false},"excerpt":{"rendered":"<p>Se trata de un emprendimiento aut\u00f3nomo en una vivienda habanera ubicada en el municipio de Regla, uno de los 15 que conforman la capital de Cuba.<\/p>\n","protected":false},"author":3,"featured_media":56389,"comment_status":"open","ping_status":"open","sticky":false,"template":"","format":"standard","meta":{"_monsterinsights_skip_tracking":false,"footnotes":""},"categories":[693,53],"tags":[],"class_list":["post-56388","post","type-post","status-publish","format-standard","has-post-thumbnail","category-693","category-internacional"],"_links":{"self":[{"href":"https:\/\/redsemlac.com\/semmexico\/wp-json\/wp\/v2\/posts\/56388","targetHints":{"allow":["GET"]}}],"collection":[{"href":"https:\/\/redsemlac.com\/semmexico\/wp-json\/wp\/v2\/posts"}],"about":[{"href":"https:\/\/redsemlac.com\/semmexico\/wp-json\/wp\/v2\/types\/post"}],"author":[{"embeddable":true,"href":"https:\/\/redsemlac.com\/semmexico\/wp-json\/wp\/v2\/users\/3"}],"replies":[{"embeddable":true,"href":"https:\/\/redsemlac.com\/semmexico\/wp-json\/wp\/v2\/comments?post=56388"}],"version-history":[{"count":0,"href":"https:\/\/redsemlac.com\/semmexico\/wp-json\/wp\/v2\/posts\/56388\/revisions"}],"wp:featuredmedia":[{"embeddable":true,"href":"https:\/\/redsemlac.com\/semmexico\/wp-json\/wp\/v2\/media\/56389"}],"wp:attachment":[{"href":"https:\/\/redsemlac.com\/semmexico\/wp-json\/wp\/v2\/media?parent=56388"}],"wp:term":[{"taxonomy":"category","embeddable":true,"href":"https:\/\/redsemlac.com\/semmexico\/wp-json\/wp\/v2\/categories?post=56388"},{"taxonomy":"post_tag","embeddable":true,"href":"https:\/\/redsemlac.com\/semmexico\/wp-json\/wp\/v2\/tags?post=56388"}],"curies":[{"name":"wp","href":"https:\/\/api.w.org\/{rel}","templated":true}]}}