{"id":56382,"date":"2022-09-23T14:50:17","date_gmt":"2022-09-23T20:50:17","guid":{"rendered":"https:\/\/redsemlac.com\/semmexico\/?p=56382"},"modified":"2023-07-21T19:16:22","modified_gmt":"2023-07-22T00:16:22","slug":"voz-colectiva-a-favor-de-la-democracia-y-de-las-elecciones-libres-y-justas-organismos-internacionales","status":"publish","type":"post","link":"https:\/\/redsemlac.com\/semmexico\/voz-colectiva-a-favor-de-la-democracia-y-de-las-elecciones-libres-y-justas-organismos-internacionales\/","title":{"rendered":"Voz colectiva a favor de la democracia y de las elecciones libres y justas, Organismos Internacionales"},"content":{"rendered":"\n<ul class=\"wp-block-list\"><li><strong>El crimen organizado se convierte en un factor disruptivo que atenta contra las libertades ciudadanas y el ejercicio libre de los derechos pol\u00edticos.<\/strong><\/li><li><strong>Los sistemas democr\u00e1ticos deben ser lo m\u00e1s incluyentes posible y garantizar los derechos pol\u00edticos de los diferentes grupos sociales, mujeres, j\u00f3venes y minor\u00edas marginadas como los pueblos ind\u00edgenas, las personas migrantes, las personas con capacidades diferentes, comunidades de la diversidad sexual, entre otras.<\/strong><strong><\/strong><\/li><\/ul>\n\n\n\n<p class=\"wp-block-paragraph\"><strong>Redacci\u00f3n<\/strong><\/p>\n\n\n\n<p class=\"wp-block-paragraph\">SemM\u00e9xico, Ciudad de M\u00e9xico, 23 de septiembre del 2022.- Organismos internacionales y regionales, asociaciones de autoridades electorales, organizaciones de la sociedad civil y centros de reflexi\u00f3n de todo el mundo, concluyeron la Cumbre Global de la Democracia Electoral llevada a cabo del 20 al 22 de septiembre, teniendo como anfitri\u00f3n al Instituto Nacional Electoral de M\u00e9xico, donde se desarroll\u00f3 el an\u00e1lisis exhaustivo de los nuevos retos y riesgos que enfrentan actualmente las democracias representativas. As\u00ed como la identificaci\u00f3n de propuestas e iniciativas que permitan hacerles frente de manera efectiva.<\/p>\n\n\n\n<p class=\"wp-block-paragraph\">Dirigida por foros regionales en \u00c1frica, Am\u00e9rica, Asia, Europa y el Medio Oriente (mundo \u00e1rabe), que se llevaron a cabo entre junio y agosto, la Cumbre Global de la Democracia Electoral finaliz\u00f3 este 22 de septiembre.<\/p>\n\n\n\n<p class=\"wp-block-paragraph\">\u201cOrganismos internacionales y autoridades electorales coincidieron en la urgencia de construir una alianza para defender y detener el deterioro de la integridad electoral, el acoso de las autoridades a cargo de la organizaci\u00f3n de las elecciones y atajar el uso de la polarizaci\u00f3n como estrategia pol\u00edtica\u201d, precis\u00f3 el consejero presidente del Instituto Nacional Electoral (INE), Lorenzo C\u00f3rdova Vianello.<\/p>\n\n\n\n<p class=\"wp-block-paragraph\">\u201cSus voces han resonado con claridad y fuerza. Estoy seguro de que nuestra voz colectiva a favor de la democracia, de las elecciones libres y justas ser\u00e1 la anticipaci\u00f3n de acciones firmes y conjuntas que habremos de impulsar muy pronto en todos los rincones del planeta\u201d, anticip\u00f3.<\/p>\n\n\n\n<p class=\"wp-block-paragraph\">Lorenzo C\u00f3rdova enfatiz\u00f3 la importancia de la defensa de la autonom\u00eda de los \u00f3rganos electorales frente a empe\u00f1os por vulnerarla.<\/p>\n\n\n\n<p class=\"wp-block-paragraph\">\u201cDesde todas las regiones y desde distintos contextos, se ha enfatizado en que la imparcialidad y la independencia de los organismos electorales son componentes fundamentales para preservar y fortalecer el orden democr\u00e1tico. De dicha independencia frente al poder pol\u00edtico depende en gran medida el pleno ejercicio de los derechos pol\u00edticos y la integridad de las elecciones\u201d, subray\u00f3.<\/p>\n\n\n\n<p class=\"wp-block-paragraph\">El Presidente del INE destac\u00f3 que a&nbsp; partir de foros celebrados en \u00c1frica, Am\u00e9rica, Asia, Europa y la Regi\u00f3n \u00c1rabe se enfatiz\u00f3 la relevancia de comprender la dimensi\u00f3n y alcance de los agudos desaf\u00edos que enfrentan las democracias en todo el mundo y la urgencia de&nbsp; construir alianzas para defender y detener&nbsp; el deterioro de la integridad electoral, la independencia y la autonom\u00eda de los organismos electorales, que es un elemento clave de la confianza ciudadana, pero tambi\u00e9n en las elecciones y atajar el uso de la polarizaci\u00f3n como estrategia pol\u00edtica.<\/p>\n\n\n\n<p class=\"wp-block-paragraph\">Con la Cumbre, se\u00f1al\u00f3, termina un periodo de reflexi\u00f3n y an\u00e1lisis. \u201cHoy damos los primeros pasos de una nueva agenda global conjunta en defensa y promoci\u00f3n de la democracia electoral en todas las regiones del planeta. Se trata de que construyamos mecanismos de cooperaci\u00f3n a\u00fan m\u00e1s efectivos y oportunos, de los que ahora hasta ahora hemos logrado\u201d, dijo.<\/p>\n\n\n\n<p class=\"wp-block-paragraph\">Asimismo, Lorenzo C\u00f3rdova se refiri\u00f3 al amplio consenso sobre lo cr\u00edtico que es para la salud de las democracias impulsar con mayor fuerza iniciativas de educaci\u00f3n para la democracia dentro y fuera de las escuelas utilizando las tecnolog\u00edas y m\u00e9todos innovadores.<\/p>\n\n\n\n<p class=\"wp-block-paragraph\">\u201cLas elecciones libres y justas y transparentes sustentadas en procesos deliberativos, plurales, tolerantes a las leg\u00edtimas diferencias que existen en nuestras sociedades, exigen de pr\u00e1cticas ciudadanas cotidianas que evolucionen una cultura c\u00edvica extendida\u201d, apunt\u00f3.<\/p>\n\n\n\n<p class=\"wp-block-paragraph\">Otro punto de coincidencia, agreg\u00f3, es lograr una efectiva paridad de g\u00e9nero en la participaci\u00f3n y representaci\u00f3n pol\u00edtica; prevenir, combatir y erradicar la violencia pol\u00edtica de g\u00e9nero; facilitar los canales de participaci\u00f3n pol\u00edtica a grupos sociales tradicionalmente excluidos y combatir la desinformaci\u00f3n y las noticias falsas.<\/p>\n\n\n\n<p class=\"wp-block-paragraph\">Anunci\u00f3 que las instituciones y organizaciones que participaron en la Cumbre Global de la Democracia Electoral se volver\u00e1n a reunir idealmente el pr\u00f3ximo a\u00f1o, a fin de hacer un balance de los desaf\u00edos y las alternativas de soluci\u00f3n identificados, sumar m\u00e1s voces para enriquecer no s\u00f3lo los diagn\u00f3sticos, sino tambi\u00e9n las posibles soluciones y, sobre todo, para ampliar la alianza en defensa de la democracia.<\/p>\n\n\n\n<p class=\"wp-block-paragraph\">La Cumbre llega en un momento crucial para las elecciones en el mundo, pues ante progresos en materia electoral, hay riesgos para esta actividad provenientes de reg\u00edmenes autoritarios, lo que implica blindar y proteger la autonom\u00eda de las autoridades electorales en la regi\u00f3n, alert\u00f3 el secretario general de IDEA Internacional, Kevin Casas.<\/p>\n\n\n\n<p class=\"wp-block-paragraph\">\u201cEs un momento cr\u00edtico para las elecciones, pero tambi\u00e9n es un momento que nos convoca a proteger y a fortalecer la independencia y la credibilidad de las autoridades electorales y que nos convoca a continuar con el camino de innovaci\u00f3n para hacer cada vez m\u00e1s f\u00e1cil el ejercicio del sufragio, m\u00e1s transparente el conteo de los votos y para hacer m\u00e1s eficaz en los mecanismos para resolver los inevitables conflictos que emergen durante el proceso electoral\u201d, puntualiz\u00f3.<\/p>\n\n\n\n<p class=\"wp-block-paragraph\">\u201cHemos visto en los \u00faltimos a\u00f1os un esfuerzo deliberado por parte de sistemas pol\u00edticos autoritarios por subvertir la credibilidad de las elecciones y eso ha pasado de diferentes maneras, en algunos casos, a trav\u00e9s de los ataques pol\u00edticos deliberados a organismos electorales que, como el INE y como el Tribunal Superior Electoral de Brasil, tienen una larga y distinguida trayectoria\u201d.<\/p>\n\n\n\n<p class=\"wp-block-paragraph\">Los proyectos autoritarios, contin\u00fao, \u201catacan siempre los controles sobre el ejercicio del poder, atacan a los poderes judiciales independientes, atacan a la prensa libre, y atacan a las autoridades electorales cre\u00edbles, porque en \u00faltima instancia, las elecciones libres son el control m\u00e1s importante sobre el ejercicio del poder\u201d.<\/p>\n\n\n\n<p class=\"wp-block-paragraph\">Casas mencion\u00f3 que estos ataques se registran en un momento de progreso en el esfuerzo de construir elecciones, autoridades electorales y procesos electorales cre\u00edbles y robustos, \u201ces el logro m\u00e1s importante del proceso de construcci\u00f3n democr\u00e1tica en Am\u00e9rica Latina en los \u00faltimos 40 a\u00f1os\u201d, afirm\u00f3.<\/p>\n\n\n\n<p class=\"wp-block-paragraph\">\u201cHemos fallado en otras cosas de la construcci\u00f3n democr\u00e1tica, pero en materia electoral, el avance de la regi\u00f3n ha sido simplemente impresionante y ese logro hay que protegerlo a toda costa\u201d, consider\u00f3.<\/p>\n\n\n\n<p class=\"wp-block-paragraph\">Las organizaciones promoventes de la Cumbre Global de la Democracia Electoral coincidieron en la importancia de darle continuidad a este esfuerzo de reflexi\u00f3n, an\u00e1lisis y propuestas para el fortalecimiento de la democracia electoral y se comprometen a realizar las consultas y gestiones necesarias para cumplir con este cometido.<\/p>\n\n\n\n<p class=\"wp-block-paragraph\">Se dieron cita 17 organismos electorales de todo el mundo e instancias multilaterales como la ONU; la OEA; la Comisi\u00f3n de Venecia del Consejo de Europa; la Fundaci\u00f3n Internacional para Sistemas Electorales (IFES); IDEA Internacional; la Fundaci\u00f3n Kofi Annan; la Asociaci\u00f3n A-Web; la Uni\u00f3n Africana; la Uni\u00f3n Interamericana de Organismos Electorales (UNIORE) y el Centro de Asesor\u00eda y Promoci\u00f3n Electoral (CAPEL).<\/p>\n\n\n\n<p class=\"wp-block-paragraph\">SEM\/MG<\/p>\n","protected":false},"excerpt":{"rendered":"<p>El crimen organizado se convierte en un factor disruptivo que atenta contra las libertades ciudadanas y el ejercicio libre de los derechos pol\u00edticos.<\/p>\n","protected":false},"author":3,"featured_media":56383,"comment_status":"open","ping_status":"open","sticky":false,"template":"","format":"standard","meta":{"_monsterinsights_skip_tracking":false,"footnotes":""},"categories":[693,51],"tags":[],"class_list":["post-56382","post","type-post","status-publish","format-standard","has-post-thumbnail","category-693","category-ejecutivo"],"_links":{"self":[{"href":"https:\/\/redsemlac.com\/semmexico\/wp-json\/wp\/v2\/posts\/56382","targetHints":{"allow":["GET"]}}],"collection":[{"href":"https:\/\/redsemlac.com\/semmexico\/wp-json\/wp\/v2\/posts"}],"about":[{"href":"https:\/\/redsemlac.com\/semmexico\/wp-json\/wp\/v2\/types\/post"}],"author":[{"embeddable":true,"href":"https:\/\/redsemlac.com\/semmexico\/wp-json\/wp\/v2\/users\/3"}],"replies":[{"embeddable":true,"href":"https:\/\/redsemlac.com\/semmexico\/wp-json\/wp\/v2\/comments?post=56382"}],"version-history":[{"count":0,"href":"https:\/\/redsemlac.com\/semmexico\/wp-json\/wp\/v2\/posts\/56382\/revisions"}],"wp:featuredmedia":[{"embeddable":true,"href":"https:\/\/redsemlac.com\/semmexico\/wp-json\/wp\/v2\/media\/56383"}],"wp:attachment":[{"href":"https:\/\/redsemlac.com\/semmexico\/wp-json\/wp\/v2\/media?parent=56382"}],"wp:term":[{"taxonomy":"category","embeddable":true,"href":"https:\/\/redsemlac.com\/semmexico\/wp-json\/wp\/v2\/categories?post=56382"},{"taxonomy":"post_tag","embeddable":true,"href":"https:\/\/redsemlac.com\/semmexico\/wp-json\/wp\/v2\/tags?post=56382"}],"curies":[{"name":"wp","href":"https:\/\/api.w.org\/{rel}","templated":true}]}}